{"id":343527,"date":"2025-08-25T19:26:13","date_gmt":"2025-08-25T19:26:13","guid":{"rendered":"https:\/\/www.europesays.com\/fr\/343527\/"},"modified":"2025-08-25T19:26:13","modified_gmt":"2025-08-25T19:26:13","slug":"psg-chevalier-un-gardien-avec-du-talent-et-des-valeurs-actualite","status":"publish","type":"post","link":"https:\/\/www.europesays.com\/fr\/343527\/","title":{"rendered":"PSG : Chevalier, un gardien avec du talent\u2026 et des valeurs &#8211; Actualite"},"content":{"rendered":"<p>Dimanche soir, une image a fait r\u00e9agir :<strong> Lucas Chevalier<\/strong>, le nouveau gardien du PSG, \u00e9tait pr\u00e9sent dans les tribunes du stade Pierre-Mauroy pour assister \u00e0 la rencontre du LOSC o\u00f9 les Dogues ont fait un coup contre Monaco avec un but d&rsquo;Olivier Giroud, 38 ans, dans les derni\u00e8res secondes. Certains ont cru bon de s\u2019en offusquer, comme si cette simple pr\u00e9sence pouvait d\u00e9clencher une pol\u00e9mique. Mais \u00e0 bien y regarder, il n\u2019y a absolument rien de surprenant ni de choquant.<\/p>\n<p>En repos, Lucas Chevalier profite de ses journ\u00e9es loin des terrains. Comme tout joueur professionnel, il est ma\u00eetre de son emploi du temps lorsqu\u2019il n\u2019est pas convoqu\u00e9. Quoi de plus naturel alors que de revenir voir son club formateur, l\u00e0 o\u00f9 tout a commenc\u00e9 pour lui ? Il n\u2019y a aucune provocation, simplement l\u2019envie d\u2019\u00eatre spectateur dans un stade qu\u2019il conna\u00eet par c\u0153ur.<\/p>\n<p>Bien au contraire, ce retour en tribune d\u00e9montre une chose : le jeune gardien n\u2019a pas oubli\u00e9 ses racines. Dans un football o\u00f9 tout va vite, o\u00f9 les carri\u00e8res s\u2019encha\u00eenent parfois sans attachement particulier, Lucas Chevalier montre une qualit\u00e9 rare : la gratitude. Le LOSC, c\u2019est le club qui l\u2019a form\u00e9, qui l\u2019a accompagn\u00e9, qui lui a ouvert les portes du haut niveau. \u00catre pr\u00e9sent ce soir-l\u00e0, c\u2019\u00e9tait une mani\u00e8re de dire merci, simplement et discr\u00e8tement.<\/p>\n<p><strong>Le LOSC dans le c\u0153ur, le PSG dans l\u2019avenir <\/strong><\/p>\n<p>Lucas Chevalier restera \u00e0 jamais li\u00e9 au LOSC. Mais d\u00e9sormais, c\u2019est bien avec le PSG qu\u2019il va \u00e9crire son histoire. Paris lui a confi\u00e9 ses cages, et il a d\u00e9j\u00e0 prouv\u00e9 qu\u2019il avait l\u2019\u00e9toffe pour s\u2019imposer. Son avenir est parisien, son pr\u00e9sent aussi. Mais son pass\u00e9, lui, restera toujours lillois. Pas de pol\u00e9mique, mais un bel exemple Alors, inutile de chercher l\u00e0 o\u00f9 il n\u2019y a rien. Plut\u00f4t que d\u2019agiter une pol\u00e9mique artificielle, saluons plut\u00f4t l\u2019attitude d\u2019un joueur qui n\u2019oublie pas d\u2019o\u00f9 il vient. \u00c0 travers ce geste, Lucas Chevalier nous rappelle qu\u2019il est possible de rester fid\u00e8le \u00e0 ses valeurs tout en avan\u00e7ant vers de nouveaux sommets. Et \u00e7a, dans le football moderne, c\u2019est une richesse pr\u00e9cieuse.<\/p>\n","protected":false},"excerpt":{"rendered":"Dimanche soir, une image a fait r\u00e9agir : Lucas Chevalier, le nouveau gardien du PSG, \u00e9tait pr\u00e9sent dans&hellip;\n","protected":false},"author":2,"featured_media":343528,"comment_status":"","ping_status":"","sticky":false,"template":"","format":"standard","meta":{"footnotes":""},"categories":[1410],"tags":[3396,38756,5244,24673,47932,1086,47934,63,47936,1011,27,8772,24671,47935,11276,1537,4564,4565,1062,25732,8453,60,11848,11478,3244,47933,17938],"class_list":{"0":"post-343527","1":"post","2":"type-post","3":"status-publish","4":"format-standard","5":"has-post-thumbnail","7":"category-football","8":"tag-avec","9":"tag-chevalier","10":"tag-club","11":"tag-envers","12":"tag-etonnees","13":"tag-etre","14":"tag-fidelite","15":"tag-football","16":"tag-formateur","17":"tag-fr","18":"tag-france","19":"tag-gardien","20":"tag-geste","21":"tag-gratitude","22":"tag-loin","23":"tag-lucas","24":"tag-mais","25":"tag-nouveau","26":"tag-polemique","27":"tag-quelques","28":"tag-reactions","29":"tag-sports","30":"tag-surtout","31":"tag-suscite","32":"tag-talent","33":"tag-traduit","34":"tag-valeurs"},"share_on_mastodon":{"url":"https:\/\/pubeurope.com\/@fr\/115091051855510494","error":""},"_links":{"self":[{"href":"https:\/\/www.europesays.com\/fr\/wp-json\/wp\/v2\/posts\/343527","targetHints":{"allow":["GET"]}}],"collection":[{"href":"https:\/\/www.europesays.com\/fr\/wp-json\/wp\/v2\/posts"}],"about":[{"href":"https:\/\/www.europesays.com\/fr\/wp-json\/wp\/v2\/types\/post"}],"author":[{"embeddable":true,"href":"https:\/\/www.europesays.com\/fr\/wp-json\/wp\/v2\/users\/2"}],"replies":[{"embeddable":true,"href":"https:\/\/www.europesays.com\/fr\/wp-json\/wp\/v2\/comments?post=343527"}],"version-history":[{"count":0,"href":"https:\/\/www.europesays.com\/fr\/wp-json\/wp\/v2\/posts\/343527\/revisions"}],"wp:featuredmedia":[{"embeddable":true,"href":"https:\/\/www.europesays.com\/fr\/wp-json\/wp\/v2\/media\/343528"}],"wp:attachment":[{"href":"https:\/\/www.europesays.com\/fr\/wp-json\/wp\/v2\/media?parent=343527"}],"wp:term":[{"taxonomy":"category","embeddable":true,"href":"https:\/\/www.europesays.com\/fr\/wp-json\/wp\/v2\/categories?post=343527"},{"taxonomy":"post_tag","embeddable":true,"href":"https:\/\/www.europesays.com\/fr\/wp-json\/wp\/v2\/tags?post=343527"}],"curies":[{"name":"wp","href":"https:\/\/api.w.org\/{rel}","templated":true}]}}