{"id":343529,"date":"2025-08-25T19:27:12","date_gmt":"2025-08-25T19:27:12","guid":{"rendered":"https:\/\/www.europesays.com\/fr\/343529\/"},"modified":"2025-08-25T19:27:12","modified_gmt":"2025-08-25T19:27:12","slug":"amandine-pellissard-agresse-a-son-travail-son-aine-leo-quitte-la-france-durgence-et-pour-de-bon","status":"publish","type":"post","link":"https:\/\/www.europesays.com\/fr\/343529\/","title":{"rendered":"Amandine Pellissard : agress\u00e9 \u00e0 son travail, son a\u00een\u00e9 L\u00e9o quitte la France d\u2019urgence et pour de bon"},"content":{"rendered":"<p><strong>Enfin de retour chez lui, aupr\u00e8s des siens, et en s\u00e9curit\u00e9<\/strong>. De quoi rassurer ses fr\u00e8res et soeurs, mais aussi et surtout ses parents, Alexandre et <a href=\"https:\/\/www.public.fr\/tag\/amandine-pellissard\" target=\"_blank\" rel=\"noopener\">Amandine Pellissard<\/a>. En effet, il y a quelques jours, <a href=\"https:\/\/www.public.fr\/exclu-public-leo-laine-damandine-pellissard-entendu-par-la-police-apres-une-terrible-agression\" target=\"_blank\" rel=\"noopener\">L\u00e9o \u00e9tait victime d\u2019une agression sur son lieu de travail<\/a> de la part de l\u2019ex-propri\u00e9taire de la maison dans laquelle sa famille r\u00e9sidait avant de s\u2019installer en Espagne.<\/p>\n<p>Face \u00e0 la situation, l\u2019ancienne candidate de <strong>\u00ab\u00a0Familles nombreuses, la vie en XXL\u00a0\u00bb<\/strong>, nous accordait une interview afin de la lumi\u00e8re sur cette affaire. Mais aussi donner quelques informations sur l\u2019\u00e9tat de sant\u00e9 de L\u00e9o et les poursuites qu\u2019il avait engag\u00e9es.\u00a0<\/p>\n<p>Le fils d&rsquo;Amandine Pellissard agress\u00e9 sur son lieu de travail<\/p>\n<p>\u00ab\u00a0L\u2019ex-propri\u00e9taire est all\u00e9 agresser L\u00e9o sur son lieu de travail de fa\u00e7on totalement gratuite et inadmissible.\u00a0<strong>L\u00e9o est all\u00e9 d\u00e9poser plainte ce matin<\/strong>, accompagn\u00e9 de sa responsable. La patronne, qui \u00e9tait pr\u00e9sente lors de l\u2019agression, va \u00eatre entendue. Il y a de nombreuses vid\u00e9os avec son, prises par les cam\u00e9ras de surveillance du magasin, et celles-ci vont \u00eatre\u00a0<strong>r\u00e9quisitionn\u00e9es par la gendarmerie<\/strong>\u00a0afin de mener les investigations n\u00e9cessaires\u00a0\u00bb, nous a confi\u00e9 Amandine Pellissard.<\/p>\n<p>La m\u00e8re de famille assurait \u00e9galement que son avocate avait \u00ab\u00a0\u00e9galement \u00e9t\u00e9 saisie\u00a0et a re\u00e7u l\u2019int\u00e9gralit\u00e9 des vid\u00e9os\u00a0\u00bb. En ce qui concerne son fils, ce dernier serait tr\u00e8s \u00ab\u00a0inquiet\u00a0\u00bb depuis quelques jours. De plus, il \u00ab\u00a0n\u2019ose plus se promener seul dans le village o\u00f9 il travaille, puisque\u00a0ce monsieur l\u2019a ouvertement menac\u00e9 de mort. Il lui a dit textuellement : &lsquo;Tu vas payer pour tes parents\u2019\u00a0\u00bb.<\/p>\n<p>Le jeune homme enfin de retour aupr\u00e8s des siens<\/p>\n<p>L\u2019homme ayant menac\u00e9 le fils d\u2019Amandine Pellissard lui a reproch\u00e9 un pr\u00e9sum\u00e9 squat et une pr\u00e9sum\u00e9e destruction de ladite maison. \u00ab\u00a0On ne sait pas trop. <strong>En tout cas, L\u00e9o avait d\u00e9j\u00e0 restitu\u00e9 les cl\u00e9s depuis quinze jours<\/strong> \u00e0 l\u2019huissier de justice et ne vivait plus sur les lieux depuis quasiment un mois\u00a0\u00bb, se d\u00e9fendait la compagne d\u2019Alexandre.<\/p>\n<p>Avant de poursuivre : \u00ab\u00a0Sachant que <strong>le propri\u00e9taire avait divulgu\u00e9 l\u2019adresse de la maison partout sur les r\u00e9seaux sociaux<\/strong>, on pense que soit, il ment, soit il a lui-m\u00eame d\u00e9t\u00e9rior\u00e9 les lieux (il a d\u00e9j\u00e0 fait cela avec d\u2019autres locataires auparavant), soit effectivement la maison a \u00e9t\u00e9 squatt\u00e9e, puisqu\u2019on rappelle quand m\u00eame qu\u2019au cours des quatre derniers mois, on a eu deux tentatives d\u2019intrusion suite \u00e0 la divulgation massive de notre adresse\u00a0\u00bb.<\/p>\n<p>Aujourd\u2019hui, L\u00e9o se trouve loin de l\u2019homme l\u2019ayant agress\u00e9. En effet, comme vient de le d\u00e9voiler<a href=\"https:\/\/www.tiktok.com\/@pelissardfamelly\/video\/7542515420784315670?_r=1&amp;_t=ZN-8zAqud9fCxq\" target=\"_blank\" rel=\"noopener\"> le compte TikTok @pelissardfamely<\/a>, le jeune homme aurait pu rejoindre sa famille en Espagne. De quoi r\u00e9jouir Amandine Pellissard.<strong> \u00ab\u00a0Le retour de l\u2019enfant prodige \u00e0 la casa. Le grand fr\u00e8re ! \u00c7a y est il est l\u00e0, il fait son timide\u00a0\u00bb<\/strong>, se r\u00e9jouit la m\u00e8re de famille dans l\u2019extrait partag\u00e9 sur les r\u00e9seaux sociaux.\u00a0<\/p>\n<p>Pour rappel, L\u00e9o n\u2019avait <strong>pas pu rejoindre tout de suite ses parents en Espagne<\/strong>. Celui-ci ayant trouv\u00e9 un travail quelques semaines seulement avant le d\u00e9m\u00e9nagement d\u2019Amandine Pellissard et du reste de sa famille.\u00a0<\/p>\n<p>      Mentionn\u00e9s dans cet article<\/p>\n<p>      Sur le m\u00eame sujet<\/p>\n<p>  <script async src=\"\/\/www.tiktok.com\/embed.js\"><\/script><\/p>\n","protected":false},"excerpt":{"rendered":"Enfin de retour chez lui, aupr\u00e8s des siens, et en s\u00e9curit\u00e9. De quoi rassurer ses fr\u00e8res et soeurs,&hellip;\n","protected":false},"author":2,"featured_media":343530,"comment_status":"","ping_status":"","sticky":false,"template":"","format":"standard","meta":{"footnotes":""},"categories":[1359],"tags":[1120,17756,58,59,123,1011,27,973],"class_list":{"0":"post-343529","1":"post","2":"type-post","3":"status-publish","4":"format-standard","5":"has-post-thumbnail","7":"category-people","8":"tag-agression","9":"tag-amandine-pellissard","10":"tag-divertissement","11":"tag-entertainment","12":"tag-espagne","13":"tag-fr","14":"tag-france","15":"tag-people"},"share_on_mastodon":{"url":"https:\/\/pubeurope.com\/@fr\/115091055872314582","error":""},"_links":{"self":[{"href":"https:\/\/www.europesays.com\/fr\/wp-json\/wp\/v2\/posts\/343529","targetHints":{"allow":["GET"]}}],"collection":[{"href":"https:\/\/www.europesays.com\/fr\/wp-json\/wp\/v2\/posts"}],"about":[{"href":"https:\/\/www.europesays.com\/fr\/wp-json\/wp\/v2\/types\/post"}],"author":[{"embeddable":true,"href":"https:\/\/www.europesays.com\/fr\/wp-json\/wp\/v2\/users\/2"}],"replies":[{"embeddable":true,"href":"https:\/\/www.europesays.com\/fr\/wp-json\/wp\/v2\/comments?post=343529"}],"version-history":[{"count":0,"href":"https:\/\/www.europesays.com\/fr\/wp-json\/wp\/v2\/posts\/343529\/revisions"}],"wp:featuredmedia":[{"embeddable":true,"href":"https:\/\/www.europesays.com\/fr\/wp-json\/wp\/v2\/media\/343530"}],"wp:attachment":[{"href":"https:\/\/www.europesays.com\/fr\/wp-json\/wp\/v2\/media?parent=343529"}],"wp:term":[{"taxonomy":"category","embeddable":true,"href":"https:\/\/www.europesays.com\/fr\/wp-json\/wp\/v2\/categories?post=343529"},{"taxonomy":"post_tag","embeddable":true,"href":"https:\/\/www.europesays.com\/fr\/wp-json\/wp\/v2\/tags?post=343529"}],"curies":[{"name":"wp","href":"https:\/\/api.w.org\/{rel}","templated":true}]}}