{"id":343535,"date":"2025-08-25T19:30:15","date_gmt":"2025-08-25T19:30:15","guid":{"rendered":"https:\/\/www.europesays.com\/fr\/343535\/"},"modified":"2025-08-25T19:30:15","modified_gmt":"2025-08-25T19:30:15","slug":"meme-si-vous-me-suppliez-caroline-ithurbide-recadre-deja-fermement-son-nouveau-boss-pascal-praud","status":"publish","type":"post","link":"https:\/\/www.europesays.com\/fr\/343535\/","title":{"rendered":"\u00ab\u00a0M\u00eame si vous me suppliez\u00a0\u00bb, Caroline Ithurbide recadre d\u00e9j\u00e0 fermement son nouveau boss, Pascal Praud"},"content":{"rendered":"<p>Il ne faudra pas compter sur <a href=\"https:\/\/www.public.fr\/caroline-ithurbide-vive-la-mariee\" target=\"_blank\" rel=\"noopener\">Caroline Ithurbide<\/a> pour accepter le plan propos\u00e9 par <a href=\"https:\/\/www.public.fr\/tag\/francois-bayrou\" target=\"_blank\" rel=\"noopener\">Fran\u00e7ois Bayrou<\/a>. Le Premier ministre prenait la parole \u00e0 la mi-juillet pour faire une annonce suscitant de nombreuses r\u00e9actions chez les Fran\u00e7ais.<\/p>\n<p>En effet, il proposait de supprimer le lundi de P\u00e2ques et le 8 Mai. Une mesure destin\u00e9e \u00e0 rapporter 4,2\u00a0milliards d\u2019euros sur les quelque 44\u00a0milliards d\u2019\u00e9conomies qu\u2019il souhaite r\u00e9aliser dans le\u00a0budget\u00a02026. Mais sans surprise, <strong>cette annonce n\u2019a pas convaincu les Fran\u00e7ais<\/strong>, bien au contraire.<\/p>\n<p>Comme le rel\u00e8ve 20 Minutes, une enqu\u00eate Odoxa publi\u00e9e dimanche par\u00a0Le Parisien, 84% des Fran\u00e7ais se disent oppos\u00e9s \u00e0 la suppression de deux jours f\u00e9ri\u00e9s, propos\u00e9e par\u00a0le Premier ministre pour son plan de redressement des\u00a0finances publiques. Et parmi eux, <a href=\"https:\/\/vsd.fr\/11126-tpmp-les-confidences-coquines-denora-malagre-et-caroline-ithurbide-video\/\" target=\"_blank\" rel=\"noopener\">une ancienne chroniqueuse<\/a> de <a href=\"https:\/\/www.public.fr\/tag\/cyril-hanouna\" target=\"_blank\" rel=\"noopener\">Cyril Hanouna<\/a>.<\/p>\n<p>Caroline Ithurbide s&rsquo;en prend \u00e0 Fran\u00e7ois Bayrou<\/p>\n<p>Caroline Ithurbide fait en effet partie de ces nombreux Fran\u00e7ais oppos\u00e9s \u00e0 cette mesure. Celle-ci vient d\u2019ailleurs de le faire savoir, ce lundi 25 ao\u00fbt 2025 dans <strong>\u00ab\u00a0<a href=\"https:\/\/www.public.fr\/tag\/pascal-praud\" target=\"_blank\" rel=\"noopener\">Pascal Praud<\/a> et vous\u00a0\u00bb<\/strong> sur Europe 1. Alors que le sujet \u00e9tait \u00e9voqu\u00e9 dans l\u2019\u00e9mission du jour, la journaliste a fait preuve de franchise.<\/p>\n<p>\u00ab\u00a0Mais est-ce que finalement, c&rsquo;est pas ce que fait Bayrou depuis \u00e0 peu pr\u00e8s neuf mois ? Parce que \u00e7a fait neuf mois qu&rsquo;il est l\u00e0 et au final, c&rsquo;est toujours un peu parler pour ne rien dire. Que retient-on? Pardon hein, mais pour l&rsquo;instant \u00e0 aujourd&rsquo;hui, que retient-on de neuf mois d&rsquo;exercice de Bayrou \u00e0 part des effets d&rsquo;annonce et des petites strat\u00e9gies qui visent, moi, je trouve vraiment \u00e0 nous d\u00e9stabiliser et \u00e0 nous ins\u00e9curiser\u00a0\u00bb, a-t-elle d\u2019abord estim\u00e9.<\/p>\n<p>Avant d\u2019\u00e9voquer le sujet f\u00e2cheux : \u00ab\u00a0parce que moi, c&rsquo;est vrai que je me sens hyperconcern\u00e9e par l&rsquo;histoire des, des jours f\u00e9ri\u00e9s\u00a0\u00bb. \u00c0 cette d\u00e9claration, l\u2019un des chroniqueurs de <strong>\u00ab\u00a0Pascal Praud et vous\u00a0\u00bb<\/strong> a interpell\u00e9 Caroline Ithurbide : <strong>\u00ab\u00a0Pourquoi ? Vous ne travaillez pas les jours f\u00e9ri\u00e9s, vous ?\u00a0\u00bb<\/strong><\/p>\n<p>L&rsquo;ancienne chroniqueuse de Cyril Hanouna, bien d\u00e9cid\u00e9e \u00e0 de ne pas travailler les jours f\u00e9ri\u00e9s<\/p>\n<p>Loin d\u2019\u00eatre destabilis\u00e9e, l\u2019ancienne chroniqueuse de Cyril Hanouna a alors confi\u00e9 : \u00ab\u00a0Alors moi, je ne travaille pas les jours f\u00e9ri\u00e9s et <strong>je ne travaillerai pas les jours f\u00e9ri\u00e9s, m\u00eame si vous me, me suppliez\u00a0\u00bb<\/strong>.<\/p>\n<p>Pour la chroniqueuse de l\u2019\u00e9mission radio d\u2019Europe 1, le jour f\u00e9ri\u00e9 n&rsquo;est \u00ab\u00a0pas juste un truc de principe\u00a0\u00bb. \u00ab\u00a0Je trouve que finalement avoir des jours f\u00e9ri\u00e9s, \u00e7a va aussi cr\u00e9er une forme de productivit\u00e9. En fait, on attend, alors c&rsquo;est peut-\u00eatre un peu petit, c&rsquo;est peut-\u00eatre un peu riquiqui, mais on attend ce pont de quatre jours, on attend ce long week-end\u2026\u00a0\u00bb, argumente-t-elle pour d\u00e9fendre son avis.\u00a0<\/p>\n<p>Alors qu\u2019un autre membre de l\u2019\u00e9quipe lui rappelle qu\u2019ils viennent tout juste de rentrer de vacances, Caroline Ithurbide a r\u00e9pondu que le probl\u00e8me se situait \u00e0 un autre niveau. \u00ab\u00a0Je sais bien. Mais en fait, on est, on est le 25 ao\u00fbt, il va d\u00e9j\u00e0 nous plomber l&rsquo;ambiance, alors qu&rsquo;effectivement, on avait emmagasin\u00e9 de l&rsquo;\u00e9nergie une forme de truc un peu positif\u00a0\u00bb, a-t-elle regrett\u00e9.\u00a0<\/p>\n<p>      Mentionn\u00e9s dans cet article<\/p>\n<p>      Sur le m\u00eame sujet<\/p>\n","protected":false},"excerpt":{"rendered":"Il ne faudra pas compter sur Caroline Ithurbide pour accepter le plan propos\u00e9 par Fran\u00e7ois Bayrou. Le Premier&hellip;\n","protected":false},"author":2,"featured_media":343536,"comment_status":"","ping_status":"","sticky":false,"template":"","format":"standard","meta":{"footnotes":""},"categories":[1356],"tags":[47939,1083,58,59,1473,1011,27,10160,252,1364],"class_list":{"0":"post-343535","1":"post","2":"type-post","3":"status-publish","4":"format-standard","5":"has-post-thumbnail","7":"category-television","8":"tag-caroline-ithurbide","9":"tag-cyril-hanouna","10":"tag-divertissement","11":"tag-entertainment","12":"tag-europe-1","13":"tag-fr","14":"tag-france","15":"tag-pascal-praud","16":"tag-television","17":"tag-tv"},"share_on_mastodon":{"url":"https:\/\/pubeurope.com\/@fr\/115091068093036512","error":""},"_links":{"self":[{"href":"https:\/\/www.europesays.com\/fr\/wp-json\/wp\/v2\/posts\/343535","targetHints":{"allow":["GET"]}}],"collection":[{"href":"https:\/\/www.europesays.com\/fr\/wp-json\/wp\/v2\/posts"}],"about":[{"href":"https:\/\/www.europesays.com\/fr\/wp-json\/wp\/v2\/types\/post"}],"author":[{"embeddable":true,"href":"https:\/\/www.europesays.com\/fr\/wp-json\/wp\/v2\/users\/2"}],"replies":[{"embeddable":true,"href":"https:\/\/www.europesays.com\/fr\/wp-json\/wp\/v2\/comments?post=343535"}],"version-history":[{"count":0,"href":"https:\/\/www.europesays.com\/fr\/wp-json\/wp\/v2\/posts\/343535\/revisions"}],"wp:featuredmedia":[{"embeddable":true,"href":"https:\/\/www.europesays.com\/fr\/wp-json\/wp\/v2\/media\/343536"}],"wp:attachment":[{"href":"https:\/\/www.europesays.com\/fr\/wp-json\/wp\/v2\/media?parent=343535"}],"wp:term":[{"taxonomy":"category","embeddable":true,"href":"https:\/\/www.europesays.com\/fr\/wp-json\/wp\/v2\/categories?post=343535"},{"taxonomy":"post_tag","embeddable":true,"href":"https:\/\/www.europesays.com\/fr\/wp-json\/wp\/v2\/tags?post=343535"}],"curies":[{"name":"wp","href":"https:\/\/api.w.org\/{rel}","templated":true}]}}