{"id":343537,"date":"2025-08-25T19:31:13","date_gmt":"2025-08-25T19:31:13","guid":{"rendered":"https:\/\/www.europesays.com\/fr\/343537\/"},"modified":"2025-08-25T19:31:13","modified_gmt":"2025-08-25T19:31:13","slug":"brian-burkheiser-ex-i-prevail-affirme-quun-differend-lempeche-de-publier-sa-nouvelle-chanson-phases","status":"publish","type":"post","link":"https:\/\/www.europesays.com\/fr\/343537\/","title":{"rendered":"Brian Burkheiser (ex-I Prevail) affirme qu\u2019un diff\u00e9rend l\u2019emp\u00eache de publier sa nouvelle chanson Phases"},"content":{"rendered":"<p><strong>L\u2019ancien chanteur d\u2019<a href=\"https:\/\/www.metalzone.fr\/i-prevail\/\" rel=\"nofollow noopener\" target=\"_blank\">I Prevail<\/a> affirme qu\u2019un diff\u00e9rend persistant avec ses anciens camarades l\u2019emp\u00eache de d\u00e9voiler sa nouvelle musique en solo, notamment son titre annonc\u00e9 Phases.<\/strong><\/p>\n<p>Brian Burkheiser confront\u00e9 \u00e0 un blocage juridique<\/p>\n<p>Sur ses r\u00e9seaux sociaux, Brian Burkheiser a expliqu\u00e9 qu\u2019il \u00e9tait actuellement dans l\u2019impossibilit\u00e9 de publier ses projets personnels : \u201cSuite \u00e0 un diff\u00e9rend non r\u00e9solu avec mon ancien groupe I Prevail, je suis emp\u00each\u00e9 de sortir ma chanson Phases ainsi que d\u2019autres nouvelles musiques. Je suis profond\u00e9ment d\u00e9\u00e7u, mais je fais tout mon possible pour d\u00e9bloquer la situation. Merci \u00e0 ma famille, mes amis et surtout mes fans pour leur soutien ind\u00e9fectible\u201d, a-t-il \u00e9crit.<\/p>\n<p>Le chanteur, qui assurait les voix claires depuis la cr\u00e9ation du groupe en 2013, avait annonc\u00e9 son d\u00e9part d\u2019I Prevail en mai dernier. \u00c0 l\u2019\u00e9poque, la formation \u00e9voquait une s\u00e9paration \u00e0 l\u2019amiable, motiv\u00e9e par ses probl\u00e8mes de sant\u00e9, notamment le syndrome d\u2019Eagle, une affection rare provoquant de vives douleurs \u00e0 la gorge et au cou, comme nous l\u2019avions rapport\u00e9 <a href=\"https:\/\/www.metalzone.fr\/news\/214580-brian-burkheiser-quitte-i-prevail\/\" target=\"_blank\" rel=\"noopener nofollow\">dans cet article<\/a>.<\/p>\n<p>Un d\u00e9part marqu\u00e9 par des tensions persistantes<\/p>\n<p>En juin, Burkheiser affirmait qu\u2019il n\u2019existait \u201caucune animosit\u00e9\u201d entre lui et ses anciens partenaires, tout en regrettant un manque de communication et en reconnaissant qu\u2019il \u201cne m\u00e9ritait pas que \u00e7a se passe ainsi\u201d. Des propos qu\u2019il avait d\u00e9taill\u00e9s <a href=\"https:\/\/www.metalzone.fr\/news\/216859-brian-burkheiser-brise-silence-depart-i-prevail\/\" target=\"_blank\" rel=\"noopener nofollow\">dans ce pr\u00e9c\u00e9dent article<\/a>.<\/p>\n<p>Sa nouvelle d\u00e9claration r\u00e9v\u00e8le toutefois que le conflit demeure et qu\u2019il entrave d\u00e9sormais le lancement de sa carri\u00e8re solo. Pendant ce temps, I Prevail poursuit sa route avec Eric Vanlerberghe d\u00e9sormais seul au chant. Le groupe s\u2019appr\u00eate \u00e0 publier son quatri\u00e8me album Violent Nature le 19 septembre via Fearless Records, dont les premiers extraits ont d\u00e9j\u00e0 re\u00e7u un accueil favorable, comme nous l\u2019indiquions <a href=\"https:\/\/www.metalzone.fr\/news\/218612-chanteur-i-prevail-accueil-nouveaux-morceaux\/\" target=\"_blank\" rel=\"noopener nofollow\">ici<\/a>.<\/p>\n<p>L\u2019avenir de Burkheiser reste donc suspendu \u00e0 la r\u00e9solution de ce diff\u00e9rend, entre volont\u00e9 de se lancer en solo et obstacles toujours bien pr\u00e9sents.<\/p><\/p>\n","protected":false},"excerpt":{"rendered":"L\u2019ancien chanteur d\u2019I Prevail affirme qu\u2019un diff\u00e9rend persistant avec ses anciens camarades l\u2019emp\u00eache de d\u00e9voiler sa nouvelle musique&hellip;\n","protected":false},"author":2,"featured_media":343538,"comment_status":"","ping_status":"","sticky":false,"template":"","format":"standard","meta":{"footnotes":""},"categories":[1355],"tags":[58,59,1011,27,1361,873],"class_list":{"0":"post-343537","1":"post","2":"type-post","3":"status-publish","4":"format-standard","5":"has-post-thumbnail","7":"category-musique","8":"tag-divertissement","9":"tag-entertainment","10":"tag-fr","11":"tag-france","12":"tag-music","13":"tag-musique"},"share_on_mastodon":{"url":"https:\/\/pubeurope.com\/@fr\/115091071583592517","error":""},"_links":{"self":[{"href":"https:\/\/www.europesays.com\/fr\/wp-json\/wp\/v2\/posts\/343537","targetHints":{"allow":["GET"]}}],"collection":[{"href":"https:\/\/www.europesays.com\/fr\/wp-json\/wp\/v2\/posts"}],"about":[{"href":"https:\/\/www.europesays.com\/fr\/wp-json\/wp\/v2\/types\/post"}],"author":[{"embeddable":true,"href":"https:\/\/www.europesays.com\/fr\/wp-json\/wp\/v2\/users\/2"}],"replies":[{"embeddable":true,"href":"https:\/\/www.europesays.com\/fr\/wp-json\/wp\/v2\/comments?post=343537"}],"version-history":[{"count":0,"href":"https:\/\/www.europesays.com\/fr\/wp-json\/wp\/v2\/posts\/343537\/revisions"}],"wp:featuredmedia":[{"embeddable":true,"href":"https:\/\/www.europesays.com\/fr\/wp-json\/wp\/v2\/media\/343538"}],"wp:attachment":[{"href":"https:\/\/www.europesays.com\/fr\/wp-json\/wp\/v2\/media?parent=343537"}],"wp:term":[{"taxonomy":"category","embeddable":true,"href":"https:\/\/www.europesays.com\/fr\/wp-json\/wp\/v2\/categories?post=343537"},{"taxonomy":"post_tag","embeddable":true,"href":"https:\/\/www.europesays.com\/fr\/wp-json\/wp\/v2\/tags?post=343537"}],"curies":[{"name":"wp","href":"https:\/\/api.w.org\/{rel}","templated":true}]}}