{"id":34354,"date":"2025-04-18T15:18:32","date_gmt":"2025-04-18T15:18:32","guid":{"rendered":"https:\/\/www.europesays.com\/fr\/34354\/"},"modified":"2025-04-18T15:18:32","modified_gmt":"2025-04-18T15:18:32","slug":"psg-le-fc-nantes-invite-un-jeune-supporter-parisien-exclu-de-villa-park-mardi-soir","status":"publish","type":"post","link":"https:\/\/www.europesays.com\/fr\/34354\/","title":{"rendered":"PSG : Le FC Nantes invite un jeune supporter parisien exclu de Villa Park mardi soir"},"content":{"rendered":"<p><strong>football &#8211; Ma\u00ebl \u00e9tait en tribunes pour le quart de finale retour face \u00e0 Aston Villa, mais il en avait \u00e9t\u00e9 chass\u00e9 pour avoir c\u00e9l\u00e9br\u00e9 les buts parisiens en premi\u00e8re p\u00e9riode<\/strong><\/p>\n<p>Mardi soir, apr\u00e8s la <a href=\"https:\/\/www.20minutes.fr\/sport\/football\/ligue_des_champions\/4148497-20250415-direct-aston-villa-psg-paris-plus-assurer-rejoindre-demi-finales-ligue-champions-suivez-match?at_medium=RSS+feed&amp;at_campaign=ynews&amp;utm_source=yahoo&amp;utm_medium=rss&amp;utm_campaign=news_feed&amp;utm_content=in_article_link\" rel=\"nofollow noopener\" target=\"_blank\" data-ylk=\"slk:qualification du PSG pour les demi-finales;elm:context_link;itc:0;sec:content-canvas\" class=\"link \">qualification du PSG pour les demi-finales<\/a> de la <a href=\"https:\/\/www.20minutes.fr\/sport\/ligue_des_champions\/?at_medium=RSS+feed&amp;at_campaign=ynews&amp;utm_source=yahoo&amp;utm_medium=rss&amp;utm_campaign=news_feed&amp;utm_content=in_article_link\" rel=\"nofollow noopener\" target=\"_blank\" data-ylk=\"slk:Ligue des champions;elm:context_link;itc:0;sec:content-canvas\" class=\"link \">Ligue des champions<\/a> sur la pelouse de Villa Park, un supporter parisien avait pos\u00e9 un message sur X pour dire sa col\u00e8re. Il avait pris des billets pour assister \u00e0 ce match face \u00e0 <a href=\"https:\/\/www.20minutes.fr\/dossier\/aston_villa?at_medium=RSS+feed&amp;at_campaign=ynews&amp;utm_source=yahoo&amp;utm_medium=rss&amp;utm_campaign=news_feed&amp;utm_content=in_article_link\" rel=\"nofollow noopener\" target=\"_blank\" data-ylk=\"slk:Aston Villa;elm:context_link;itc:0;sec:content-canvas\" class=\"link \">Aston Villa<\/a> avec un ami et le fils de ce dernier, mais ils ont \u00e9t\u00e9 tous les trois exclus du stade \u00e0 la pause pour avoir c\u00e9l\u00e9br\u00e9 les buts de Paris \u2013 ils se trouvaient dans les tribunes \u00ab anglaises \u00bb, hors parcage parisien.<\/p>\n<p>\u00ab Nous lui avions offert ce d\u00e9placement pour son anniversaire\u2026 [Il est] en pleurs, c\u2019est nul et injuste \u00bb, avait-il racont\u00e9, avant de poursuivre un peu plus tard : \u00ab Partis \u00e0 4h du matin pour l\u2019anniversaire de Ma\u00ebl\u2026 Bateau.. 7 heures de voiture\u2026 des billets pay\u00e9s\u2026 Et le fair-play, la grande classe, se permettre de jeter arbitrairement un enfant juste parce qu\u2019il a \u00e9t\u00e9 d\u00e9nonc\u00e9 par des footix anglais frustr\u00e9s. \u00c9c\u0153urant. \u00bb<\/p>\n<blockquote placeholder=\"\" data-theme=\"light\" class=\"twitter-tweet\">\n<p><a href=\"https:\/\/twitter.com\/PSG_inside?ref_src=twsrc%5Etfw\" rel=\"nofollow noopener\" target=\"_blank\" data-ylk=\"slk:@PSG_inside;elm:context_link;itc:0;sec:content-canvas\" class=\"link \">@PSG_inside<\/a> avec le fils de mon pote nous venons de nous faire expulser \u00e0 la mi-temps par la s\u00e9cu juste parce que le petit a os\u00e9 lever les bras sur le but parisien. Nous lui avions offert ce d\u00e9placement pour son anniversaire&#8230; En pleur c nul et injuste <a href=\"https:\/\/t.co\/kFD0qPbEBc\" rel=\"nofollow noopener\" target=\"_blank\" data-ylk=\"slk:pic.twitter.com\/kFD0qPbEBc;elm:context_link;itc:0;sec:content-canvas\" class=\"link \">pic.twitter.com\/kFD0qPbEBc<\/a><\/p>\n<p>\u2014 Aymeric (@casadisogno18) <a href=\"https:\/\/twitter.com\/casadisogno18\/status\/1912244297484603618?ref_src=twsrc%5Etfw\" rel=\"nofollow noopener\" target=\"_blank\" data-ylk=\"slk:April 15, 2025;elm:context_link;itc:0;sec:content-canvas\" class=\"link \">April 15, 2025<\/a><\/p>\n<\/blockquote>\n<p>Une histoire qui a trouv\u00e9 un \u00e9cho jusqu\u2019\u00e0 Nantes, o\u00f9 les dirigeants ont d\u00e9cid\u00e9 d\u2019inviter Ma\u00ebl \u00e0 l\u2019occasion de la r\u00e9ception du <a href=\"https:\/\/www.20minutes.fr\/sport\/psg\/?at_medium=RSS+feed&amp;at_campaign=ynews&amp;utm_source=yahoo&amp;utm_medium=rss&amp;utm_campaign=news_feed&amp;utm_content=in_article_link\" rel=\"nofollow noopener\" target=\"_blank\" data-ylk=\"slk:PSG;elm:context_link;itc:0;sec:content-canvas\" class=\"link \">PSG<\/a>, mardi 22 avril, pour le match de la 29e journ\u00e9e de Ligue 1 entre les deux \u00e9quipes qui avait \u00e9t\u00e9 <a href=\"https:\/\/www.20minutes.fr\/sport\/football\/ligue_europa\/4148154-20250411-ligue-1-nantes-psg-reporte-auxerre-ol-comment-ca-fait?at_medium=RSS+feed&amp;at_campaign=ynews&amp;utm_source=yahoo&amp;utm_medium=rss&amp;utm_campaign=news_feed&amp;utm_content=in_article_link\" rel=\"nofollow noopener\" target=\"_blank\" data-ylk=\"slk:report\u00e9 en raison de la Coupe d\u2019Europe;elm:context_link;itc:0;sec:content-canvas\" class=\"link \">report\u00e9 en raison de la Coupe d\u2019Europe<\/a>.<\/p>\n<p>L\u2019initiative a ravi l\u2019entourage du jeune supporter, \u00e9videmment. \u00ab Merci au FC Nantes d\u2019avoir pris des nouvelles et de proposer \u00e0 Ma\u00ebl d\u2019aller d\u00e9fendre les couleurs de son club pendant 90 minutes cette fois-ci, a post\u00e9 mercredi le d\u00e9nomm\u00e9 Aymeric. Merci aux Nantais, grande classe. \u00bb On est d\u2019accord.<\/p>\n<p><a href=\"https:\/\/www.20minutes.fr\/sport\/football\/ligue_des_champions\/4149065-20250417-nantes-psg-fc-nantes-invite-jeune-supporter-parisien-exclu-villa-park-mardi-soir?at_medium=RSS+feed&amp;at_campaign=ynews&amp;utm_source=yahoo&amp;utm_medium=rss&amp;utm_campaign=news_feed&amp;utm_content=read_more_link\" rel=\"nofollow noopener\" target=\"_blank\" data-ylk=\"slk:Lire la suite sur 20minutes;elm:context_link;itc:0;sec:content-canvas\" class=\"link \">Lire la suite sur 20minutes<\/a><\/p>\n<p>\u00c0 lire aussi :<br \/><a href=\"https:\/\/www.20minutes.fr\/sport\/football\/ligue_des_champions\/4148841-20250416-aston-villa-psg-buts-betes-exces-confiance-panique-adn-lose-psg-failli-jouer-tours?at_medium=RSS+feed&amp;at_campaign=ynews&amp;utm_source=yahoo&amp;utm_medium=rss&amp;utm_campaign=news_feed&amp;utm_content=related_content_link\" rel=\"nofollow noopener\" target=\"_blank\" data-ylk=\"slk:Aston Villa - PSG : \u00ab Buts b\u00eates, exc\u00e8s de confiance \u00bb et panique\u2026 L\u2019ADN de la lose du PSG a failli lui jouer des tours;elm:context_link;itc:0;sec:content-canvas\" class=\"link \">Aston Villa &#8211; PSG : \u00ab Buts b\u00eates, exc\u00e8s de confiance \u00bb et panique\u2026 L\u2019ADN de la lose du PSG a failli lui jouer des tours<\/a><br \/><a href=\"https:\/\/www.20minutes.fr\/sport\/football\/ligue_des_champions\/4149043-20250417-ligue-champions-dates-demi-finale-entre-psg-arsenal-bien-noter-agendas?at_medium=RSS+feed&amp;at_campaign=ynews&amp;utm_source=yahoo&amp;utm_medium=rss&amp;utm_campaign=news_feed&amp;utm_content=related_content_link\" rel=\"nofollow noopener\" target=\"_blank\" data-ylk=\"slk:Ligue des champions : Les dates de la demi-finale entre le PSG et Arsenal \u00e0 bien noter dans vos agendas;elm:context_link;itc:0;sec:content-canvas\" class=\"link \">Ligue des champions : Les dates de la demi-finale entre le PSG et Arsenal \u00e0 bien noter dans vos agendas<\/a><\/p>\n<p><script async src=\"https:\/\/platform.twitter.com\/widgets.js\" charset=\"utf-8\"><\/script><\/p>\n","protected":false},"excerpt":{"rendered":"football &#8211; Ma\u00ebl \u00e9tait en tribunes pour le quart de finale retour face \u00e0 Aston Villa, mais il&hellip;\n","protected":false},"author":2,"featured_media":34355,"comment_status":"","ping_status":"","sticky":false,"template":"","format":"standard","meta":{"footnotes":""},"categories":[2818],"tags":[1111,11,784,1777,674,462,1011,27,447,11242,766,12,2636,93,25],"class_list":{"0":"post-34354","1":"post","2":"type-post","3":"status-publish","4":"format-standard","5":"has-post-thumbnail","7":"category-nantes","8":"tag-actu","9":"tag-actualites","10":"tag-aston-villa","11":"tag-eu","12":"tag-europe","13":"tag-fc-nantes","14":"tag-fr","15":"tag-france","16":"tag-ligue-des-champions","17":"tag-mael","18":"tag-nantes","19":"tag-news","20":"tag-pays-de-la-loire","21":"tag-psg","22":"tag-republique-francaise"},"share_on_mastodon":{"url":"https:\/\/pubeurope.com\/@fr\/114359638727875743","error":""},"_links":{"self":[{"href":"https:\/\/www.europesays.com\/fr\/wp-json\/wp\/v2\/posts\/34354","targetHints":{"allow":["GET"]}}],"collection":[{"href":"https:\/\/www.europesays.com\/fr\/wp-json\/wp\/v2\/posts"}],"about":[{"href":"https:\/\/www.europesays.com\/fr\/wp-json\/wp\/v2\/types\/post"}],"author":[{"embeddable":true,"href":"https:\/\/www.europesays.com\/fr\/wp-json\/wp\/v2\/users\/2"}],"replies":[{"embeddable":true,"href":"https:\/\/www.europesays.com\/fr\/wp-json\/wp\/v2\/comments?post=34354"}],"version-history":[{"count":0,"href":"https:\/\/www.europesays.com\/fr\/wp-json\/wp\/v2\/posts\/34354\/revisions"}],"wp:featuredmedia":[{"embeddable":true,"href":"https:\/\/www.europesays.com\/fr\/wp-json\/wp\/v2\/media\/34355"}],"wp:attachment":[{"href":"https:\/\/www.europesays.com\/fr\/wp-json\/wp\/v2\/media?parent=34354"}],"wp:term":[{"taxonomy":"category","embeddable":true,"href":"https:\/\/www.europesays.com\/fr\/wp-json\/wp\/v2\/categories?post=34354"},{"taxonomy":"post_tag","embeddable":true,"href":"https:\/\/www.europesays.com\/fr\/wp-json\/wp\/v2\/tags?post=34354"}],"curies":[{"name":"wp","href":"https:\/\/api.w.org\/{rel}","templated":true}]}}