{"id":343543,"date":"2025-08-25T19:34:10","date_gmt":"2025-08-25T19:34:10","guid":{"rendered":"https:\/\/www.europesays.com\/fr\/343543\/"},"modified":"2025-08-25T19:34:10","modified_gmt":"2025-08-25T19:34:10","slug":"liverpool-les-compositions-officielles","status":"publish","type":"post","link":"https:\/\/www.europesays.com\/fr\/343543\/","title":{"rendered":"Liverpool : les compositions officielles"},"content":{"rendered":"<p>Liverpool veut accrocher le bon wagon. Apr\u00e8s leur victoire inaugurale, les Reds se d\u00e9placent \u00e0 <a href=\"https:\/\/www.footmercato.net\/club\/newcastle\/\" rel=\"nofollow noopener\" target=\"_blank\">Newcastle<\/a> en cl\u00f4ture de la 2e journ\u00e9e de <a href=\"https:\/\/www.footmercato.net\/angleterre\/premier-league\/\" rel=\"nofollow noopener\" target=\"_blank\">Premier League<\/a> (<a href=\"https:\/\/www.footmercato.net\/live\/1793306133612936627-newcastle-vs-liverpool\" rel=\"nofollow noopener\" target=\"_blank\">\u00e0 suivre en direct comment\u00e9 sur Foot Mercato \u00e0 partir de 21h<\/a>). Un succ\u00e8s leur permettrait de revenir sur Arsenal et Tottenham, les seules \u00e9quipes qui ont remport\u00e9 leurs deux premiers matches de la saison.<\/p>\n<p>            La suite apr\u00e8s cette publicit\u00e9<\/p>\n<p>Trois recrues d\u00e9butent dans le onze de <a href=\"https:\/\/www.footmercato.net\/club\/liverpool\/\" rel=\"nofollow noopener\" target=\"_blank\">Liverpool<\/a> avec Kerkez sur la gauche de la d\u00e9fense, ainsi que Wirtz en soutien d\u2019Ekitike, \u00e0 nouveau seul \u00e0 la pointe du 4-2-3-1. Bless\u00e9, Frimpong est remplac\u00e9 par Jones dans le couloir gauche d\u00e9fensif tandis que Szboszlai forme un duo avec Gravenberch au milieu de terrain. En face, les Magpies se pr\u00e9sentent avec la m\u00eame \u00e9quipe que la semaine derni\u00e8re, Guimar\u00e3es, Tonali et Joelinton \u00e9tant plac\u00e9s au c\u0153ur du jeu. Devant, Gordon sera \u00e9paul\u00e9 par Elanga et Barnes sur les ailes.<\/p>\n<p>Les compositions :<\/p>\n<p><strong>Newcastle :<\/strong> Pope &#8211; Trippier, Sch\u00e4r, Burn, Livramento &#8211; Guimaraes, Tonali, Joelinton &#8211; Elanga, Gordon, Barnes.<\/p>\n<p><strong>Liverpool :<\/strong> Alisson &#8211; Jones, Konat\u00e9, Van Dijk, Kerkez &#8211; Szoboszlai, Gravenberch &#8211; Salah, Wirtz, Gakpo &#8211; Ekitike.<\/p>\n<p>\n    Pub. le 25\/08\/2025 19:54<br \/>\n            &#8211; MAJ le 25\/08\/2025 20:54\n    <\/p>\n","protected":false},"excerpt":{"rendered":"Liverpool veut accrocher le bon wagon. Apr\u00e8s leur victoire inaugurale, les Reds se d\u00e9placent \u00e0 Newcastle en cl\u00f4ture&hellip;\n","protected":false},"author":2,"featured_media":343544,"comment_status":"","ping_status":"","sticky":false,"template":"","format":"standard","meta":{"footnotes":""},"categories":[9],"tags":[1011,27,60],"class_list":{"0":"post-343543","1":"post","2":"type-post","3":"status-publish","4":"format-standard","5":"has-post-thumbnail","7":"category-sports","8":"tag-fr","9":"tag-france","10":"tag-sports"},"share_on_mastodon":{"url":"https:\/\/pubeurope.com\/@fr\/115091083385076508","error":""},"_links":{"self":[{"href":"https:\/\/www.europesays.com\/fr\/wp-json\/wp\/v2\/posts\/343543","targetHints":{"allow":["GET"]}}],"collection":[{"href":"https:\/\/www.europesays.com\/fr\/wp-json\/wp\/v2\/posts"}],"about":[{"href":"https:\/\/www.europesays.com\/fr\/wp-json\/wp\/v2\/types\/post"}],"author":[{"embeddable":true,"href":"https:\/\/www.europesays.com\/fr\/wp-json\/wp\/v2\/users\/2"}],"replies":[{"embeddable":true,"href":"https:\/\/www.europesays.com\/fr\/wp-json\/wp\/v2\/comments?post=343543"}],"version-history":[{"count":0,"href":"https:\/\/www.europesays.com\/fr\/wp-json\/wp\/v2\/posts\/343543\/revisions"}],"wp:featuredmedia":[{"embeddable":true,"href":"https:\/\/www.europesays.com\/fr\/wp-json\/wp\/v2\/media\/343544"}],"wp:attachment":[{"href":"https:\/\/www.europesays.com\/fr\/wp-json\/wp\/v2\/media?parent=343543"}],"wp:term":[{"taxonomy":"category","embeddable":true,"href":"https:\/\/www.europesays.com\/fr\/wp-json\/wp\/v2\/categories?post=343543"},{"taxonomy":"post_tag","embeddable":true,"href":"https:\/\/www.europesays.com\/fr\/wp-json\/wp\/v2\/tags?post=343543"}],"curies":[{"name":"wp","href":"https:\/\/api.w.org\/{rel}","templated":true}]}}