{"id":343547,"date":"2025-08-25T19:36:10","date_gmt":"2025-08-25T19:36:10","guid":{"rendered":"https:\/\/www.europesays.com\/fr\/343547\/"},"modified":"2025-08-25T19:36:10","modified_gmt":"2025-08-25T19:36:10","slug":"cette-astuce-toute-simple-permet-de-recharger-votre-smartphone-beaucoup-plus-vite","status":"publish","type":"post","link":"https:\/\/www.europesays.com\/fr\/343547\/","title":{"rendered":"Cette astuce toute simple permet de recharger votre smartphone beaucoup plus vite"},"content":{"rendered":"<p>            Le mode avion, le secret d\u2019une recharge express<\/p>\n<p>C\u2019est l\u2019astuce la plus efficace\u00a0: <strong>activer le mode avion avant de brancher votre t\u00e9l\u00e9phone<\/strong>. Ce petit geste coupe toutes les connexions (r\u00e9seau mobile, Wi-Fi, Bluetooth, GPS) et permet \u00e0 l\u2019appareil de concentrer toute son \u00e9nergie sur la recharge. R\u00e9sultat\u00a0: votre t\u00e9l\u00e9phone se recharge bien plus vite.<\/p>\n<p>Encore mieux\u00a0: si vous pouvez vous permettre d\u2019\u00eatre momentan\u00e9ment injoignable, <strong>\u00e9teindre totalement le smartphone<\/strong> reste la m\u00e9thode la plus radicale pour gagner un maximum de temps.<\/p>\n<p>Les bons gestes pour recharger plus vite<\/p>\n<p>\nEn plus du mode avion, quelques r\u00e9flexes simples permettent d\u2019optimiser la charge\u00a0:<\/p>\n<p><strong>Fermez toutes les applications en cours d\u2019ex\u00e9cution<\/strong> pour r\u00e9duire la consommation d\u2019\u00e9nergie.<\/p>\n<p><strong>Privil\u00e9giez une prise murale<\/strong> plut\u00f4t qu\u2019un port USB d\u2019ordinateur\u00a0: elle d\u00e9livre beaucoup plus de puissance.<\/p>\n<p><strong>Utilisez le chargeur d\u2019origine<\/strong> ou un accessoire de qualit\u00e9 (Anker, Belkin, Ugreen\u2026).<\/p>\n<p>Attention aux mauvaises habitudes<\/p>\n<p>Pour pr\u00e9server la batterie \u00e0 long terme, \u00e9vitez deux erreurs fr\u00e9quentes\u00a0:<\/p>\n<p><strong>Attendre que la batterie soit totalement vide<\/strong> avant de recharger\u00a0: l\u2019id\u00e9al est de rester entre 20\u00a0% et 80\u00a0%.<\/p>\n<p><strong>Laisser son smartphone branch\u00e9 toute la nuit<\/strong>, sauf si l\u2019appareil dispose d\u2019un mode de charge intelligent.<\/p>\n<p>Enfin, si votre appareil est compatible, <strong>activez la charge rapide<\/strong>\u00a0: en 15 \u00e0 30 minutes, vous pouvez r\u00e9cup\u00e9rer 50 \u00e0 80\u00a0% d\u2019autonomie.<\/p>\n","protected":false},"excerpt":{"rendered":"Le mode avion, le secret d\u2019une recharge express C\u2019est l\u2019astuce la plus efficace\u00a0: activer le mode avion avant&hellip;\n","protected":false},"author":2,"featured_media":343548,"comment_status":"","ping_status":"","sticky":false,"template":"","format":"standard","meta":{"footnotes":""},"categories":[7],"tags":[1011,27,43,40,41,39,42,44],"class_list":{"0":"post-343547","1":"post","2":"type-post","3":"status-publish","4":"format-standard","5":"has-post-thumbnail","7":"category-sciences-et-technologies","8":"tag-fr","9":"tag-france","10":"tag-science","11":"tag-science-and-technology","12":"tag-sciences","13":"tag-sciences-et-technologies","14":"tag-technologies","15":"tag-technology"},"share_on_mastodon":{"url":"https:\/\/pubeurope.com\/@fr\/115091091274381795","error":""},"_links":{"self":[{"href":"https:\/\/www.europesays.com\/fr\/wp-json\/wp\/v2\/posts\/343547","targetHints":{"allow":["GET"]}}],"collection":[{"href":"https:\/\/www.europesays.com\/fr\/wp-json\/wp\/v2\/posts"}],"about":[{"href":"https:\/\/www.europesays.com\/fr\/wp-json\/wp\/v2\/types\/post"}],"author":[{"embeddable":true,"href":"https:\/\/www.europesays.com\/fr\/wp-json\/wp\/v2\/users\/2"}],"replies":[{"embeddable":true,"href":"https:\/\/www.europesays.com\/fr\/wp-json\/wp\/v2\/comments?post=343547"}],"version-history":[{"count":0,"href":"https:\/\/www.europesays.com\/fr\/wp-json\/wp\/v2\/posts\/343547\/revisions"}],"wp:featuredmedia":[{"embeddable":true,"href":"https:\/\/www.europesays.com\/fr\/wp-json\/wp\/v2\/media\/343548"}],"wp:attachment":[{"href":"https:\/\/www.europesays.com\/fr\/wp-json\/wp\/v2\/media?parent=343547"}],"wp:term":[{"taxonomy":"category","embeddable":true,"href":"https:\/\/www.europesays.com\/fr\/wp-json\/wp\/v2\/categories?post=343547"},{"taxonomy":"post_tag","embeddable":true,"href":"https:\/\/www.europesays.com\/fr\/wp-json\/wp\/v2\/tags?post=343547"}],"curies":[{"name":"wp","href":"https:\/\/api.w.org\/{rel}","templated":true}]}}