{"id":343551,"date":"2025-08-25T19:38:18","date_gmt":"2025-08-25T19:38:18","guid":{"rendered":"https:\/\/www.europesays.com\/fr\/343551\/"},"modified":"2025-08-25T19:38:18","modified_gmt":"2025-08-25T19:38:18","slug":"une-forte-vague-les-a-tous-emportes-sept-etudiants-meurent-en-bord-de-mediterranee-ils-avaient-brave-le-drapeau-rouge","status":"publish","type":"post","link":"https:\/\/www.europesays.com\/fr\/343551\/","title":{"rendered":"\u00ab\u00a0Une forte vague les a tous emport\u00e9s\u00a0\u00bb\u00a0: sept \u00e9tudiants meurent en bord de\u00a0M\u00e9diterran\u00e9e, ils avaient brav\u00e9 le drapeau rouge"},"content":{"rendered":"<p>\n                                                                Un drame s\u2019est produit ce week-end \u00e0 Alexandrie, en \u00c9gypte. Plusieurs\u00a0jeunes ont perdu la vie, noy\u00e9s pour la plupart.\n                            <\/p>\n<p>La sortie scolaire qui se tenait \u00e0 Alexandrie rassemblait environ 150 jeunes femmes, toutes venues\u00a0du gouvernorat de Sohag en Haute-\u00c9gypte.<\/p>\n<p>Dans la matin\u00e9e de samedi 23\u00a0ao\u00fbt, un groupe d\u2019environ 37 d\u2019entre elles se rendaient\u00a0\u00e0 la plage d\u2019Abu-Talat.<\/p>\n<p>Selon un instructeur, certaines participantes bravaient le drapeau rouge et d\u00e9cidaient de prendre la mer. \u00ab\u00a0Soudain, une forte vague les a toutes emport\u00e9es\u00a0\u00bb, raconte-t-il cit\u00e9 par le site <a href=\"https:\/\/www.egyptindependent.com\/tragedy-strikes-alexandria-after-six-women-drown-and-24-left-injured-at-beach-trip-gone-wrong\/\" target=\"_self\" rel=\"nofollow noopener\">Egypt Independent<\/a>.<\/p>\n<p>Le bilan est lourd. Six jeunes femmes sont mortes noy\u00e9es. Elles seraient \u00e2g\u00e9es de 15 \u00e0 21 ans. Vingt-quatre\u00a0autres ont \u00e9t\u00e9 bless\u00e9es. Des hommes feraient \u00e9galement partie du groupe.<\/p>\n<p>Les autorit\u00e9s ont imm\u00e9diatement d\u00e9clar\u00e9 l\u2019\u00e9tat d\u2019urgence et les responsables de l\u2019organisation\u00a0ont \u00e9t\u00e9 convoqu\u00e9s pour interrogatoire.<\/p>\n<p>Le drame intervient alors que l\u2019Administration centrale du tourisme et des stations baln\u00e9aires avait annonc\u00e9 la fermeture de toutes les plages du secteur ouest et d\u2019Agami.<\/p>\n<p>Des drapeaux rouges avaient par ailleurs \u00e9t\u00e9 hiss\u00e9s en raison de la forte houle et du danger en mer.<\/p>\n<p>De leur c\u00f4t\u00e9, les autorit\u00e9s locales avaient rappel\u00e9\u00a0qu\u2019il \u00e9tait permis de profiter du sable, mais strictement interdit de se baigner.<\/p>\n<p>Des pr\u00e9cautions qui n\u2019ont pas permis d\u2019\u00e9viter la trag\u00e9die.<\/p>\n<p>Une quinzaine d\u2019ambulances ont \u00e9t\u00e9 d\u00e9p\u00each\u00e9es sur les lieux pour prendre en charge les bless\u00e9s.\u00a0Quatre personnes ont \u00e9t\u00e9 soign\u00e9es sur place, tandis que 21 autres ont \u00e9t\u00e9 transf\u00e9r\u00e9es vers des h\u00f4pitaux voisins.<\/p>\n<p>D\u2019apr\u00e8s le journal \u00e9gyptien\u00a0<a href=\"https:\/\/french.ahram.org.eg\/NewsContent\/1\/2365\/69475\/Egypte\/Soci;t;\/-;tudiants-p;rissent-noy;s-et--bless;s-;-Abou-Tala.aspx\" target=\"_self\" rel=\"nofollow noopener\">Al-Ahram Hebdo<\/a>, le bilan s\u2019est alourdi avec un septi\u00e8me d\u00e9c\u00e8s. Il s\u2019agit d\u2019un\u00a0des bless\u00e9s, qui \u00e9tait arriv\u00e9 \u00e0 l\u2019h\u00f4pital dans un \u00e9tat critique.<\/p>\n<p>D\u2019apr\u00e8s la m\u00eame source, la sortie avait \u00e9t\u00e9 organis\u00e9e par\u00a0une acad\u00e9mie sp\u00e9cialis\u00e9e dans l\u2019h\u00f4tellerie. Les jeunes qui y participaient \u00e9taient des \u00e9tudiants.<\/p>\n","protected":false},"excerpt":{"rendered":"Un drame s\u2019est produit ce week-end \u00e0 Alexandrie, en \u00c9gypte. Plusieurs\u00a0jeunes ont perdu la vie, noy\u00e9s pour la&hellip;\n","protected":false},"author":2,"featured_media":343552,"comment_status":"","ping_status":"","sticky":false,"template":"","format":"standard","meta":{"footnotes":""},"categories":[5],"tags":[11,1011,27,14,12,28],"class_list":{"0":"post-343551","1":"post","2":"type-post","3":"status-publish","4":"format-standard","5":"has-post-thumbnail","7":"category-international","8":"tag-actualites","9":"tag-fr","10":"tag-france","11":"tag-international","12":"tag-news","13":"tag-world"},"share_on_mastodon":{"url":"https:\/\/pubeurope.com\/@fr\/115091099058063795","error":""},"_links":{"self":[{"href":"https:\/\/www.europesays.com\/fr\/wp-json\/wp\/v2\/posts\/343551","targetHints":{"allow":["GET"]}}],"collection":[{"href":"https:\/\/www.europesays.com\/fr\/wp-json\/wp\/v2\/posts"}],"about":[{"href":"https:\/\/www.europesays.com\/fr\/wp-json\/wp\/v2\/types\/post"}],"author":[{"embeddable":true,"href":"https:\/\/www.europesays.com\/fr\/wp-json\/wp\/v2\/users\/2"}],"replies":[{"embeddable":true,"href":"https:\/\/www.europesays.com\/fr\/wp-json\/wp\/v2\/comments?post=343551"}],"version-history":[{"count":0,"href":"https:\/\/www.europesays.com\/fr\/wp-json\/wp\/v2\/posts\/343551\/revisions"}],"wp:featuredmedia":[{"embeddable":true,"href":"https:\/\/www.europesays.com\/fr\/wp-json\/wp\/v2\/media\/343552"}],"wp:attachment":[{"href":"https:\/\/www.europesays.com\/fr\/wp-json\/wp\/v2\/media?parent=343551"}],"wp:term":[{"taxonomy":"category","embeddable":true,"href":"https:\/\/www.europesays.com\/fr\/wp-json\/wp\/v2\/categories?post=343551"},{"taxonomy":"post_tag","embeddable":true,"href":"https:\/\/www.europesays.com\/fr\/wp-json\/wp\/v2\/tags?post=343551"}],"curies":[{"name":"wp","href":"https:\/\/api.w.org\/{rel}","templated":true}]}}