{"id":343557,"date":"2025-08-25T19:41:29","date_gmt":"2025-08-25T19:41:29","guid":{"rendered":"https:\/\/www.europesays.com\/fr\/343557\/"},"modified":"2025-08-25T19:41:29","modified_gmt":"2025-08-25T19:41:29","slug":"saint-etienne-controle-a-cause-dun-feu-defaillant-il-est-arrete-car-il-circule-malgre-lannulation-de-son-permis","status":"publish","type":"post","link":"https:\/\/www.europesays.com\/fr\/343557\/","title":{"rendered":"Saint-\u00c9tienne. Contr\u00f4l\u00e9 \u00e0 cause d&rsquo;un feu d\u00e9faillant, il est arr\u00eat\u00e9 car il circule malgr\u00e9 l&rsquo;annulation de son permis"},"content":{"rendered":"<p>Le jeudi 21\u00a0ao\u00fbt, en d\u00e9but de soir\u00e9e, un \u00e9quipage de Police secours en faction dans le quartier de Tarentaize, \u00e0 Saint-Etienne, remarque un v\u00e9hicule circulant avec des feux de position qui dysfonctionnent \u00e0 l\u2019arri\u00e8re. Les policiers d\u00e9cident alors de proc\u00e9der au contr\u00f4le du conducteur de la Peugeot 207.<\/p>\n<p>Au cours du contr\u00f4le, les policiers vont d\u00e9couvrir que le jeune homme derri\u00e8re le volant, \u00e2g\u00e9 de 21 ans et originaire de Saint-\u00c9tienne, circulait malgr\u00e9 l\u2019annulation de son permis de conduire. Interpell\u00e9 puis plac\u00e9 en garde \u00e0 vue, il s\u2019est vu notifier une convocation devant le tribunal correctionnel de Saint-\u00c9tienne au cours des prochaines semaines.<\/p>\n","protected":false},"excerpt":{"rendered":"Le jeudi 21\u00a0ao\u00fbt, en d\u00e9but de soir\u00e9e, un \u00e9quipage de Police secours en faction dans le quartier de&hellip;\n","protected":false},"author":2,"featured_media":343558,"comment_status":"","ping_status":"","sticky":false,"template":"","format":"standard","meta":{"footnotes":""},"categories":[9653],"tags":[1111,11,2430,271,272,7539,1777,674,274,1011,27,3367,12,25,4001,7538,104,2803],"class_list":{"0":"post-343557","1":"post","2":"type-post","3":"status-publish","4":"format-standard","5":"has-post-thumbnail","7":"category-saint-etienne","8":"tag-actu","9":"tag-actualites","10":"tag-auvergne-rhone-alpes","11":"tag-crime","12":"tag-delit-et-contravention","13":"tag-edition-loire-sud","14":"tag-eu","15":"tag-europe","16":"tag-faits-divers-justice","17":"tag-fr","18":"tag-france","19":"tag-loire","20":"tag-news","21":"tag-republique-francaise","22":"tag-saint-etienne","23":"tag-saint-etienne-ville","24":"tag-societe","25":"tag-transport"},"share_on_mastodon":{"url":"https:\/\/pubeurope.com\/@fr\/115091111156264019","error":""},"_links":{"self":[{"href":"https:\/\/www.europesays.com\/fr\/wp-json\/wp\/v2\/posts\/343557","targetHints":{"allow":["GET"]}}],"collection":[{"href":"https:\/\/www.europesays.com\/fr\/wp-json\/wp\/v2\/posts"}],"about":[{"href":"https:\/\/www.europesays.com\/fr\/wp-json\/wp\/v2\/types\/post"}],"author":[{"embeddable":true,"href":"https:\/\/www.europesays.com\/fr\/wp-json\/wp\/v2\/users\/2"}],"replies":[{"embeddable":true,"href":"https:\/\/www.europesays.com\/fr\/wp-json\/wp\/v2\/comments?post=343557"}],"version-history":[{"count":0,"href":"https:\/\/www.europesays.com\/fr\/wp-json\/wp\/v2\/posts\/343557\/revisions"}],"wp:featuredmedia":[{"embeddable":true,"href":"https:\/\/www.europesays.com\/fr\/wp-json\/wp\/v2\/media\/343558"}],"wp:attachment":[{"href":"https:\/\/www.europesays.com\/fr\/wp-json\/wp\/v2\/media?parent=343557"}],"wp:term":[{"taxonomy":"category","embeddable":true,"href":"https:\/\/www.europesays.com\/fr\/wp-json\/wp\/v2\/categories?post=343557"},{"taxonomy":"post_tag","embeddable":true,"href":"https:\/\/www.europesays.com\/fr\/wp-json\/wp\/v2\/tags?post=343557"}],"curies":[{"name":"wp","href":"https:\/\/api.w.org\/{rel}","templated":true}]}}