{"id":343559,"date":"2025-08-25T19:42:15","date_gmt":"2025-08-25T19:42:15","guid":{"rendered":"https:\/\/www.europesays.com\/fr\/343559\/"},"modified":"2025-08-25T19:42:15","modified_gmt":"2025-08-25T19:42:15","slug":"mercato-ligue-2-classement-des-effectifs-les-plus-chers","status":"publish","type":"post","link":"https:\/\/www.europesays.com\/fr\/343559\/","title":{"rendered":"Mercato, Ligue 2. Classement des effectifs les plus chers"},"content":{"rendered":"<p><img fetchpriority=\"high\" decoding=\"async\" width=\"620\" height=\"413\" src=\"https:\/\/www.europesays.com\/fr\/wp-content\/uploads\/2025\/08\/Lucas-Stassin-620x413.jpg\" alt=\"Mercato, Ligue 2. Classement des effectifs les plus chers\" class=\"wp-image-365829\"  \/>A 18 M\u20ac, l\u2019attaquant st\u00e9phanois Lucas Stassin est le joueur le plus cher de la Ligue 2.<\/p>\n<p>Voil\u00e0 un classement qui n\u2019est pas encore totalement fig\u00e9, puisque les clubs fran\u00e7ais ont encore quelques jours pour se renforcer et possiblement plus (en fonction des dates des autres championnats), pour d\u00e9graisser leurs effectifs. Mais en <a href=\"https:\/\/sportune.20minutes.fr\/ligue-2-l2\" rel=\"nofollow noopener\" target=\"_blank\">Ligue 2<\/a>, le championnat en est d\u00e9j\u00e0 \u00e0 sa troisi\u00e8me journ\u00e9e et les \u00e9quipes sont d\u00e9sormais largement structur\u00e9e pour la saison en cours. Au moins jusqu\u2019\u00e0 la tr\u00eave et la prochaine fen\u00eatre du mercato.<\/p>\n<p>Ainsi, au classement des collectifs les plus chers estim\u00e9s par Transfermarkt, l\u2019<a href=\"https:\/\/sportune.20minutes.fr\/as-saint-etienne-asse\" rel=\"nofollow noopener\" target=\"_blank\">AS Saint-Etienne<\/a> et le<br \/><a href=\"https:\/\/sportune.20minutes.fr\/stade-de-reims\" rel=\"nofollow noopener\" target=\"_blank\">Stade de Reims<\/a> \u00e9crasent leurs concurrents. Leurs effectifs sont valoris\u00e9s \u00e0 au moins le triple des autres \u00e9quipes et jusqu\u2019\u00e0 trente fois plus \u00e9lev\u00e9 au diff\u00e9rentiel des Verts et du promu <a href=\"https:\/\/sportune.20minutes.fr\/us-boulogne\" rel=\"nofollow noopener\" target=\"_blank\">US Boulogne<\/a>.<\/p>\n<p>Un seul joueur de l\u2019ASSE vaut tout le collectif de l\u2019USBCO<\/p>\n<p>Formul\u00e9 diff\u00e9remment, un seul joueur de l\u2019<a href=\"https:\/\/sportune.20minutes.fr\/as-saint-etienne-asse\" rel=\"nofollow noopener\" target=\"_blank\">AS Saint-Etienne<\/a> est \u00e0 la moyenne cot\u00e9 plus cher que tout le collectif du club nordiste. Pour comparaison, c\u2019est pr\u00e9cis\u00e9ment le m\u00eame rapport entre la moyenne d\u2019un joueur du <a href=\"https:\/\/sportune.20minutes.fr\/paris-saint-germain-psg\" rel=\"nofollow noopener\" target=\"_blank\">Paris Saint-Germain<\/a> en <a href=\"https:\/\/sportune.20minutes.fr\/ligue-1-l1\" rel=\"nofollow noopener\" target=\"_blank\">Ligue 1<\/a> et l\u2019estimation de l\u2019enti\u00e8ret\u00e9 des collectifs d\u2019<a href=\"https:\/\/sportune.20minutes.fr\/angers-sco\" rel=\"nofollow noopener\" target=\"_blank\">Angers SCO<\/a> et de <a href=\"https:\/\/sportune.20minutes.fr\/le-havre-ac-hac\" rel=\"nofollow noopener\" target=\"_blank\">Le Havre AC<\/a>.<\/p>\n<p>Ensemble, les dix-huit formations de la <a href=\"https:\/\/sportune.20minutes.fr\/ligue-2-l2\" rel=\"nofollow noopener\" target=\"_blank\">Ligue 2<\/a> sont estim\u00e9es \u00e0 320,9 millions d\u2019euros pour une moyenne \u00e0 17,83 millions d\u2019euros par club. L\u2019<a href=\"https:\/\/sportune.20minutes.fr\/ea-guingamp\" rel=\"nofollow noopener\" target=\"_blank\">EA Guingamp<\/a> est celui qui s\u2019en approche le plus.<\/p>\n<p>Valorisation des effectifs de la Ligue 2 saison 2025-2026<\/p>\n<p>AS Saint-\u00c9tienne = 72,80 M\u20ac<br \/>Stade de Reims = 70,03 M\u20ac<br \/>Montpellier H\u00e9rault SC = 24,10 M\u20ac<br \/>EA Guingamp = 18,10 M\u20ac<br \/>ESTAC Troyes = 14,83 M\u20ac<br \/>SC Bastia = 13,95 M\u20ac<br \/>Clermont Foot 63 = 13,30 M\u20ac<br \/>Amiens SC = 12,50 M\u20ac<br \/>USL Dunkerque = 11,20 M\u20ac<br \/>Grenoble Foot 38 = 10,65 M\u20ac<br \/>Pau FC = 9,65 M\u20ac<br \/>Red Star FC = 9,58 M\u20ac<br \/>Stade Lavallois = 9,10 M\u20ac<br \/>Rodez AF = 8,35 M\u20ac<br \/>AS Nancy-Lorraine = 7,65 M\u20ac<br \/>FC Annecy = 6,75 M\u20ac<br \/>Le Mans FC = 5,93 M\u20ac<br \/>US Boulogne = 2,43 M\u20ac<\/p>\n","protected":false},"excerpt":{"rendered":"A 18 M\u20ac, l\u2019attaquant st\u00e9phanois Lucas Stassin est le joueur le plus cher de la Ligue 2. Voil\u00e0&hellip;\n","protected":false},"author":2,"featured_media":343560,"comment_status":"","ping_status":"","sticky":false,"template":"","format":"standard","meta":{"footnotes":""},"categories":[9653],"tags":[1111,11,40798,3703,461,2430,33977,19062,40799,1777,674,1011,27,21780,40797,446,463,12,25,40801,4001,5628,464,40802,969,45541,40803],"class_list":{"0":"post-343559","1":"post","2":"type-post","3":"status-publish","4":"format-standard","5":"has-post-thumbnail","7":"category-saint-etienne","8":"tag-actu","9":"tag-actualites","10":"tag-amiens-sc","11":"tag-asnl","12":"tag-asse","13":"tag-auvergne-rhone-alpes","14":"tag-clermont-foot","15":"tag-ea-guingamp","16":"tag-estac","17":"tag-eu","18":"tag-europe","19":"tag-fr","20":"tag-france","21":"tag-gf38","22":"tag-le-mans-fc","23":"tag-ligue-2","24":"tag-mhsc","25":"tag-news","26":"tag-republique-francaise","27":"tag-rodez-af","28":"tag-saint-etienne","29":"tag-sc-bastia","30":"tag-stade-de-reims","31":"tag-stade-lavallois","32":"tag-transfert","33":"tag-us-boulogne","34":"tag-usl-dunkerque"},"share_on_mastodon":{"url":"https:\/\/pubeurope.com\/@fr\/115091115112544178","error":""},"_links":{"self":[{"href":"https:\/\/www.europesays.com\/fr\/wp-json\/wp\/v2\/posts\/343559","targetHints":{"allow":["GET"]}}],"collection":[{"href":"https:\/\/www.europesays.com\/fr\/wp-json\/wp\/v2\/posts"}],"about":[{"href":"https:\/\/www.europesays.com\/fr\/wp-json\/wp\/v2\/types\/post"}],"author":[{"embeddable":true,"href":"https:\/\/www.europesays.com\/fr\/wp-json\/wp\/v2\/users\/2"}],"replies":[{"embeddable":true,"href":"https:\/\/www.europesays.com\/fr\/wp-json\/wp\/v2\/comments?post=343559"}],"version-history":[{"count":0,"href":"https:\/\/www.europesays.com\/fr\/wp-json\/wp\/v2\/posts\/343559\/revisions"}],"wp:featuredmedia":[{"embeddable":true,"href":"https:\/\/www.europesays.com\/fr\/wp-json\/wp\/v2\/media\/343560"}],"wp:attachment":[{"href":"https:\/\/www.europesays.com\/fr\/wp-json\/wp\/v2\/media?parent=343559"}],"wp:term":[{"taxonomy":"category","embeddable":true,"href":"https:\/\/www.europesays.com\/fr\/wp-json\/wp\/v2\/categories?post=343559"},{"taxonomy":"post_tag","embeddable":true,"href":"https:\/\/www.europesays.com\/fr\/wp-json\/wp\/v2\/tags?post=343559"}],"curies":[{"name":"wp","href":"https:\/\/api.w.org\/{rel}","templated":true}]}}