{"id":343565,"date":"2025-08-25T19:45:24","date_gmt":"2025-08-25T19:45:24","guid":{"rendered":"https:\/\/www.europesays.com\/fr\/343565\/"},"modified":"2025-08-25T19:45:24","modified_gmt":"2025-08-25T19:45:24","slug":"le-festival-de-films-courts-a-balaguier-les-28-29-et-30-aout-la-seyne-sur-mer","status":"publish","type":"post","link":"https:\/\/www.europesays.com\/fr\/343565\/","title":{"rendered":"le festival de films courts \u00e0 Balaguier les 28, 29 et 30 ao\u00fbt \u2013 La Seyne-sur-Mer"},"content":{"rendered":"<p>\u201cN\u00e9 il y a 7 ans, raconte Andrea Bergala, autrice, r\u00e9alisatrice et pr\u00e9sidente des <a href=\"https:\/\/lesateliersdelimage.fr\/\" rel=\"nofollow noopener\" target=\"_blank\">Ateliers de l\u2019image<\/a>, le festival \u201c<a href=\"https:\/\/www.helloasso.com\/associations\/association-les-ateliers-de-l-image-la-seyne-sur-mer\/evenements\/festival-films-courts-cote-sud-2025\" rel=\"nofollow noopener\" target=\"_blank\">Films courts C\u00f4t\u00e9 Sud<\/a> \u201d propose chaque \u00e9t\u00e9 de mettre \u00e0 l\u2019honneur les actrices et acteurs de la cr\u00e9ation audiovisuelle et cin\u00e9matographique du Sud de la France au travers de projections de films de courts-m\u00e9trages en plein air, sous les \u00e9toiles du fort Balaguier. Susciter les rencontres avec le grand public et \u00e9changer avec les artistes\/r\u00e9alisateurs dans un cadre enchanteur, face \u00e0 la mer, autant de r\u00eaves devenus r\u00e9alit\u00e9 gr\u00e2ce aux Ateliers de l\u2019image depuis 2019. Et pour que la convivialit\u00e9 soit \u00e0 son comble, nous accueillons le public d\u00e8s 19h pour lui faire profiter de ce lieu magique \u00e0 l\u2019heure de l\u2019ap\u00e9ritif d\u00eenatoire (bar et restauration sont \u00e0 disposition). Venez nous rejoindre les 28, 29 et 30 ao\u00fbt prochains pour profiter des projections, animations et expositions et c\u00e9l\u00e9brer le 7e art !\u201d.<\/p>\n<p><img fetchpriority=\"high\" decoding=\"async\" class=\"size-medium wp-image-85959\" src=\"https:\/\/www.europesays.com\/fr\/wp-content\/uploads\/2025\/08\/DSC_3563-200x300.jpg\" alt=\"\" width=\"200\" height=\"300\"  \/>Nathalie Trezza des Ateliers de l\u2019image.<br \/>\nLe programme<\/p>\n<p>Hors comp\u00e9tition : Films collaboratif-ADI <strong>\u201cTalon Aiguille\u201d<\/strong> avec l\u2019Ufolep La Seyne-sur-Mer. Film d\u2019animation 1\u201955<br \/><strong>\u201cUn homme \u00e7a pleure pas\u201d<\/strong> avec la Roseraie Toulon- Film d\u2019animation 2\u201930 en comp\u00e9tition<br \/><strong>\u201cAu bain des dames\u201d<\/strong> de Margaux Fournier (Marseille) \u2013 documentaire \/ 30\u2019- Tous les jours, Jo\u00eblle rejoint ses amies retrait\u00e9es sur la plage du Bain des dames \u00e0 Marseille. Comme dans un th\u00e9\u00e2tre \u00e0 ciel ouvert, elles rient, parlent d\u2019amour, de sexe, de corps qui changent, et refont le monde avec la libert\u00e9 de celles qui n\u2019ont plus rien \u00e0 prouver.<br \/><strong>\u201cQuiproquo parfait\u201d<\/strong> de St\u00e9phen Moreau (Vias \u2013 R\u00e9gion Occitanie) \u2013 fiction \/ 6\u2019- L\u00e9a, c\u00e9libataire, vient pour un date arrang\u00e9 par un ami dans un bar. Louis, responsable RH, attend une candidate recommand\u00e9e par un confr\u00e8re pour un entretien d\u2019embauche. Par un concours de circonstances, L\u00e9a croit que Louis est son rencard, tandis que Louis est persuad\u00e9 que L\u00e9a est la candidate\u2026<br \/><strong>\u201cDerni\u00e8re tribune\u201d<\/strong> de Maxime Ghinozzi (Sanary-sur-Mer) \u2013 documentaire \/ 5\u2019- Une usine d\u2019impression de journaux condamn\u00e9e \u00e0 fermer d\u2019ici quelques ann\u00e9es \u00e0 cause de l\u2019informatisation de la presse.<br \/><strong>\u201cMonochrome\u201d<\/strong> de C\u00e9dric Pr\u00e9vost (Paris) \u2013 fiction \/ 14\u2019- Apr\u00e8s des mois de relation \u00e0 distance via un site de rencontres, Thomas propose \u00e0 Marie, qui habite \u00e0 l\u2019autre bout du pays, d\u2019enfin la rencontrer en vrai. Mais avant cela, elle va devoir faire une r\u00e9v\u00e9lation choquante pour le jeune homme.<\/p>\n<p><strong>\u201cM\u00e9moire de formes\u201d<\/strong> d\u2019Alexandre Mexis (Saint-Rapha\u00ebl) \u2013 fiction \/ 13\u2019- Un soir, \u00e0 l\u2019arr\u00eat dans sa voiture \u00e0 un croisement o\u00f9 il est seul, Paul appelle sa femme, il rentrera tard. Puis il prend la direction d\u2019un magasin de literie et engage la conversation avec une vendeuse\u2026<br \/><strong>\u201cL\u2019odeur perdue\u201d<\/strong> de Basela Abou Hamed et Marie Milliard (Marseille) \u2013 documentaire \/ 9\u2019- Basela est n\u00e9e \u00e0 Damas en Syrie, elle y a grandi et a v\u00e9cu au camp de Yarmouk qui a accueilli les r\u00e9fugi\u00e9s palestiniens apr\u00e8s la Nakba en 1948 (plus de160 000 y vivaient et \u00e0 peu pr\u00e8s autant de Syriens). Elle se souvient de ses rues anim\u00e9es, des odeurs d\u00e9licieuses et irr\u00e9sistibles des \u00e9choppes, des relations chaleureuses avec les voisins et les amis\u2026<br \/><strong>\u00ab Santa Mandreano \u00bb<\/strong> de G\u00e9rard Rinaldi alias \u00ab Tonton Dg\u00e9 \u00bb (Saint-Mandrier) \u2013 clip \/ 5\u2019 Hors comp\u00e9tition : Films collaboratif-ADI<br \/><strong>\u00ab L\u2019attestation \u00bb<\/strong> film d\u2019animation \/4\u201939<br \/><strong>\u00ab Karma \u00bb<\/strong> film d\u2019animation \/3\u201921<\/p>\n<p>Vote du public<\/p>\n<p>En comp\u00e9tition<br \/><strong>\u201cCase perdue\u201d<\/strong> de Kassim Mbae (Toulon) \u2013 fiction \/ 18\u2019- Un d\u00e9tenu se cr\u00e9e un rival imaginaire qui l\u2019entra\u00eene sur le chemin du d\u00e9passement de soi. Entre illusions, sport et entraide, il se reconstruit et r\u00eave d\u2019un avenir porteur d\u2019espoir.<br \/><strong>\u201cDur \u00e0 cuire\u201d<\/strong> de Florian Sanchez (Paris) \u2013 fiction \/ 3\u2019 \u2013 Mais pourquoi le cadavre de M. Blanchard n\u2019a-t-il pas br\u00fbl\u00e9 ?<br \/><strong>\u201cAutre (Pr\u00e9cisez)\u201d<\/strong> de Nicolas Paban (Toulon) \u2013 fiction \/ 20\u2019- Jeannot peine \u00e0 para\u00eetre comme un bon escroc aux yeux de sa maman, marraine d\u2019une organisation criminelle. Jusqu\u2019au jour o\u00f9 Axiel un.e truand.e non genr\u00e9.e int\u00e8gre le gang et chamboule ses perceptions.<br \/><strong>\u201cGodspeed\u201d<\/strong> d\u2019Alexis Braun (Toulon) \u2013 fiction \/ 23\u2019 Dior et Kenzo bouillonnent \u00e0 l\u2019int\u00e9rieur. Captifs d\u2019une ville coinc\u00e9e entre la montagne et la mer, ils r\u00eavent de s\u2019\u00e9vader. Quand les incendies qui ravagent la r\u00e9gion menacent le zoo local et ses fauves, leur r\u00e9volte d\u00e9borde leur imagination.<br \/><strong>\u201cSans chair ni voix\u201d<\/strong> de Louise Massis (Marseille) \u2013 exp\u00e9rimental \/ 2\u2019- Fiction po\u00e9tique qui met en sc\u00e8ne un fant\u00f4me errant dans de vastes \u00e9tendues, et qui personnifie l\u2019invisibilit\u00e9 sociale.<br \/><strong>\u201cEt puis un jour\u2026\u201d<\/strong> de Virginie Salbanera et Jacky Malfione (Ollioules) \u2013 fiction \/ 15\u2019- Pas de chance, Sylvie et son fils tombent en panne et l\u2019orage \u00e9clate \u2026 ils vont faire la connaissance de Constance \u2026 hasard ou destin ?<br \/><strong>\u201cSous tes yeux\u201d<\/strong> de Jocelyn Ramirez (Sanary) \u2013 fiction \/ 3\u2019- Dans l\u2019agitation d\u2019un m\u00e9tro, une femme s\u2019assoit. Au milieu du vacarme ambiant, un regard la trouble : celui d\u2019un homme discret qui lui sourit. Peu \u00e0 peu, un jeu silencieux se tisse entre eux, fait de regards furtifs et de sourires esquiss\u00e9s. Mais jusqu\u2019o\u00f9 ce jeu de s\u00e9duction les m\u00e9nera-t-il ?<\/p>\n<p>Cette ann\u00e9e, les Ateliers de l\u2019image ont d\u00e9cid\u00e9 de programmer hors comp\u00e9tition, <strong>\u201cFramed\u201d<\/strong> un film enti\u00e8rement g\u00e9n\u00e9r\u00e9 par l\u2019IA. Non, ce n\u2019est pas une provocation mais l\u2019envie de proposer un d\u00e9bat avec le public autour d\u2019un sujet hautement inflammable et qui suscite beaucoup d\u2019\u00e9motions pour ne pas dire de peurs au sein de la profession et de la soci\u00e9t\u00e9 toute enti\u00e8re. Hors comp\u00e9tition : d\u00e9bat avec Lionel Payet Pigeon, \u00ab storyteller \u00bb. Sp\u00e9cialiste de l\u2019IA g\u00e9n\u00e9rative notamment dans la conception de d\u00e9cors. Lionel a collabor\u00e9 sur les films \u00ab Warsha \u00bb, \u00ab La nonne 2\u2033, \u00ab The Serpent Queen \u00bb,<br \/><strong>\u00ab Chien 51 \u00bb<\/strong> de C\u00e9dric Jimenez ou encore le clip Symphonie des \u00e9clairs de Zaho de Sagazan. Il produit12 minutes de fiction int\u00e9gr\u00e9es aux c\u00e9r\u00e9monies d\u2019ouverture des Jeux Olympiques 2024 Paris.<br \/><strong>\u201cIA vous avez dit IA\u201d<\/strong> \u2013 Films d\u2019animation \/ 2\u2019 \u2013 ADI 2, films d\u2019animation \u2013 Sensibilisation \u00e0 l\u2019utilisation de L\u2019IA avec le coll\u00e8ge Henri Wallon dans le cadre du Label \u201cCit\u00e9 \u00e9ducative\u201d- La Seyne-sur-Mer<br \/><strong>\u201cFramed\u201d<\/strong> de Lionel Payet Pigeon (Marseille) \u2013 fiction \/ 3\u2019- Une femme photographie une maison \u00e9trange. L\u2019image la hante puis la pi\u00e8ge.<\/p>\n<p>Vote du public<\/p>\n<p>Hors comp\u00e9tition<br \/><strong>\u201cUn monde \u00e0 colorer\u201d<\/strong> \u2013 7\u2019- avec L\u2019AMIQ, Nouvel Horizon, Centre Culturel Nelson Mandela, La Maefe, nos adh\u00e9rents.<br \/><strong>\u00ab Une vague d\u2019\u00e9motion \u00bb<\/strong> 2,50\u2019 et <strong>\u00ab Raconte-moi une histoire \u00bb<\/strong> \u2013 5\u201955 \u2013 deux dessins anim\u00e9s r\u00e9alis\u00e9s dans le cadre du Label Cit\u00e9 \u00c9ducative avec le coll\u00e8ge Curie.<\/p>\n<p><img loading=\"lazy\" decoding=\"async\" class=\"size-medium wp-image-85957\" src=\"https:\/\/www.europesays.com\/fr\/wp-content\/uploads\/2025\/08\/Levil_Oscars-169x300.jpg\" alt=\"\" width=\"169\" height=\"300\"  \/>Guillaume Levil \u00e0 la c\u00e9r\u00e9monie des Oscars 2023.<\/p>\n<p>Carte blanche \u00e0 Guillaume Levil : <strong>\u201cPortraitiste\u201d<\/strong> de Cyrus Neshval (Iran \/ Luxembourg) \u2013 fiction \/ 16\u2019- Un grand-p\u00e8re construit une relation avec sa petite-fille mourante \u2013 \u00e0 travers<br \/>l\u2019art.<\/p>\n<p><strong>\u201cJe t\u2019\u00e9cris\u201d<\/strong> de Guillaume Levil (Nice) \u2013 fiction \/ 52\u2019<br \/>\u201cJe t\u2019\u00e9cris\u201d est une com\u00e9die documentaire qui nous interroge sur le langage \u00e9crit au sein de notre soci\u00e9t\u00e9-tumulte : cette forme d\u2019expression a-t-elle totalement disparu ou juste mut\u00e9 ? Ces changements ont-ils des effets sur les m\u0153urs ? Pour r\u00e9pondre sont r\u00e9colt\u00e9s les exp\u00e9riences et les avis teint\u00e9s d\u2019humour d\u2019adolescents en construction, d\u2019une \u00e9crivaine publique, et de sp\u00e9cialistes<br \/>du langage\u2026<\/p>\n<p>Remise du prix du Jury \u00ab meilleur film de la comp\u00e9tition \u00bb<\/p>\n<p>Infos pratiques, tarifs et r\u00e9servation <a href=\"https:\/\/www.helloasso.com\/associations\/association-les-ateliers-de-l-image-la-seyne-sur-mer\/evenements\/festival-films-courts-cote-sud-2025\" rel=\"nofollow noopener\" target=\"_blank\"><strong>ici<\/strong><\/a>.<\/p>\n","protected":false},"excerpt":{"rendered":"\u201cN\u00e9 il y a 7 ans, raconte Andrea Bergala, autrice, r\u00e9alisatrice et pr\u00e9sidente des Ateliers de l\u2019image, le&hellip;\n","protected":false},"author":2,"featured_media":343566,"comment_status":"","ping_status":"","sticky":false,"template":"","format":"standard","meta":{"footnotes":""},"categories":[9619],"tags":[1111,11,1777,674,1011,27,12,882,25,2310],"class_list":{"0":"post-343565","1":"post","2":"type-post","3":"status-publish","4":"format-standard","5":"has-post-thumbnail","7":"category-toulon","8":"tag-actu","9":"tag-actualites","10":"tag-eu","11":"tag-europe","12":"tag-fr","13":"tag-france","14":"tag-news","15":"tag-provence-alpes-cote-dazur","16":"tag-republique-francaise","17":"tag-toulon"},"share_on_mastodon":{"url":"https:\/\/pubeurope.com\/@fr\/115091126677087810","error":""},"_links":{"self":[{"href":"https:\/\/www.europesays.com\/fr\/wp-json\/wp\/v2\/posts\/343565","targetHints":{"allow":["GET"]}}],"collection":[{"href":"https:\/\/www.europesays.com\/fr\/wp-json\/wp\/v2\/posts"}],"about":[{"href":"https:\/\/www.europesays.com\/fr\/wp-json\/wp\/v2\/types\/post"}],"author":[{"embeddable":true,"href":"https:\/\/www.europesays.com\/fr\/wp-json\/wp\/v2\/users\/2"}],"replies":[{"embeddable":true,"href":"https:\/\/www.europesays.com\/fr\/wp-json\/wp\/v2\/comments?post=343565"}],"version-history":[{"count":0,"href":"https:\/\/www.europesays.com\/fr\/wp-json\/wp\/v2\/posts\/343565\/revisions"}],"wp:featuredmedia":[{"embeddable":true,"href":"https:\/\/www.europesays.com\/fr\/wp-json\/wp\/v2\/media\/343566"}],"wp:attachment":[{"href":"https:\/\/www.europesays.com\/fr\/wp-json\/wp\/v2\/media?parent=343565"}],"wp:term":[{"taxonomy":"category","embeddable":true,"href":"https:\/\/www.europesays.com\/fr\/wp-json\/wp\/v2\/categories?post=343565"},{"taxonomy":"post_tag","embeddable":true,"href":"https:\/\/www.europesays.com\/fr\/wp-json\/wp\/v2\/tags?post=343565"}],"curies":[{"name":"wp","href":"https:\/\/api.w.org\/{rel}","templated":true}]}}