{"id":343567,"date":"2025-08-25T19:46:37","date_gmt":"2025-08-25T19:46:37","guid":{"rendered":"https:\/\/www.europesays.com\/fr\/343567\/"},"modified":"2025-08-25T19:46:37","modified_gmt":"2025-08-25T19:46:37","slug":"gagner-un-titre-avec-toulon-est-mon-seul-reve-baptiste-serin-ambitieux-pour-la-nouvelle-saison","status":"publish","type":"post","link":"https:\/\/www.europesays.com\/fr\/343567\/","title":{"rendered":"\u00abGagner un titre avec Toulon est mon seul r\u00eave\u00bb, Baptiste Serin ambitieux pour la nouvelle saison"},"content":{"rendered":"<p>Le demi de m\u00eal\u00e9e international, essentiel au RCT, aborde la saison \u00e0 venir avec ambition.<\/p>\n<p class=\"fig-paragraph\"><a href=\"http:\/\/www.lefigaro.fr\/sports\/rugby\/top-14\/demi-finale-du-top-14-il-est-parti-a-toulon-pour-jouer-ce-type-de-match-baptiste-serin-l-ancien-de-l-ubb-devenu-pion-essentiel-du-rct-20250621\" data-fig-type=\"Article\" data-gtm-custom-categorie=\"navigation\" data-gtm-custom-action=\"crossclick\" data-gtm-custom-label=\"Contextuel\" data-gtm-event=\"customEventSPE\" data-fig-domain=\"LEFIGARO\" rel=\"nofollow noopener\" target=\"_blank\">Baptiste Serin<\/a>\u00a0sort d\u2019une saison remarquable avec le\u00a0<a href=\"http:\/\/www.lefigaro.fr\/sports\/rugby\/top-14\/top-14-en-images-quand-toulon-s-inspire-du-porte-avions-charles-de-gaulle-pour-creer-son-maillot-exterieur-20250728\" data-fig-type=\"NewsFlash\" data-gtm-custom-categorie=\"navigation\" data-gtm-custom-action=\"crossclick\" data-gtm-custom-label=\"Contextuel\" data-gtm-event=\"customEventSPE\" data-fig-domain=\"LEFIGARO\" rel=\"nofollow noopener\" target=\"_blank\">Rugby Club Toulonnais<\/a>, qui s\u2019\u00e9tait hiss\u00e9 en quarts de finale de la Champions Cup et en demi-finale du Top 14. Le num\u00e9ro 9 s\u2019est un peu plus affirm\u00e9 le patron de l\u2019\u00e9quipe toulonnaise, qui souffre \u00e0 chacune de ses rares absences. Capable de d\u00e9bloquer les situations \u00e0 la main comme au pied, le demi de m\u00eal\u00e9e international est l\u2019un des grands acteurs du retour du RCT au premier plan.<\/p>\n<p class=\"fig-paragraph\">Alors que la saison 2025-2026 va d\u00e9buter d\u00e9but septembre, l\u2019ancien joueur de l\u2019UBB r\u00e9affirme son ambition de remporter un titre avec Toulon. \u00abGagner un titre avec Toulon est le dernier objectif de ma carri\u00e8re, a-t-il confi\u00e9 \u00e0 nos confr\u00e8res de\u00a0<a href=\"https:\/\/www.lamarseillaise.fr\/sports\/entretien-baptiste-serin-gagner-un-titre-avec-toulon-est-le-dernier-objectif-de-ma-carriere-MH18680480\" target=\"_blank\" rel=\"sponsored noopener nofollow\" data-gtm-custom-categorie=\"navigation\" data-gtm-custom-action=\"crossclick\" data-gtm-custom-label=\"Contextuel\" data-gtm-event=\"customEventSPE\">La Marseillaise<\/a> . C\u2019est mon seul r\u00eave. J\u2019ai envie de gagner quelque chose et faire plaisir \u00e0 tous nos supporters. Ils sont nombreux \u00e0 venir assister \u00e0 nos entra\u00eenements et nos matches, on a forc\u00e9ment envie de leur rendre la pareille.\u00bb\u00a0<\/p>\n<p>                                    <a class=\"fig-a11y-skip a11y-hidden\" href=\"#fig-a11y-skip-main-inarticle\"><br \/>\n        Passer la publicit\u00e9<br \/>\n    <\/a><\/p>\n<p class=\"fig-paragraph\">Et d\u2019ajouter\u00a0: \u00abOn a un pr\u00e9sident de 87 ans (Bernard Lema\u00eetre) qui bosse comme un fou pour vivre lui aussi un r\u00eave qu\u2019il attend depuis longtemps. \u00c7a serait g\u00e9nial de pouvoir lui offrir ce troph\u00e9e sur un plateau.\u00bb Lors de premi\u00e8re journ\u00e9e du Top 14, Toulon se d\u00e9placera \u00e0 Montpellier, le samedi 6 septembre (19h).<\/p>\n","protected":false},"excerpt":{"rendered":"Le demi de m\u00eal\u00e9e international, essentiel au RCT, aborde la saison \u00e0 venir avec ambition. Baptiste Serin\u00a0sort d\u2019une&hellip;\n","protected":false},"author":2,"featured_media":343568,"comment_status":"","ping_status":"","sticky":false,"template":"","format":"standard","meta":{"footnotes":""},"categories":[9619],"tags":[1111,11,1777,674,1011,27,12,882,3461,25,10405,2310],"class_list":{"0":"post-343567","1":"post","2":"type-post","3":"status-publish","4":"format-standard","5":"has-post-thumbnail","7":"category-toulon","8":"tag-actu","9":"tag-actualites","10":"tag-eu","11":"tag-europe","12":"tag-fr","13":"tag-france","14":"tag-news","15":"tag-provence-alpes-cote-dazur","16":"tag-rct","17":"tag-republique-francaise","18":"tag-rugby-club-toulonnais","19":"tag-toulon"},"share_on_mastodon":{"url":"https:\/\/pubeurope.com\/@fr\/115091130538797584","error":""},"_links":{"self":[{"href":"https:\/\/www.europesays.com\/fr\/wp-json\/wp\/v2\/posts\/343567","targetHints":{"allow":["GET"]}}],"collection":[{"href":"https:\/\/www.europesays.com\/fr\/wp-json\/wp\/v2\/posts"}],"about":[{"href":"https:\/\/www.europesays.com\/fr\/wp-json\/wp\/v2\/types\/post"}],"author":[{"embeddable":true,"href":"https:\/\/www.europesays.com\/fr\/wp-json\/wp\/v2\/users\/2"}],"replies":[{"embeddable":true,"href":"https:\/\/www.europesays.com\/fr\/wp-json\/wp\/v2\/comments?post=343567"}],"version-history":[{"count":0,"href":"https:\/\/www.europesays.com\/fr\/wp-json\/wp\/v2\/posts\/343567\/revisions"}],"wp:featuredmedia":[{"embeddable":true,"href":"https:\/\/www.europesays.com\/fr\/wp-json\/wp\/v2\/media\/343568"}],"wp:attachment":[{"href":"https:\/\/www.europesays.com\/fr\/wp-json\/wp\/v2\/media?parent=343567"}],"wp:term":[{"taxonomy":"category","embeddable":true,"href":"https:\/\/www.europesays.com\/fr\/wp-json\/wp\/v2\/categories?post=343567"},{"taxonomy":"post_tag","embeddable":true,"href":"https:\/\/www.europesays.com\/fr\/wp-json\/wp\/v2\/tags?post=343567"}],"curies":[{"name":"wp","href":"https:\/\/api.w.org\/{rel}","templated":true}]}}