{"id":343569,"date":"2025-08-25T19:47:09","date_gmt":"2025-08-25T19:47:09","guid":{"rendered":"https:\/\/www.europesays.com\/fr\/343569\/"},"modified":"2025-08-25T19:47:09","modified_gmt":"2025-08-25T19:47:09","slug":"celebrez-la-fin-de-lete-en-musique-au-chateau-de-flaugergues","status":"publish","type":"post","link":"https:\/\/www.europesays.com\/fr\/343569\/","title":{"rendered":"c\u00e9l\u00e9brez la fin de l\u2019\u00e9t\u00e9 en musique au Ch\u00e2teau de Flaugergues"},"content":{"rendered":"<p>            Par<br \/>\n        <strong><br \/>\n            <a href=\"https:\/\/actu.fr\/auteur\/metropoop\" title=\"Consulter tous les articles de R\u00e9daction M\u00e9tropolitain\" target=\"_blank\" rel=\"noopener\">R\u00e9daction M\u00e9tropolitain<\/a><br \/>\n        <\/strong><\/p>\n<p>        Publi\u00e9 le<\/p>\n<p>            25 ao\u00fbt 2025 \u00e0 21h28        <\/p>\n<p>Pour clore l\u2019\u00e9t\u00e9 tout en douceur, le <strong>Ch\u00e2teau de Flaugergues,<\/strong> \u00e0<strong> Montpellier\u00a0<\/strong>se met en f\u00eate en proposant un concert sur sa terrasse ce <strong>mardi 26 ao\u00fbt 2025<\/strong>. De <strong>19h \u00e0 23h<\/strong>, venez vivre <strong>une derni\u00e8re soir\u00e9e d\u2019\u00e9t\u00e9<\/strong> \u00e0 la belle \u00e9toile tout en \u00e9coutant les plus grands classiques du <strong>jazz<\/strong> et de la <strong>soul<\/strong>.<\/p>\n<p>    <a href=\"https:\/\/www.google.com\/maps\/embed?pb=!1m18!1m12!1m3!1d5777.644814127475!2d3.9185682999999907!3d43.61023919999999!2m3!1f0!2f0!3f0!3m2!1i1024!2i768!4f13.1!3m3!1m2!1s0x12b6a59d1e8344ad%3A0x94e122ae90300b61!2sCh%C3%A2teau%20De%20Flaugergues!5e0!3m2!1sfr!2sfr!4v1754303388350!5m2!1sfr!2sfr\" title=\"Ouvrie le lien\" target=\"_blank\" rel=\"noopener\">Cliquez ici pour visualiser le contenu<\/a><\/p>\n<p class=\" wall-content\">Au programme ? Ella Fitzgerald, Etta James, Aretha Franklin, Otis Redding, Billie Holiday, Ray Charles, Stevie Wonder, Amy Winehouse\u2026 Le <strong>groupe Jazz\u2019N Soul Tribute<\/strong> fera revivre ces ic\u00f4nes, port\u00e9 par la voix vibrante de <strong>La\u00e9titia Camboulives<\/strong>, alias Looloo. Le tout, un verre \u00e0 la main, dans les jardins de ce ch\u00e2teau embl\u00e9matique du XVIIIe si\u00e8cle.<\/p>\n<p class=\" wall-content\">Sur sc\u00e8ne, elle sera accompagn\u00e9e par une formation de musiciens passionn\u00e9s : Sylvain Avazeri \u00e0 la trompette, C\u00e9sar Jacquot \u00e0 la guitare, Didier Broye \u00e0 la batterie, Victor Ibanez \u00e0 la contrebasse, Denis F\u00e9nelon au piano, Dan Di Ruzza au trombone ainsi que Jean Donnantuono et Bernard Marqui\u00e9 aux saxophones.<\/p>\n<p>Vin et guingette<\/p>\n<p class=\" wall-content\">Le concert ne d\u00e9butera qu\u2019\u00e0 <strong>20h30<\/strong>, bien que les visiteurs puissent venir sur place d\u00e8s 19h pour profiter du <strong>bar \u00e0 vins<\/strong> du domaine ainsi que des <strong>stands de restauration<\/strong> propos\u00e9s par Boc d\u2019Oc. Une soir\u00e9e qui s\u2019annonce id\u00e9ale pour se d\u00e9tendre avant la rentr\u00e9e\u2026<\/p>\n<p>&gt; Mardi 26 ao\u00fbt, de 19h \u00e0 23h au Ch\u00e2teau de Flaugergues, 1744, avenue Albert Einstein, 34 000 Montpellier. Le lieu est accessible en voiture (parking sur place) et par le tram ligne 1 (arr\u00eat Mill\u00e9naire).<br \/>\nEntr\u00e9e + verre de vin offert. Plein tarif : 12\u20ac, tarif r\u00e9duit : 10\u20ac (adh\u00e9rents Art Flau, jeunes de 12 \u00e0 18 ans, demandeurs d\u2019emploi, \u00e9tudiants)<br \/>\nR\u00e9servation sur : <a href=\"http:\/\/www.flaugergues.com\" target=\"_blank\" rel=\"noopener\">www.flaugergues.com<\/a><\/p>\n<p class=\" wall-content\">Personnalisez votre actualit\u00e9 en ajoutant vos villes et m\u00e9dias en favori avec <a href=\"https:\/\/moncompte.actu.fr\" title=\"D\u00e9couvez Mon Actu\" rel=\"nofollow noopener\" data-trk=\"{&quot;cta&quot;:{&quot;action&quot;:&quot;https:\\\/\\\/moncompte.actu.fr&quot;,&quot;category&quot;:&quot;mon compte&quot;,&quot;from&quot;:&quot;article footer&quot;,&quot;name&quot;:&quot;Mon actu&quot;,&quot;type&quot;:&quot;cta&quot;}}\" target=\"_blank\">Mon Actu<\/a>.<\/p>\n","protected":false},"excerpt":{"rendered":"Par R\u00e9daction M\u00e9tropolitain Publi\u00e9 le 25 ao\u00fbt 2025 \u00e0 21h28 Pour clore l\u2019\u00e9t\u00e9 tout en douceur, le Ch\u00e2teau&hellip;\n","protected":false},"author":2,"featured_media":343570,"comment_status":"","ping_status":"","sticky":false,"template":"","format":"standard","meta":{"footnotes":""},"categories":[9599],"tags":[1111,11,1697,1777,674,1011,27,1652,2208,12,2680,25,3176,1662],"class_list":{"0":"post-343569","1":"post","2":"type-post","3":"status-publish","4":"format-standard","5":"has-post-thumbnail","7":"category-montpellier","8":"tag-actu","9":"tag-actualites","10":"tag-concert","11":"tag-eu","12":"tag-europe","13":"tag-fr","14":"tag-france","15":"tag-loisirs-culture","16":"tag-montpellier","17":"tag-news","18":"tag-occitanie","19":"tag-republique-francaise","20":"tag-vacances-scolaires","21":"tag-vin"},"share_on_mastodon":{"url":"https:\/\/pubeurope.com\/@fr\/115091134490967384","error":""},"_links":{"self":[{"href":"https:\/\/www.europesays.com\/fr\/wp-json\/wp\/v2\/posts\/343569","targetHints":{"allow":["GET"]}}],"collection":[{"href":"https:\/\/www.europesays.com\/fr\/wp-json\/wp\/v2\/posts"}],"about":[{"href":"https:\/\/www.europesays.com\/fr\/wp-json\/wp\/v2\/types\/post"}],"author":[{"embeddable":true,"href":"https:\/\/www.europesays.com\/fr\/wp-json\/wp\/v2\/users\/2"}],"replies":[{"embeddable":true,"href":"https:\/\/www.europesays.com\/fr\/wp-json\/wp\/v2\/comments?post=343569"}],"version-history":[{"count":0,"href":"https:\/\/www.europesays.com\/fr\/wp-json\/wp\/v2\/posts\/343569\/revisions"}],"wp:featuredmedia":[{"embeddable":true,"href":"https:\/\/www.europesays.com\/fr\/wp-json\/wp\/v2\/media\/343570"}],"wp:attachment":[{"href":"https:\/\/www.europesays.com\/fr\/wp-json\/wp\/v2\/media?parent=343569"}],"wp:term":[{"taxonomy":"category","embeddable":true,"href":"https:\/\/www.europesays.com\/fr\/wp-json\/wp\/v2\/categories?post=343569"},{"taxonomy":"post_tag","embeddable":true,"href":"https:\/\/www.europesays.com\/fr\/wp-json\/wp\/v2\/tags?post=343569"}],"curies":[{"name":"wp","href":"https:\/\/api.w.org\/{rel}","templated":true}]}}