{"id":343575,"date":"2025-08-25T19:54:15","date_gmt":"2025-08-25T19:54:15","guid":{"rendered":"https:\/\/www.europesays.com\/fr\/343575\/"},"modified":"2025-08-25T19:54:15","modified_gmt":"2025-08-25T19:54:15","slug":"grenoble-12-mois-de-prison-avec-sursis-pour-le-conducteur-qui-avait-fauche-quatre-personnes-apres-la-victoire-du-psg","status":"publish","type":"post","link":"https:\/\/www.europesays.com\/fr\/343575\/","title":{"rendered":"Grenoble\u00a0: 12 mois de prison avec sursis pour le conducteur qui avait fauch\u00e9 quatre personnes apr\u00e8s la victoire du PSG"},"content":{"rendered":"<p>Un conducteur de 19 ans a \u00e9t\u00e9 condamn\u00e9 ce lundi \u00e0 12 mois de prison avec sursis pour blessures involontaires par le tribunal de Grenoble. Il avait bless\u00e9 quatre personnes le 31 mai dernier apr\u00e8s la victoire du PSG, suite \u00e0 une sortie de route de sa voiture \u00e0 hauteur du cours Jean-Jaur\u00e8s.<\/p>\n<p>Un \u00ab\u00a0rassemblement festif qui a tourn\u00e9 \u00e0 l&rsquo;horreur pour cette famille\u00a0\u00bb. \u00ab\u00a0Cet accident n&rsquo;aurait pas d\u00fb avoir lieu\u00a0\u00bb, ajoute la procureure. Un jeune de 19 ans a \u00e9t\u00e9 condamn\u00e9 par le tribunal de Grenoble, ce lundi, \u00e0 <strong>12 mois de prison avec sursis<\/strong> pour avoir\u00a0<a class=\"IciLink ici-link IciArticleLink g-ici-body-regular-1 underline brand svelte-lu7k6w\" href=\"https:\/\/www.francebleu.fr\/infos\/faits-divers-justice\/grenoble-quatre-blesses-graves-renverses-par-une-voiture-en-marge-des-celebrations-de-la-victoire-du-psg-4076925\" rel=\"nofollow noopener\" target=\"_blank\">bless\u00e9 quatre membres d&rsquo;une m\u00eame famille apr\u00e8s la victoire du PSG en Ligue des champions, le 31 mai dernier<\/a>. Il a perdu le contr\u00f4le de sa voiture, une BMW, alors qu&rsquo;il roulait sur les voies de trams \u00e0 hauteur du cours Jean-Jaur\u00e8s.<\/p>\n<p>R\u00e9sultat\u00a0: quatre personnes bless\u00e9es, dont deux jumeaux \u00e2g\u00e9s de 17 ans. Leur maman, pr\u00e9sente au moment des faits, ne s&rsquo;est pas exprim\u00e9e lors de l&rsquo;audience, elle est encore choqu\u00e9e, pr\u00e8s de trois mois apr\u00e8s. Leur ni\u00e8ce a \u00e9galement \u00e9t\u00e9 touch\u00e9e.\u00a0Le jeune conducteur qui venait d&rsquo;acqu\u00e9rir le v\u00e9hicule deux semaines avant les faits, a <strong>tenu \u00e0 s&rsquo;excuser aupr\u00e8s de la famille, assise \u00e0 quelques m\u00e8tres de lui.<\/strong><\/p>\n<p>Rapport d&rsquo;expertise<\/p>\n<p>Au d\u00e9part, le jeune de 19 ans raconte qu&rsquo;il a visionn\u00e9 le match avec des membres de sa famille avant de rejoindre des amis dans le centre de Grenoble pour continuer la f\u00eate. Lorsqu&rsquo;il arrive \u00e0 hauteur du cours Jean-Jaur\u00e8s, il \u00e9voque des tirs de mortiers \u00e0 hauteur du carrefour et cherche \u00e0 partir. \u00ab\u00a0Je n&rsquo;avais pas envie qu&rsquo;on d\u00e9truise mon v\u00e9hicule\u00a0\u00bb, s&rsquo;est-il expliqu\u00e9 \u00e0 la barre. Il explique ensuite qu&rsquo;il quitte la route et se met \u00e0 rouler sur l&rsquo;herbe humide des voies de tram, pendant 150 m\u00e8tres pr\u00e9cise le rapport d&rsquo;expertise, avant de perdre le contr\u00f4le de la voiture.<\/p>\n<p>\u00ab\u00a0Pris par la panique, j&rsquo;ai fait l&rsquo;erreur de passer par la voie de tram\u00a0\u00bb, avant que l&rsquo;arri\u00e8re du v\u00e9hicule n&rsquo;aille vers \u00ab\u00a0la droite\u00a0\u00bb, puis sur \u00ab\u00a0la gauche\u00a0\u00bb et la perte totale de contr\u00f4le. \u00c0 ce moment, une famille traverse le passage pi\u00e9ton au croisement du cours Jean-Jaur\u00e8s et de l&rsquo;avenue Alsace-Lorraine. Le p\u00e8re de famille est dans sa boutique \u00e0 quelques m\u00e8tres des lieux. \u00ab\u00a0Les gens m&rsquo;ont dit que quelqu&rsquo;un \u00e9tait mort\u00a0\u00bb, a-t-il racont\u00e9 durant l&rsquo;audience. Son fils vient d&rsquo;\u00eatre gravement bless\u00e9, avec \u00ab\u00a0deux mois d&rsquo;ITT\u00a0\u00bb, pr\u00e9cise la pr\u00e9sidente du tribunal. Il devait passer son bac de fran\u00e7ais le lendemain de l&rsquo;accident.\u00a0<a class=\"IciLink ici-link IciArticleLink g-ici-body-regular-1 underline brand svelte-lu7k6w\" href=\"https:\/\/www.francebleu.fr\/infos\/faits-divers-justice\/le-conducteur-qui-a-fauche-quatre-personnes-a-grenoble-laisse-libre-deux-jeunes-toujours-hospitalises-8680527\" rel=\"nofollow noopener\" target=\"_blank\">Il porte encore un collier autour des cervicales aujourd&rsquo;hui<\/a>.<\/p>\n<p>\u00c0 \u00e9couter aussi   <img decoding=\"async\" src=\"https:\/\/www.europesays.com\/fr\/wp-content\/uploads\/2025\/08\/1756151654_438_560x315\" alt=\"Rajah, le p\u00e8re de Vithu, l'un des deux jeunes hospitalis\u00e9s et toujours dans un \u00e9tat grave.\" style=\"--_image-preview:url('data:image\/jpeg;base64,\/9j\/2wBDACgcHiMeGSgjISMtKygwPGRBPDc3PHtYXUlkkYCZlo+AjIqgtObDoKrarYqMyP\/L2u71\/\/\/\/m8H\/\/\/\/6\/+b9\/\/j\/2wBDASstLTw1PHZBQXb4pYyl+Pj4+Pj4+Pj4+Pj4+Pj4+Pj4+Pj4+Pj4+Pj4+Pj4+Pj4+Pj4+Pj4+Pj4+Pj4+Pj4+Pj\/wAARCAAXACoDASIAAhEBAxEB\/8QAGAABAAMBAAAAAAAAAAAAAAAAAAECAwT\/xAAXEAEBAQEAAAAAAAAAAAAAAAAAAQIR\/8QAFQEBAQAAAAAAAAAAAAAAAAAAAAH\/xAAVEQEBAAAAAAAAAAAAAAAAAAAAAf\/aAAwDAQACEQMRAD8AiFTCoM9RlqNtM9QVjYji9iOA7CgUilUoCqWHAEf\/2Q==');\" loading=\"lazy\" fetchpriority=\"low\" aria-hidden=\"true\" class=\"svelte-1pnmlwx rounded\" onload=\"this.__e=event\" onerror=\"this.__e=event\"\/><\/p>\n<p>La question au c\u0153ur des d\u00e9bats\u00a0: est-ce que le conducteur a tent\u00e9 de faire du drift sur les voies de tram. Au d\u00e9but de l&rsquo;audience, la pr\u00e9sidente du tribunal \u00e9voque un rapport d&rsquo;expertise qui donne plusieurs pr\u00e9cisions. <strong>Lorsque la famille a \u00e9t\u00e9 percut\u00e9e, la vitesse du v\u00e9hicule a \u00e9t\u00e9 mesur\u00e9e entre 34 et 41 km\/h<\/strong>. Ensuite, la derni\u00e8re man\u0153uvre de freinage du chauffard est \u00ab\u00a0assimilable \u00e0 une tentative de d\u00e9rapage\u00a0\u00bb, en l&rsquo;occurrence du drift. Une technique de d\u00e9rapage o\u00f9 l&rsquo;on utilise le frein \u00e0 main et la puissance de la voiture pour faire pivoter le v\u00e9hicule. L&rsquo;expert met en avant l&rsquo;\u00e9tat d&rsquo;usure des pneus, en \u00ab\u00a0surchauffe superficielle\u00a0\u00bb. En face, le jeune de 19 ans explique qu&rsquo;il vient d&rsquo;acheter cette voiture, deux semaines avant les faits. Ajoute qu&rsquo;il ne se sert de son v\u00e9hicule pour que pour aller \u00e0 son travail, il vient de d\u00e9crocher un CDI, et pour rentrer chez lui. \u00ab\u00a0Non, je n&rsquo;avais aucune intention de faire du drift\u00a0\u00bb, r\u00e9p\u00e8te le conducteur.<\/p>\n<p>Une \u00ab\u00a0erreur de jeunesse\u00a0\u00bb<\/p>\n<p>\u00ab\u00a0On peut concevoir une erreur de jeunesse\u00a0\u00bb, estime l&rsquo;avocat des parties civiles, Arnaud Levy-Soussan. Le p\u00e8re de famille a utilis\u00e9 les m\u00eames mots\u00a0: \u00ab\u00a0erreur de jeunesse\u00a0\u00bb. La procureure \u00e9voque elle une \u00ab\u00a0conduite pas adapt\u00e9e aux circonstances (&#8230;) une faute de conduite tr\u00e8s grave\u00a0\u00bb. \u00c0 quelques m\u00e8tres du minist\u00e8re public, le p\u00e8re et la m\u00e8re des enfants bless\u00e9s ce soir-l\u00e0 ont le regard triste, les yeux vers le bas. Dans le public, le p\u00e8re du pr\u00e9venu a pass\u00e9 une grande partie de l&rsquo;audience la t\u00eate dans ses mains, jointes. Apr\u00e8s 2h30 de d\u00e9bats, le jeune de 19 ans est finalement condamn\u00e9 \u00e0 12 mois de prison avec sursis, moins que les r\u00e9quisitions de la procureure qui demandait 12 mois d&#8217;emprisonnement dont 4 mois ferme.<\/p>\n<p>Tous, avocats de la partie civile comme ceux de la d\u00e9fense s&rsquo;accordent sur un point\u00a0: \u00ab\u00a0Que cette affaire puisse servir \u00e0 quelque chose.\u00a0\u00bb<\/p>\n<p>\u00c0 \u00e9couter aussi   <img decoding=\"async\" src=\"https:\/\/www.europesays.com\/fr\/wp-content\/uploads\/2025\/08\/1756151655_528_560x315\" alt=\"Un groupe de pi\u00e9tons a \u00e9t\u00e9 fauch\u00e9 par une voiture samedi soir \u00e0 Grenoble, \u00e0 l'intersection entre le cours Jean Jaur\u00e8s et l'avenue Alsace Lorraine.\" style=\"--_image-preview:url('data:image\/jpeg;base64,\/9j\/2wBDACgcHiMeGSgjISMtKygwPGRBPDc3PHtYXUlkkYCZlo+AjIqgtObDoKrarYqMyP\/L2u71\/\/\/\/m8H\/\/\/\/6\/+b9\/\/j\/2wBDASstLTw1PHZBQXb4pYyl+Pj4+Pj4+Pj4+Pj4+Pj4+Pj4+Pj4+Pj4+Pj4+Pj4+Pj4+Pj4+Pj4+Pj4+Pj4+Pj4+Pj\/wAARCAAXACoDASIAAhEBAxEB\/8QAGAAAAwEBAAAAAAAAAAAAAAAAAAEEAgP\/xAAYEAEBAQEBAAAAAAAAAAAAAAAAEgECEf\/EABYBAQEBAAAAAAAAAAAAAAAAAAEAAv\/EABURAQEAAAAAAAAAAAAAAAAAAAAR\/9oADAMBAAIRAxEAPwCLeS3l3koCT7yzKneGd4VLh4fjrAg0RVJyAySkt4ABZgQAk\/\/Z');\" loading=\"lazy\" fetchpriority=\"low\" aria-hidden=\"true\" class=\"svelte-1pnmlwx rounded\" onload=\"this.__e=event\" onerror=\"this.__e=event\"\/><\/p>\n","protected":false},"excerpt":{"rendered":"Un conducteur de 19 ans a \u00e9t\u00e9 condamn\u00e9 ce lundi \u00e0 12 mois de prison avec sursis pour&hellip;\n","protected":false},"author":2,"featured_media":343576,"comment_status":"","ping_status":"","sticky":false,"template":"","format":"standard","meta":{"footnotes":""},"categories":[9566],"tags":[1111,11,2430,1777,674,1011,27,2731,12,25],"class_list":{"0":"post-343575","1":"post","2":"type-post","3":"status-publish","4":"format-standard","5":"has-post-thumbnail","7":"category-grenoble","8":"tag-actu","9":"tag-actualites","10":"tag-auvergne-rhone-alpes","11":"tag-eu","12":"tag-europe","13":"tag-fr","14":"tag-france","15":"tag-grenoble","16":"tag-news","17":"tag-republique-francaise"},"share_on_mastodon":{"url":"https:\/\/pubeurope.com\/@fr\/115091162124999923","error":""},"_links":{"self":[{"href":"https:\/\/www.europesays.com\/fr\/wp-json\/wp\/v2\/posts\/343575","targetHints":{"allow":["GET"]}}],"collection":[{"href":"https:\/\/www.europesays.com\/fr\/wp-json\/wp\/v2\/posts"}],"about":[{"href":"https:\/\/www.europesays.com\/fr\/wp-json\/wp\/v2\/types\/post"}],"author":[{"embeddable":true,"href":"https:\/\/www.europesays.com\/fr\/wp-json\/wp\/v2\/users\/2"}],"replies":[{"embeddable":true,"href":"https:\/\/www.europesays.com\/fr\/wp-json\/wp\/v2\/comments?post=343575"}],"version-history":[{"count":0,"href":"https:\/\/www.europesays.com\/fr\/wp-json\/wp\/v2\/posts\/343575\/revisions"}],"wp:featuredmedia":[{"embeddable":true,"href":"https:\/\/www.europesays.com\/fr\/wp-json\/wp\/v2\/media\/343576"}],"wp:attachment":[{"href":"https:\/\/www.europesays.com\/fr\/wp-json\/wp\/v2\/media?parent=343575"}],"wp:term":[{"taxonomy":"category","embeddable":true,"href":"https:\/\/www.europesays.com\/fr\/wp-json\/wp\/v2\/categories?post=343575"},{"taxonomy":"post_tag","embeddable":true,"href":"https:\/\/www.europesays.com\/fr\/wp-json\/wp\/v2\/tags?post=343575"}],"curies":[{"name":"wp","href":"https:\/\/api.w.org\/{rel}","templated":true}]}}