{"id":343577,"date":"2025-08-25T19:55:09","date_gmt":"2025-08-25T19:55:09","guid":{"rendered":"https:\/\/www.europesays.com\/fr\/343577\/"},"modified":"2025-08-25T19:55:09","modified_gmt":"2025-08-25T19:55:09","slug":"la-victime-a-souffert-de-torture-de-barbarie","status":"publish","type":"post","link":"https:\/\/www.europesays.com\/fr\/343577\/","title":{"rendered":"la victime a souffert \u00ab de torture \u00bb, \u00ab de barbarie \u00bb"},"content":{"rendered":"<p>            Par<br \/>\n        <strong><br \/>\n            <a href=\"https:\/\/actu.fr\/auteur\/matheo-girard\" title=\"Consulter tous les articles de Matheo Girard\" target=\"_blank\" rel=\"noopener\">Matheo Girard<\/a><br \/>\n        <\/strong><\/p>\n<p>        Publi\u00e9 le<\/p>\n<p>            25 ao\u00fbt 2025 \u00e0 20h39        <\/p>\n<p><b>Deux hommes<\/b> ont \u00e9t\u00e9 mis en examen et<b> plac\u00e9s en d\u00e9tention provisoire, <\/b>ce <b>lundi 25 ao\u00fbt 2025,<\/b> pour <b>le meurtre d\u2019un homme de 46\u00a0ans,<\/b> originaire d\u2019Argentr\u00e9-du-Plessis (Ille-et-Vilaine). Son <a href=\"https:\/\/actu.fr\/bretagne\/saint-m-herve_35300\/ille-et-vilaine-un-cadavre-decouvert-calcine-sur-le-parking-dune-base-de-loisirs_63070306.html\" target=\"_blank\" rel=\"noopener\">corps sans vie a \u00e9t\u00e9 retrouv\u00e9 partiellement calcin\u00e9,<\/a> samedi 23 ao\u00fbt, \u00e0 proximit\u00e9 de la base de loisirs de la Haute Vilaine, pr\u00e8s de Vitr\u00e9.<\/p>\n<p class=\" wall-content\">L\u2019enqu\u00eate, conduite par la brigade de recherches de Vitr\u00e9, a rapidement men\u00e9 \u00e0 l\u2019interpellation de deux individus de <b>37 et 30 ans<\/b> (et non 70 ans comme annonc\u00e9 ant\u00e9rieurement), <a href=\"https:\/\/actu.fr\/bretagne\/la-chapelle-erbree_35061\/cadavre-calcine-en-ille-et-vilaine-deux-hommes-en-garde-a-vue-pour-meurtre-aggrave_63072006.html\" target=\"_blank\" rel=\"noopener\">aussit\u00f4t plac\u00e9s en garde \u00e0 vue.<\/a><\/p>\n<p>Des actes de \u00ab\u2009barbarie\u2009\u00bb<\/p>\n<p class=\" wall-content\">Ils s\u2019\u00e9taient rendus au domicile de la victime dans la soir\u00e9e de vendredi, contraignant l\u2019homme \u00e0 monter<b> dans le coffre du v\u00e9hicule<\/b> de l\u2019un d\u2019entre eux, avant de prendre la route vers le domicile du second.<\/p>\n<p class=\" wall-content\">\u00ab\u2009Ils se sont livr\u00e9s \u00e0 des violences pouvant \u00eatre consid\u00e9r\u00e9es comme <b>des actes de torture et de barbarie. <\/b>Alors que la victime est, semble-t-il, encore vivante, ils la replacent dans le coffre du v\u00e9hicule, se rendent sur les lieux o\u00f9 le corps sera d\u00e9couvert, et y mettent le feu\u2009\u00bb, retrace le procureur de la R\u00e9publique de Rennes, <b>Fr\u00e9d\u00e9ric Teillet.<\/b><\/p>\n<p>Accusation mutuelle entre les deux mis en cause<\/p>\n<p class=\" wall-content\">Les analyses effectu\u00e9es sur place ont mis en \u00e9vidence une fracture de la m\u00e2choire, plusieurs plaies \u00e0 l\u2019arri\u00e8re du cr\u00e2ne caus\u00e9es par un objet \u00ab\u2009type marteau\u2009\u00bb et des traces de divers coups port\u00e9s sur le visage par un objet contondant.<\/p>\n<p class=\" wall-content\">Le Parquet de Rennes a donc d\u00e9cid\u00e9, ce lundi 21 ao\u00fbt, de <b>leur d\u00e9f\u00e8rement<\/b>\u00a0et de <b>l\u2019ouverture d\u2019une information pour actes de torture et de barbarie, et meurtre aggrav\u00e9 par la commission d\u2019un autre crime.<\/b><\/p>\n<p>Votre r\u00e9gion, votre actu !<\/p>\n<p>Recevez chaque jour les infos qui comptent pour vous.<\/p>\n<p>\t<a href=\"https:\/\/actu.fr\/newsletter\" class=\"ac-btn ac-btn--corner ac-btn--medium ac-btn--blue800\" target=\"_blank\" rel=\"noopener\">S&rsquo;incrire<\/a><br \/>\nAnt\u00e9c\u00e9dents entre un mis en cause et la victime<\/p>\n<p class=\" wall-content\">\u00ab\u2009Les deux mis en cause qui d\u00e9crivent ces faits <b>s\u2019accusent mutuellement <\/b>d\u2019en \u00eatre l\u2019auteur, chacun n\u2019admettant qu\u2019avoir \u00e9t\u00e9 pr\u00e9sent tout au long de leur commission\u2009\u00bb, pr\u00e9cise le procureur.<\/p>\n<p class=\" wall-content\">L\u2019homme de 37\u00a0ans, qui fait l\u2019objet d\u2019une <b>curatelle renforc\u00e9e,<\/b> devait \u00eatre jug\u00e9 en 2026 pour <b>de pr\u00e9c\u00e9dents faits de violence \u00e0 l\u2019encontre de la victime.<\/b><\/p>\n<p class=\" wall-content\">L\u2019autre a \u00e9t\u00e9 condamn\u00e9 \u00e0 dix reprises par la justice pour d\u00e9lits routiers, violences et infractions li\u00e9s aux stup\u00e9fiants. Mais rien, \u00e0 ce stade, ne relie ce meurtre au trafic de stup\u00e9fiants, d\u2019apr\u00e8s Fr\u00e9d\u00e9ric Teillet.<\/p>\n<p class=\" wall-content\">Personnalisez votre actualit\u00e9 en ajoutant vos villes et m\u00e9dias en favori avec <a href=\"https:\/\/moncompte.actu.fr\" title=\"D\u00e9couvez Mon Actu\" rel=\"nofollow noopener\" data-trk=\"{&quot;cta&quot;:{&quot;action&quot;:&quot;https:\\\/\\\/moncompte.actu.fr&quot;,&quot;category&quot;:&quot;mon compte&quot;,&quot;from&quot;:&quot;article footer&quot;,&quot;name&quot;:&quot;Mon actu&quot;,&quot;type&quot;:&quot;cta&quot;}}\" target=\"_blank\">Mon Actu<\/a>.<\/p>\n","protected":false},"excerpt":{"rendered":"Par Matheo Girard Publi\u00e9 le 25 ao\u00fbt 2025 \u00e0 20h39 Deux hommes ont \u00e9t\u00e9 mis en examen et&hellip;\n","protected":false},"author":2,"featured_media":343578,"comment_status":"","ping_status":"","sticky":false,"template":"","format":"standard","meta":{"footnotes":""},"categories":[2821],"tags":[1111,11,829,1777,674,118,1011,27,3381,777,12,584,25],"class_list":{"0":"post-343577","1":"post","2":"type-post","3":"status-publish","4":"format-standard","5":"has-post-thumbnail","7":"category-rennes","8":"tag-actu","9":"tag-actualites","10":"tag-bretagne","11":"tag-eu","12":"tag-europe","13":"tag-faits-divers","14":"tag-fr","15":"tag-france","16":"tag-gendarmerie","17":"tag-meurtre","18":"tag-news","19":"tag-rennes","20":"tag-republique-francaise"},"share_on_mastodon":{"url":"https:\/\/pubeurope.com\/@fr\/115091165972398780","error":""},"_links":{"self":[{"href":"https:\/\/www.europesays.com\/fr\/wp-json\/wp\/v2\/posts\/343577","targetHints":{"allow":["GET"]}}],"collection":[{"href":"https:\/\/www.europesays.com\/fr\/wp-json\/wp\/v2\/posts"}],"about":[{"href":"https:\/\/www.europesays.com\/fr\/wp-json\/wp\/v2\/types\/post"}],"author":[{"embeddable":true,"href":"https:\/\/www.europesays.com\/fr\/wp-json\/wp\/v2\/users\/2"}],"replies":[{"embeddable":true,"href":"https:\/\/www.europesays.com\/fr\/wp-json\/wp\/v2\/comments?post=343577"}],"version-history":[{"count":0,"href":"https:\/\/www.europesays.com\/fr\/wp-json\/wp\/v2\/posts\/343577\/revisions"}],"wp:featuredmedia":[{"embeddable":true,"href":"https:\/\/www.europesays.com\/fr\/wp-json\/wp\/v2\/media\/343578"}],"wp:attachment":[{"href":"https:\/\/www.europesays.com\/fr\/wp-json\/wp\/v2\/media?parent=343577"}],"wp:term":[{"taxonomy":"category","embeddable":true,"href":"https:\/\/www.europesays.com\/fr\/wp-json\/wp\/v2\/categories?post=343577"},{"taxonomy":"post_tag","embeddable":true,"href":"https:\/\/www.europesays.com\/fr\/wp-json\/wp\/v2\/tags?post=343577"}],"curies":[{"name":"wp","href":"https:\/\/api.w.org\/{rel}","templated":true}]}}