{"id":343579,"date":"2025-08-25T19:56:18","date_gmt":"2025-08-25T19:56:18","guid":{"rendered":"https:\/\/www.europesays.com\/fr\/343579\/"},"modified":"2025-08-25T19:56:18","modified_gmt":"2025-08-25T19:56:18","slug":"ca-se-complique-pour-conrad-harder-a-rennes-france-stade-rennais","status":"publish","type":"post","link":"https:\/\/www.europesays.com\/fr\/343579\/","title":{"rendered":"\u00c7a se complique pour Conrad Harder \u00e0 Rennes &#8211; France &#8211; Stade rennais"},"content":{"rendered":"<p>De plus en plus dur pour Harder.<\/p>\n<p>En qu\u00eate de renforts pour compl\u00e9ter son secteur offensif, le Stade rennais continue de prospecter \u00e0 quelques jours de la fin du mercato. Si les supporters bretons ont pu croire un certain temps \u00e0 un gros coup r\u00e9alis\u00e9 par leurs dirigeants, pr\u00eats \u00e0 casser la tirelire pour attirer Conrad Harder, <strong>il semblerait que la piste menant \u00e0 l\u2019international danois se soit consid\u00e9rablement refroidie<\/strong> ces derni\u00e8res heures. Et pour cause, <a target=\"_blank\" href=\"https:\/\/www.gazzetta.it\/Calcio\/Calciomercato\/Milan\/24-08-2025\/milan-ora-tutto-su-harder-il-danese-e-molto-vicino.shtml\" rel=\"noopener nofollow\">la presse italienne<\/a> annonce d\u00e9sormais l\u2019attaquant du Sporting tout proche de rejoindre le Milan AC.<\/p>\n<p>De nombreux autres noms sont \u00e9voqu\u00e9s<\/p>\n<p>Le club lombard serait dispos\u00e9 \u00e0 offrir un total de 27 millions d\u2019euros \u00e0 la formation lisbo\u00e8te, bonus compris, ainsi qu\u2019un int\u00e9ressement sur une \u00e9ventuelle future plus-value. C\u00f4t\u00e9 rennais, on serait davantage sur un ch\u00e8que tournant autour de la vingtaine de millions d\u2019euros, avec l\u2019avantage d\u2019assurer au joueur un temps de jeu sans doute plus cons\u00e9quent qu\u2019\u00e0 Milan. <strong>La piste Est\u00e9ban Lepaul ne serait pas abandonn\u00e9e<\/strong>, bien au contraire m\u00eame, puisqu\u2019un rapprochement entre les positions de Rennes et d\u2019Angers a eu lieu, selon les informations de <a target=\"_blank\" href=\"https:\/\/www.lequipe.fr\/Football\/Actualites\/Mercato-leger-rapprochement-entre-angers-et-rennes-pour-esteban-lepaul\/1587505\" rel=\"noopener nofollow\">L\u2019\u00c9quipe<\/a>. Derri\u00e8re cette hypoth\u00e8se, les noms de Brian Brobbey, Lucas Stassin et plus r\u00e9cemment Lassine Sinayoko ont \u00e9t\u00e9 \u00e9voqu\u00e9s.<\/p>\n<p>Lequel d\u2019entre eux prendra un carton rouge au bout de dix minutes au prochain match de Ligue 1 ?<\/p>\n<p>\t\t\t\t\t\t\t\t\t\t<a class=\"lien-connexe\" href=\"https:\/\/www.sofoot.com\/breves\/25-ultras-dindependiente-interdits-de-stade-apres-les-scenes-de-violence-en-copa-sudamericana\" rel=\"nofollow noopener\" target=\"_blank\">25 ultras d&rsquo;Independiente interdits de stade apr\u00e8s les sc\u00e8nes de violence en Copa Sudamericana<\/a>\t\t\t\t\t<\/p>\n","protected":false},"excerpt":{"rendered":"De plus en plus dur pour Harder. En qu\u00eate de renforts pour compl\u00e9ter son secteur offensif, le Stade&hellip;\n","protected":false},"author":2,"featured_media":343580,"comment_status":"","ping_status":"","sticky":false,"template":"","format":"standard","meta":{"footnotes":""},"categories":[2821],"tags":[1111,47,11,61,829,69,65,64,1777,674,63,1011,27,68,66,12,62,70,584,25,67],"class_list":{"0":"post-343579","1":"post","2":"type-post","3":"status-publish","4":"format-standard","5":"has-post-thumbnail","7":"category-rennes","8":"tag-actu","9":"tag-actualite","10":"tag-actualites","11":"tag-actus-football","12":"tag-bretagne","13":"tag-bundesliga","14":"tag-championnats-europeens","15":"tag-equipe-de-france","16":"tag-eu","17":"tag-europe","18":"tag-football","19":"tag-fr","20":"tag-france","21":"tag-ligua","22":"tag-ligue-1","23":"tag-news","24":"tag-news-foot","25":"tag-premier-league","26":"tag-rennes","27":"tag-republique-francaise","28":"tag-serie-a"},"share_on_mastodon":{"url":"https:\/\/pubeurope.com\/@fr\/115091169984229979","error":""},"_links":{"self":[{"href":"https:\/\/www.europesays.com\/fr\/wp-json\/wp\/v2\/posts\/343579","targetHints":{"allow":["GET"]}}],"collection":[{"href":"https:\/\/www.europesays.com\/fr\/wp-json\/wp\/v2\/posts"}],"about":[{"href":"https:\/\/www.europesays.com\/fr\/wp-json\/wp\/v2\/types\/post"}],"author":[{"embeddable":true,"href":"https:\/\/www.europesays.com\/fr\/wp-json\/wp\/v2\/users\/2"}],"replies":[{"embeddable":true,"href":"https:\/\/www.europesays.com\/fr\/wp-json\/wp\/v2\/comments?post=343579"}],"version-history":[{"count":0,"href":"https:\/\/www.europesays.com\/fr\/wp-json\/wp\/v2\/posts\/343579\/revisions"}],"wp:featuredmedia":[{"embeddable":true,"href":"https:\/\/www.europesays.com\/fr\/wp-json\/wp\/v2\/media\/343580"}],"wp:attachment":[{"href":"https:\/\/www.europesays.com\/fr\/wp-json\/wp\/v2\/media?parent=343579"}],"wp:term":[{"taxonomy":"category","embeddable":true,"href":"https:\/\/www.europesays.com\/fr\/wp-json\/wp\/v2\/categories?post=343579"},{"taxonomy":"post_tag","embeddable":true,"href":"https:\/\/www.europesays.com\/fr\/wp-json\/wp\/v2\/tags?post=343579"}],"curies":[{"name":"wp","href":"https:\/\/api.w.org\/{rel}","templated":true}]}}