{"id":343581,"date":"2025-08-25T19:57:12","date_gmt":"2025-08-25T19:57:12","guid":{"rendered":"https:\/\/www.europesays.com\/fr\/343581\/"},"modified":"2025-08-25T19:57:12","modified_gmt":"2025-08-25T19:57:12","slug":"nos-lois-sont-en-retard-sur-la-societe-la-ville-fait-appel-de-lannulation-du-dispositif","status":"publish","type":"post","link":"https:\/\/www.europesays.com\/fr\/343581\/","title":{"rendered":"\u00ab Nos lois sont en retard sur la soci\u00e9t\u00e9 \u00bb, la Ville fait appel de l&rsquo;annulation du dispositif"},"content":{"rendered":"<p>Le 24\u00a0juin dernier, le tribunal administratif de Strasbourg <a href=\"https:\/\/www.dna.fr\/faits-divers-justice\/2025\/06\/03\/le-rapporteur-public-demande-l-annulation-des-conges-gynecologiques\" target=\"_blank\" rel=\"nofollow noopener\">suspendait le cong\u00e9 sant\u00e9 gyn\u00e9cologique<\/a> mis en place \u00e0 titre exp\u00e9rimental depuis septembre\u00a02024 par la Ville et l\u2019Eurom\u00e9tropole. Ces derni\u00e8res ont fait appel ce vendredi 22\u00a0ao\u00fbt, consid\u00e9rant que cette d\u00e9cision est un recul pour l\u2019\u00e9galit\u00e9 hommes\/femmes au travail.<\/p>\n<p>\u00ab Si on parlait d\u2019une fracture \u00e0 la jambe, personne ne questionnerait l\u2019arr\u00eat. L\u00e0, il s\u2019agit de crampes, de grosses douleurs dans le ventre, le dos, les jambes, de fatigue ou de bouff\u00e9es de chaleur qui peuvent \u00eatre tr\u00e8s handicapantes\u2026 Et qu\u2019on ne reconna\u00eet pas \u00bb, d\u00e9plore la d\u00e9put\u00e9e <a href=\"https:\/\/www.dna.fr\/p\/sandra-regol\" target=\"_blank\" rel=\"nofollow noopener\">Sandra Regol<\/a> (Les \u00c9cologistes, circonscription de Strasbourg Centre).<\/p>\n<p>80 % des femmes souffrent de douleurs menstruelles<\/p>\n<p>Elle \u00e9tait pr\u00e9sente ce lundi 25 ao\u00fbt lors de la conf\u00e9rence de presse \u00e0 l&rsquo;occasion de laquelle la Ville et l\u2019Eurom\u00e9tropole ont argument\u00e9 leur choix de faire appel de la d\u00e9cision du tribunal administratif de Strasbourg.<\/p>\n<p>Alors que 80 % des femmes souffrent de douleurs menstruelles selon le rapport du S\u00e9nat de 2023 sur la sant\u00e9 gyn\u00e9cologique au travail et qu\u2019une femme sur dix est touch\u00e9e par l\u2019endom\u00e9triose, la Ville et l\u2019Eurom\u00e9tropole avaient adopt\u00e9 un dispositif de sant\u00e9 gyn\u00e9cologique en mai 2024.<\/p>\n<p>Il s\u2019articule autour de trois volets : le d\u00e9veloppement d\u2019une communication sur la sant\u00e9 gyn\u00e9cologique au travail (importance du diagnostic, solutions m\u00e9dicales existantes\u2026), la mise en place d\u2019am\u00e9nagements (t\u00e9l\u00e9travail, am\u00e9nagement de poste\u2026) afin de garantir autant que possible la continuit\u00e9 des agentes au travail et, dans le cas o\u00f9 la pathologie est incapacitante, l\u2019acc\u00e8s \u00e0 des autorisations sp\u00e9ciales d\u2019absence (ASA). Avec un certificat m\u00e9dical (valable deux ans) r\u00e9alis\u00e9 par un m\u00e9decin g\u00e9n\u00e9raliste ou un gyn\u00e9cologue, les agentes peuvent b\u00e9n\u00e9ficier de 13 jours d\u2019absence suppl\u00e9mentaires par an (dans la limite de trois cons\u00e9cutifs). Depuis le 1er\u00a0septembre 2024, 69 d&rsquo;entre elles ont pu b\u00e9n\u00e9ficier de jours d\u2019autorisation sp\u00e9ciale d\u2019absence (ASA) \u00e0 cause de douleurs ou de sympt\u00f4mes incapacitants.\u00a0<\/p>\n<p>  Droit \u00e0 l&rsquo;exp\u00e9rimentation<\/p>\n<p>C\u2019est ce dernier point, l&rsquo;autorisation sp\u00e9ciale d&rsquo;absence, qui a \u00e9t\u00e9 d\u00e9clar\u00e9 non conforme au droit national par le tribunal administratif suite au recours d\u00e9pos\u00e9 par la pr\u00e9fecture du Bas-Rhin. \u00ab C\u2019est un vrai signal n\u00e9gatif pour l\u2019\u00e9galit\u00e9 hommes\/femmes au travail. Le Portugal et l\u2019Espagne ont d\u00e9j\u00e0 mis le cong\u00e9 menstruel en place, alors que toutes les initiatives sont brid\u00e9es en France \u00bb, regrette la maire de Strasbourg <a href=\"https:\/\/www.dna.fr\/p\/jeanne-barseghian\" target=\"_blank\" rel=\"nofollow noopener\">Jeanne Barseghian<\/a>.<\/p>\n<p>\u00ab Il est reproch\u00e9 un manque de base l\u00e9gale, mais nous faisons appel en rappelant que les collectivit\u00e9s ont un droit \u00e0 l\u2019exp\u00e9rimentation, ainsi qu\u2019une marge de man\u0153uvre dans l\u2019am\u00e9nagement du temps de travail pour renforcer l\u2019\u00e9galit\u00e9 \u00bb, d\u00e9taille le premier adjoint \u00e0 la maire, Syamak Agha Babaei. Le cong\u00e9 menstruel est par ailleurs d\u00e9fendu par de nombreux parlementaires au niveau national. \u00ab Malheureusement, les projets de loi en cours stagnent. C\u2019est pour cela que nous continuons \u00e0 nous mobiliser \u00bb, conclut Sandra Regol.<\/p>\n","protected":false},"excerpt":{"rendered":"Le 24\u00a0juin dernier, le tribunal administratif de Strasbourg suspendait le cong\u00e9 sant\u00e9 gyn\u00e9cologique mis en place \u00e0 titre&hellip;\n","protected":false},"author":2,"featured_media":343582,"comment_status":"","ping_status":"","sticky":false,"template":"","format":"standard","meta":{"footnotes":""},"categories":[2820],"tags":[1111,11,2389,2649,1984,2880,1777,674,107,1011,27,775,12,316,25,71,801,104,640,2879],"class_list":{"0":"post-343581","1":"post","2":"type-post","3":"status-publish","4":"format-standard","5":"has-post-thumbnail","7":"category-strasbourg","8":"tag-actu","9":"tag-actualites","10":"tag-alsace","11":"tag-bas-rhin","12":"tag-conseil-municipal","13":"tag-edition-strasbourg","14":"tag-eu","15":"tag-europe","16":"tag-fil-info","17":"tag-fr","18":"tag-france","19":"tag-grand-est","20":"tag-news","21":"tag-politique","22":"tag-republique-francaise","23":"tag-sante","24":"tag-social","25":"tag-societe","26":"tag-strasbourg","27":"tag-strasbourg-ville"},"share_on_mastodon":{"url":"https:\/\/pubeurope.com\/@fr\/115091173783013867","error":""},"_links":{"self":[{"href":"https:\/\/www.europesays.com\/fr\/wp-json\/wp\/v2\/posts\/343581","targetHints":{"allow":["GET"]}}],"collection":[{"href":"https:\/\/www.europesays.com\/fr\/wp-json\/wp\/v2\/posts"}],"about":[{"href":"https:\/\/www.europesays.com\/fr\/wp-json\/wp\/v2\/types\/post"}],"author":[{"embeddable":true,"href":"https:\/\/www.europesays.com\/fr\/wp-json\/wp\/v2\/users\/2"}],"replies":[{"embeddable":true,"href":"https:\/\/www.europesays.com\/fr\/wp-json\/wp\/v2\/comments?post=343581"}],"version-history":[{"count":0,"href":"https:\/\/www.europesays.com\/fr\/wp-json\/wp\/v2\/posts\/343581\/revisions"}],"wp:featuredmedia":[{"embeddable":true,"href":"https:\/\/www.europesays.com\/fr\/wp-json\/wp\/v2\/media\/343582"}],"wp:attachment":[{"href":"https:\/\/www.europesays.com\/fr\/wp-json\/wp\/v2\/media?parent=343581"}],"wp:term":[{"taxonomy":"category","embeddable":true,"href":"https:\/\/www.europesays.com\/fr\/wp-json\/wp\/v2\/categories?post=343581"},{"taxonomy":"post_tag","embeddable":true,"href":"https:\/\/www.europesays.com\/fr\/wp-json\/wp\/v2\/tags?post=343581"}],"curies":[{"name":"wp","href":"https:\/\/api.w.org\/{rel}","templated":true}]}}