{"id":343583,"date":"2025-08-25T19:58:10","date_gmt":"2025-08-25T19:58:10","guid":{"rendered":"https:\/\/www.europesays.com\/fr\/343583\/"},"modified":"2025-08-25T19:58:10","modified_gmt":"2025-08-25T19:58:10","slug":"strasbourg-refuse-une-nouvelle-offre-xxl-pour-dilane-bakwa","status":"publish","type":"post","link":"https:\/\/www.europesays.com\/fr\/343583\/","title":{"rendered":"Strasbourg refuse une nouvelle offre XXL pour Dilane Bakwa"},"content":{"rendered":"<p>D\u00e9cid\u00e9ment, <a href=\"https:\/\/www.footmercato.net\/club\/rc-strasbourg-alsace\/\" rel=\"nofollow noopener\" target=\"_blank\">Strasbourg<\/a> a d\u00e9cid\u00e9 de tenir t\u00eate aux Anglais de <a href=\"https:\/\/www.footmercato.net\/club\/nottingham-forest-fc\/\" rel=\"nofollow noopener\" target=\"_blank\">Nottingham Forest<\/a>, et ce, malgr\u00e9 les offres all\u00e9chantes des Reds pour <a href=\"https:\/\/www.footmercato.net\/joueur\/dilane-bakwa\/\" rel=\"nofollow noopener\" target=\"_blank\">Dilane Bakwa<\/a>. Apr\u00e8s avoir repouss\u00e9 deux offres de 28 M\u20ac puis de 31 M\u20ac, les Alsaciens viennent de dire non une troisi\u00e8me fois.<\/p>\n<p>            La suite apr\u00e8s cette publicit\u00e9<\/p>\n<p>L\u2019\u00c9quipe annonce que Nottingham Forest est revenu \u00e0 la charge pour le jeune ailier de 22 ans avec une proposition de 35 M\u20ac, bonus inclus. En vain. Les n\u00e9gociations ne sont toutefois pas termin\u00e9es puisque les deux clubs continuent de discuter. Pour rappel, Strasbourg avait recrut\u00e9 Bakwa pour 10 M\u20ac en 2023.<\/p>\n<p>\n    Pub. le 25\/08\/2025 21:40<br \/>\n            &#8211; MAJ le 25\/08\/2025 21:50\n    <\/p>\n","protected":false},"excerpt":{"rendered":"D\u00e9cid\u00e9ment, Strasbourg a d\u00e9cid\u00e9 de tenir t\u00eate aux Anglais de Nottingham Forest, et ce, malgr\u00e9 les offres all\u00e9chantes&hellip;\n","protected":false},"author":2,"featured_media":306499,"comment_status":"","ping_status":"","sticky":false,"template":"","format":"standard","meta":{"footnotes":""},"categories":[2820],"tags":[1111,11,1777,674,1011,27,775,12,25,640],"class_list":{"0":"post-343583","1":"post","2":"type-post","3":"status-publish","4":"format-standard","5":"has-post-thumbnail","7":"category-strasbourg","8":"tag-actu","9":"tag-actualites","10":"tag-eu","11":"tag-europe","12":"tag-fr","13":"tag-france","14":"tag-grand-est","15":"tag-news","16":"tag-republique-francaise","17":"tag-strasbourg"},"share_on_mastodon":{"url":"https:\/\/pubeurope.com\/@fr\/115091177821778391","error":""},"_links":{"self":[{"href":"https:\/\/www.europesays.com\/fr\/wp-json\/wp\/v2\/posts\/343583","targetHints":{"allow":["GET"]}}],"collection":[{"href":"https:\/\/www.europesays.com\/fr\/wp-json\/wp\/v2\/posts"}],"about":[{"href":"https:\/\/www.europesays.com\/fr\/wp-json\/wp\/v2\/types\/post"}],"author":[{"embeddable":true,"href":"https:\/\/www.europesays.com\/fr\/wp-json\/wp\/v2\/users\/2"}],"replies":[{"embeddable":true,"href":"https:\/\/www.europesays.com\/fr\/wp-json\/wp\/v2\/comments?post=343583"}],"version-history":[{"count":0,"href":"https:\/\/www.europesays.com\/fr\/wp-json\/wp\/v2\/posts\/343583\/revisions"}],"wp:featuredmedia":[{"embeddable":true,"href":"https:\/\/www.europesays.com\/fr\/wp-json\/wp\/v2\/media\/306499"}],"wp:attachment":[{"href":"https:\/\/www.europesays.com\/fr\/wp-json\/wp\/v2\/media?parent=343583"}],"wp:term":[{"taxonomy":"category","embeddable":true,"href":"https:\/\/www.europesays.com\/fr\/wp-json\/wp\/v2\/categories?post=343583"},{"taxonomy":"post_tag","embeddable":true,"href":"https:\/\/www.europesays.com\/fr\/wp-json\/wp\/v2\/tags?post=343583"}],"curies":[{"name":"wp","href":"https:\/\/api.w.org\/{rel}","templated":true}]}}