{"id":343586,"date":"2025-08-25T20:00:12","date_gmt":"2025-08-25T20:00:12","guid":{"rendered":"https:\/\/www.europesays.com\/fr\/343586\/"},"modified":"2025-08-25T20:00:12","modified_gmt":"2025-08-25T20:00:12","slug":"des-interpretations-erronees-ont-circule-le-nice-azur-boxe-donne-sa-version-sur-laffaire-imane-khelif","status":"publish","type":"post","link":"https:\/\/www.europesays.com\/fr\/343586\/","title":{"rendered":"\u00ab\u00a0Des interpr\u00e9tations erron\u00e9es ont circul\u00e9\u00a0\u00bb: le Nice Azur Boxe donne sa version sur l\u2019affaire Imane Khelif"},"content":{"rendered":"<p>Apr\u00e8s les pr\u00e9cisions de <a href=\"https:\/\/www.nicematin.com\/boxe\/des-declarations-mensongeres-et-malveillantes-la-championne-olympique-de-boxe-imane-khelif-dement-avoir-raccroche-les-gants-998852\" target=\"_blank\" rel=\"noopener\">l\u2019ancien manager de l\u2019Alg\u00e9rienne championne olympique, Nasser Yesfah<\/a>, c\u2019est au tour du club d\u2019Imane Khelif entre 2023 et 2024 de clarifier sa position. Le Nice Azur Boxe, par les mots qui suivent, a souhait\u00e9 rappeler l\u2019\u00e9tat du contrat entre l\u2019athl\u00e8te et le club, comme stipul\u00e9 dans notre article du 20 ao\u00fbt, ainsi que le professionnalisme de Nasser Yesfah.<\/p>\n<p>\u00ab\u00a0Depuis la d\u00e9claration d\u2019Imane Khelif, des interpr\u00e9tations erron\u00e9es ont circul\u00e9. Il convient de pr\u00e9ciser que son lien avec Nice Azur Boxe \u00e9tait limit\u00e9 \u00e0 une licence valable uniquement pour la saison 2023-2024. Il s\u2019agit donc d\u2019une proc\u00e9dure parfaitement normale, conforme au cadre f\u00e9d\u00e9ral en vigueur. Toute autre interpr\u00e9tation rel\u00e8ve de la sp\u00e9culation.<\/p>\n<p>Nous tenons \u00e0 rappeler que c\u2019est Nasser Yefsah, entra\u00eeneur de haut niveau et manager de renom, qui a fait venir Imane Khelif au Nice Azur Boxe dans l\u2019objectif clair de la pr\u00e9parer aux Jeux Olympiques de Paris 2024. Nasser Yefsah a form\u00e9 de nombreux champions de niveau mondial. Sa probit\u00e9 irr\u00e9prochable, son expertise av\u00e9r\u00e9e et son professionnalisme sont incontestables. D\u2019une grande comp\u00e9tence, il demeure une r\u00e9f\u00e9rence dans le milieu de la boxe.\u00a0\u00bb<\/p>\n<p>Tony Vivarelli, Pr\u00e9sident de Nice Azur Boxe<\/p>\n","protected":false},"excerpt":{"rendered":"Apr\u00e8s les pr\u00e9cisions de l\u2019ancien manager de l\u2019Alg\u00e9rienne championne olympique, Nasser Yesfah, c\u2019est au tour du club d\u2019Imane&hellip;\n","protected":false},"author":2,"featured_media":343587,"comment_status":"","ping_status":"","sticky":false,"template":"","format":"standard","meta":{"footnotes":""},"categories":[2819],"tags":[1111,11,13740,1777,674,1011,27,12,2401,882,25,60],"class_list":{"0":"post-343586","1":"post","2":"type-post","3":"status-publish","4":"format-standard","5":"has-post-thumbnail","7":"category-nice","8":"tag-actu","9":"tag-actualites","10":"tag-boxe","11":"tag-eu","12":"tag-europe","13":"tag-fr","14":"tag-france","15":"tag-news","16":"tag-nice","17":"tag-provence-alpes-cote-dazur","18":"tag-republique-francaise","19":"tag-sports"},"share_on_mastodon":{"url":"https:\/\/pubeurope.com\/@fr\/115091185558745411","error":""},"_links":{"self":[{"href":"https:\/\/www.europesays.com\/fr\/wp-json\/wp\/v2\/posts\/343586","targetHints":{"allow":["GET"]}}],"collection":[{"href":"https:\/\/www.europesays.com\/fr\/wp-json\/wp\/v2\/posts"}],"about":[{"href":"https:\/\/www.europesays.com\/fr\/wp-json\/wp\/v2\/types\/post"}],"author":[{"embeddable":true,"href":"https:\/\/www.europesays.com\/fr\/wp-json\/wp\/v2\/users\/2"}],"replies":[{"embeddable":true,"href":"https:\/\/www.europesays.com\/fr\/wp-json\/wp\/v2\/comments?post=343586"}],"version-history":[{"count":0,"href":"https:\/\/www.europesays.com\/fr\/wp-json\/wp\/v2\/posts\/343586\/revisions"}],"wp:featuredmedia":[{"embeddable":true,"href":"https:\/\/www.europesays.com\/fr\/wp-json\/wp\/v2\/media\/343587"}],"wp:attachment":[{"href":"https:\/\/www.europesays.com\/fr\/wp-json\/wp\/v2\/media?parent=343586"}],"wp:term":[{"taxonomy":"category","embeddable":true,"href":"https:\/\/www.europesays.com\/fr\/wp-json\/wp\/v2\/categories?post=343586"},{"taxonomy":"post_tag","embeddable":true,"href":"https:\/\/www.europesays.com\/fr\/wp-json\/wp\/v2\/tags?post=343586"}],"curies":[{"name":"wp","href":"https:\/\/api.w.org\/{rel}","templated":true}]}}