{"id":343588,"date":"2025-08-25T20:01:18","date_gmt":"2025-08-25T20:01:18","guid":{"rendered":"https:\/\/www.europesays.com\/fr\/343588\/"},"modified":"2025-08-25T20:01:18","modified_gmt":"2025-08-25T20:01:18","slug":"soupconne-davoir-creve-45-pneus-lhomme-a-fait-de-la-prison-pour-meurtre","status":"publish","type":"post","link":"https:\/\/www.europesays.com\/fr\/343588\/","title":{"rendered":"Soup\u00e7onn\u00e9 d\u2019avoir crev\u00e9 45\u00a0pneus, l\u2019homme a fait de la prison pour meurtre"},"content":{"rendered":"<tr wp_automatic_readability=\"3.8928571428571\">\n<td valign=\"middle\" align=\"center\" class=\"col-logo\">\n    <img decoding=\"async\" src=\"https:\/\/www.europesays.com\/fr\/wp-content\/uploads\/2025\/04\/presse-ocean.gif\" alt=\"logo Presse-Oc\u00e9an\" height=\"66\"\/><\/p>\n<\/td>\n<td class=\"col-titre\">\n\t\t\tLundi 25 ao\u00fbt 2025 19:03<br \/>\n\t\t\t<a class=\"icon-bulle sizeL count\" href=\"#ancreAvis\"><br \/>\n\t&#8230;<br \/>\n<\/a><\/td>\n<\/tr>\n<p>\t\t<a class=\"mavillebox2 elmt-photo\" href=\"https:\/\/maville.com\/photosmvi\/2025\/08\/25\/P35423595D6946585G.jpg\" title=\" Les faits se sont d\u00e9roul\u00e9s samedi 23\u00a0ao\u00fbt 2025 quartier bas Chantenay.  \u00a9  Photo archives Presse Oc\u00e9an Marianne Dardard  &lt;!--TAG-BLC credit--&gt;\" rel=\"galerie_actu noopener\" target=\"_blank\"><br \/>\n\t<img decoding=\"async\" src=\"https:\/\/www.europesays.com\/fr\/wp-content\/uploads\/2025\/08\/P35423595D6946585G_crop_640-330_.jpg\" alt=\"photo  les faits se sont d\u00e9roul\u00e9s samedi 23\u00a0ao\u00fbt 2025 quartier bas chantenay.  \u00a9  photo archives presse oc\u00e9an marianne dardard \"\/><br \/>\n\t1<br \/>\n<\/a><\/p>\n<p class=\"elmt-legende\"> Les faits se sont d\u00e9roul\u00e9s samedi 23\u00a0ao\u00fbt 2025 quartier bas Chantenay.  \u00a9  Photo archives Presse Oc\u00e9an Marianne Dardard  <\/p>\n<p>\t\tLe trentenaire soup\u00e7onn\u00e9 d\u2019avoir crev\u00e9 une quarantaine de pneus le m\u00eame soir quartier Bas Chantenay \u00e0 Nantes a \u00e9t\u00e9 pr\u00e9sent\u00e9 en comparution imm\u00e9diate lundi 25\u00a0ao\u00fbt 2025. Lors de l\u2019audience, son proc\u00e8s a \u00e9t\u00e9 renvoy\u00e9, une expertise psychiatrique ayant \u00e9t\u00e9 demand\u00e9e concernant celui qui a d\u00e9j\u00e0 fait de la prison pour meurtre.<\/p>\n<p><b>Cet article est r\u00e9serv\u00e9 aux abonn\u00e9s<\/b><\/p>\n<p>Pour un acc\u00e8s imm\u00e9diat, abonnez-vous<\/p>\n<p><b>1\u00e8re semaine offerte<\/b><\/p>\n<p>\t\t Marianne Dardard \u00a0\u00a0<br \/>\n\t\tPresse-Oc\u00e9an<\/p>\n<p>Retrouvez d&rsquo;autres actus sur la commune de :<\/p>\n<p>\t\t&#13;<\/p>\n","protected":false},"excerpt":{"rendered":"Lundi 25 ao\u00fbt 2025 19:03 &#8230; 1 Les faits se sont d\u00e9roul\u00e9s samedi 23\u00a0ao\u00fbt 2025 quartier bas Chantenay.&hellip;\n","protected":false},"author":2,"featured_media":343589,"comment_status":"","ping_status":"","sticky":false,"template":"","format":"standard","meta":{"footnotes":""},"categories":[2818],"tags":[18132,1111,11,47500,1777,674,21,1011,27,4933,777,766,12,2636,6110,806,25,37462],"class_list":{"0":"post-343588","1":"post","2":"type-post","3":"status-publish","4":"format-standard","5":"has-post-thumbnail","7":"category-nantes","8":"tag-18132","9":"tag-actu","10":"tag-actualites","11":"tag-creve","12":"tag-eu","13":"tag-europe","14":"tag-fait","15":"tag-fr","16":"tag-france","17":"tag-homme","18":"tag-meurtre","19":"tag-nantes","20":"tag-news","21":"tag-pays-de-la-loire","22":"tag-pneus","23":"tag-prison","24":"tag-republique-francaise","25":"tag-soupconne"},"share_on_mastodon":{"url":"https:\/\/pubeurope.com\/@fr\/115091189987871962","error":""},"_links":{"self":[{"href":"https:\/\/www.europesays.com\/fr\/wp-json\/wp\/v2\/posts\/343588","targetHints":{"allow":["GET"]}}],"collection":[{"href":"https:\/\/www.europesays.com\/fr\/wp-json\/wp\/v2\/posts"}],"about":[{"href":"https:\/\/www.europesays.com\/fr\/wp-json\/wp\/v2\/types\/post"}],"author":[{"embeddable":true,"href":"https:\/\/www.europesays.com\/fr\/wp-json\/wp\/v2\/users\/2"}],"replies":[{"embeddable":true,"href":"https:\/\/www.europesays.com\/fr\/wp-json\/wp\/v2\/comments?post=343588"}],"version-history":[{"count":0,"href":"https:\/\/www.europesays.com\/fr\/wp-json\/wp\/v2\/posts\/343588\/revisions"}],"wp:featuredmedia":[{"embeddable":true,"href":"https:\/\/www.europesays.com\/fr\/wp-json\/wp\/v2\/media\/343589"}],"wp:attachment":[{"href":"https:\/\/www.europesays.com\/fr\/wp-json\/wp\/v2\/media?parent=343588"}],"wp:term":[{"taxonomy":"category","embeddable":true,"href":"https:\/\/www.europesays.com\/fr\/wp-json\/wp\/v2\/categories?post=343588"},{"taxonomy":"post_tag","embeddable":true,"href":"https:\/\/www.europesays.com\/fr\/wp-json\/wp\/v2\/tags?post=343588"}],"curies":[{"name":"wp","href":"https:\/\/api.w.org\/{rel}","templated":true}]}}