{"id":343590,"date":"2025-08-25T20:02:13","date_gmt":"2025-08-25T20:02:13","guid":{"rendered":"https:\/\/www.europesays.com\/fr\/343590\/"},"modified":"2025-08-25T20:02:13","modified_gmt":"2025-08-25T20:02:13","slug":"fc-nantes-le-milieu-nantais-pas-encore-au-niveau-de-ce-quattend-luis-castro","status":"publish","type":"post","link":"https:\/\/www.europesays.com\/fr\/343590\/","title":{"rendered":"FC Nantes. Le milieu nantais pas encore au niveau de ce qu\u2019attend Luis Castro ?"},"content":{"rendered":"<p data-start=\"344\" data-end=\"878\">Pour les grands amateurs du Dunkerque de Luis Castro, le milieu de terrain est le moteur technique et strat\u00e9gique de la tactique de l\u2019entra\u00eeneur portugais. \u00c0 l\u2019USLD en Ligue 2, que des jeunes joueurs, avec un Raghouber en 6 qui fait b\u00e9n\u00e9ficier ses qualit\u00e9s d\u00e9fensives via un placement intelligent devant la d\u00e9fense, et devant deux profils plus techniques : l\u2019un capable de se projeter balle au pied (Bardeli), l\u2019autre dans un r\u00f4le de ma\u00eetre \u00e0 jouer avec une bonne vista et capable de finir des actions avec son pied gauche (Skytta).<\/p>\n<p data-start=\"880\" data-end=\"1142\">Cette saison, ce sch\u00e9ma a souhait\u00e9 \u00eatre reproduit \u00e0 Nantes par le technicien lusitanien, avec Lepenant dans le r\u00f4le de Bardeli, Leroux dans le r\u00f4le de Skytta et Kwon dans le r\u00f4le de Raghouber, et une touche technique suppl\u00e9mentaire lorsque Coquelin est align\u00e9.<\/p>\n<p>Une progression attendue<\/p>\n<p data-start=\"1144\" data-end=\"1391\">Oui mais le constat n\u2019est pas bon sur les deux premiers matchs du FC Nantes : l\u2019entrejeu n\u2019est pas au niveau, il se fait transpercer facilement malgr\u00e9 une sup\u00e9riorit\u00e9 num\u00e9rique sur le papier dans ce secteur et surtout trop de d\u00e9chets techniques.<\/p>\n<p data-start=\"1393\" data-end=\"2182\">Alors, on le sait, la patte Castro \u00e0 Nantes risque de mettre du temps \u00e0 prendre, et les joueurs doivent s\u2019impr\u00e9gner de ce que leur demande l\u2019ancien entra\u00eeneur de Dunkerque, \u00e0 l\u2019image de Louis Leroux qui semble un peu perdu dans ce nouveau r\u00f4le.<\/p>\n<p data-start=\"1393\" data-end=\"2182\">\u00c0 19 ans, c\u2019est normal de manquer quelques matchs en Ligue 1, de peiner \u00e0 s\u2019adapter \u00e0 un nouveau staff, mais la jeune p\u00e9pite nantaise conna\u00eet son axe de progression : une utilisation du ballon plus sobre, plus rapide\u2026 Finies les deux-trois touches de balle pour se r\u00e9axer, d\u00e9sormais il faudra \u00eatre efficace et propre afin de lib\u00e9rer le ballon dans le bon espace le plus rapidement possible. Alors oui, la t\u00e2che s\u2019annonce compliqu\u00e9e pour Louis Leroux, mais ne serait-ce pas d\u00e9j\u00e0 la preuve que le milieu nantais va progresser sous Luis Castro ?<\/p>\n<p>Des jeunes milieux qui doivent s\u2019impr\u00e9gner de leur nouveau r\u00f4le<\/p>\n<p data-start=\"2184\" data-end=\"2451\">M\u00eame constat pour Lepenant, dont l\u2019abattage est toujours tr\u00e8s bon, mais qui doit encore parfaire son jeu balle au pied et aussi son aspect tranchant \u00e0 la r\u00e9cup\u00e9ration. Parce que Nantes, orphelin de Douglas Augusto, semble nettement moins agressif dans son entrejeu\u2026<\/p>\n<p data-start=\"2453\" data-end=\"2722\">Alors esp\u00e9rons que cela prenne le moins de temps possible. Tout n\u2019est pas \u00e0 jeter dans l\u2019utilisation du ballon c\u00f4t\u00e9 nantais hier soir, n\u00e9anmoins l\u2019axe de progression est clair et pourrait amener les joueurs \u00e0 une vraie progression aux c\u00f4t\u00e9s de l\u2019entra\u00eeneur portugais.<\/p>\n","protected":false},"excerpt":{"rendered":"Pour les grands amateurs du Dunkerque de Luis Castro, le milieu de terrain est le moteur technique et&hellip;\n","protected":false},"author":2,"featured_media":343591,"comment_status":"","ping_status":"","sticky":false,"template":"","format":"standard","meta":{"footnotes":""},"categories":[2818],"tags":[1111,11,1777,674,1011,27,766,12,2636,25],"class_list":{"0":"post-343590","1":"post","2":"type-post","3":"status-publish","4":"format-standard","5":"has-post-thumbnail","7":"category-nantes","8":"tag-actu","9":"tag-actualites","10":"tag-eu","11":"tag-europe","12":"tag-fr","13":"tag-france","14":"tag-nantes","15":"tag-news","16":"tag-pays-de-la-loire","17":"tag-republique-francaise"},"share_on_mastodon":{"url":"https:\/\/pubeurope.com\/@fr\/115091193457544960","error":""},"_links":{"self":[{"href":"https:\/\/www.europesays.com\/fr\/wp-json\/wp\/v2\/posts\/343590","targetHints":{"allow":["GET"]}}],"collection":[{"href":"https:\/\/www.europesays.com\/fr\/wp-json\/wp\/v2\/posts"}],"about":[{"href":"https:\/\/www.europesays.com\/fr\/wp-json\/wp\/v2\/types\/post"}],"author":[{"embeddable":true,"href":"https:\/\/www.europesays.com\/fr\/wp-json\/wp\/v2\/users\/2"}],"replies":[{"embeddable":true,"href":"https:\/\/www.europesays.com\/fr\/wp-json\/wp\/v2\/comments?post=343590"}],"version-history":[{"count":0,"href":"https:\/\/www.europesays.com\/fr\/wp-json\/wp\/v2\/posts\/343590\/revisions"}],"wp:featuredmedia":[{"embeddable":true,"href":"https:\/\/www.europesays.com\/fr\/wp-json\/wp\/v2\/media\/343591"}],"wp:attachment":[{"href":"https:\/\/www.europesays.com\/fr\/wp-json\/wp\/v2\/media?parent=343590"}],"wp:term":[{"taxonomy":"category","embeddable":true,"href":"https:\/\/www.europesays.com\/fr\/wp-json\/wp\/v2\/categories?post=343590"},{"taxonomy":"post_tag","embeddable":true,"href":"https:\/\/www.europesays.com\/fr\/wp-json\/wp\/v2\/tags?post=343590"}],"curies":[{"name":"wp","href":"https:\/\/api.w.org\/{rel}","templated":true}]}}