{"id":343598,"date":"2025-08-25T20:06:11","date_gmt":"2025-08-25T20:06:11","guid":{"rendered":"https:\/\/www.europesays.com\/fr\/343598\/"},"modified":"2025-08-25T20:06:11","modified_gmt":"2025-08-25T20:06:11","slug":"tout-bloquer-le-10-septembre-a-quoi-faut-il-sattendre-dans-la-region-toulousaine","status":"publish","type":"post","link":"https:\/\/www.europesays.com\/fr\/343598\/","title":{"rendered":"\u00ab\u00a0Tout bloquer\u00a0\u00bb le 10 septembre\u00a0: \u00e0 quoi faut-il s&rsquo;attendre dans la r\u00e9gion toulousaine\u00a0?"},"content":{"rendered":"<p>Alors que la rentr\u00e9e politique du gouvernement s&rsquo;annonce explosive, un mouvement citoyen, nomm\u00e9 \u00ab\u00a0Bloquons tout\u00a0!\u00a0\u00bb a \u00e9merg\u00e9 sur internet et appelle \u00e0 un blocage total du pays le 10 septembre. Mais \u00e0 quoi faut-il r\u00e9ellement s&rsquo;attendre en r\u00e9gion toulousaine\u00a0? R\u00e9ponse. <\/p>\n<p>La rentr\u00e9e politique du gouvernement s&rsquo;annonce explosive avec le vote du budget 2026 d&rsquo;ici la fin de l&rsquo;ann\u00e9e. Le Premier ministre est d&rsquo;ores et d\u00e9j\u00e0 menac\u00e9 de censure sur ce projet \u00e0 44 milliards d&rsquo;euros d&rsquo;\u00e9conomies. Dans ce contexte, Fran\u00e7ois Bayrou a tenu, ce lundi 25 ao\u00fbt, une conf\u00e9rence de presse pour expliquer ce projet. Une prise de parole surtout pour m\u00e9nager les sensibilit\u00e9s de chacun, alors qu&rsquo;<strong>un appel au blocage total du pays le 10 septembre prochain<\/strong> plane sur cette rentr\u00e9e. Mais qu&rsquo;en sera-t-il vraiment\u00a0? Cet appel \u00e0 la gr\u00e8ve sera-t-il suivi chez nous\u00a0? Rien n&rsquo;est moins s\u00fbr, les questionnements restent complets pour la plupart des syndicats et mouvements.<\/p>\n<p>L&rsquo;interrogation des syndicats<\/p>\n<p>A commencer par les principales antennes des syndicats, <strong>tous attendent en fait la r\u00e9union de l&rsquo;intersyndicale du lundi 1er septembre<\/strong>, comme l&rsquo;explique Lionel Pastre, le secr\u00e9taire r\u00e9gional de la CGT Occitanie. \u00ab\u00a0Il va y avoir quelque chose c&rsquo;est certain. Apr\u00e8s reste \u00e0 savoir si \u00e7a sera le 10 septembre ou pas\u00a0\u00bb, d\u00e9taille-t-il. La CGT se r\u00e9unit pour en discuter ce mardi 26 et mercredi 27 ao\u00fbt. L&rsquo;intersyndicale se r\u00e9unira ensuite en d\u00e9but de semaine prochaine pour se mettre d&rsquo;accord.<\/p>\n<p>Chez les professeurs, les interrogations sont \u00e0 peu pr\u00e8s les m\u00eames. \u00ab\u00a0Pour le moment on ne sait pas ce que nous allons faire. <strong>On y verra plus clair une fois que la rentr\u00e9e aura eu lieu<\/strong> et que les professeurs auront pu en discuter entre eux. L&rsquo;\u00e9tat d&rsquo;esprit on l&rsquo;aura vendredi, lors de la pr\u00e9-rentr\u00e9e\u00a0\u00bb, explique Pierre Priouret, le secr\u00e9taire g\u00e9n\u00e9ral du SNES-FSU 31. Mais une chose est s\u00fbre\u00a0:\u00a0\u00ab\u00a0les contentieux sont lourds et nombreux\u00a0\u00bb,\u00a0selon le syndicaliste et d&rsquo;ajouter\u00a0: \u00ab\u00a0Il y a de vrais enjeux pour l&rsquo;\u00e9ducation en cette rentr\u00e9e. On avait notre propre calendrier de mobilisations, cet appel \u00e0 la gr\u00e8ve du 10 septembre, vient le chambouler mais on va r\u00e9fl\u00e9chir.\u00a0\u00bb<\/p>\n<p>Le monde agricole frileux&#8230;<\/p>\n<p>Du c\u00f4t\u00e9 des agriculteurs, les positionnements quant \u00e0 l&rsquo;appel du 10 septembre sont plus timides. <strong>Parmi les FDSEA locales aucune d&rsquo;entre elle n&rsquo;a appel\u00e9 \u00e0 suivre le mouvement<\/strong> pour le moment. Pour le secr\u00e9taire g\u00e9n\u00e9ral de l&rsquo;antenne haut-garonnaise \u00ab\u00a0cette mobilisation est trop prot\u00e9iforme. Ce type de mobilisation sera inutile pour la cause agricole.\u00a0\u00bb Des r\u00e9unions de discussions sont tout de m\u00eame pr\u00e9vues encore courant septembre.<\/p>\n<p>La Coordination rurale n&rsquo;a toujours pas appel\u00e9 \u00e0 la gr\u00e8ve non plus mais les antennes locales ne semblent pas contre l&rsquo;id\u00e9e. \u00ab\u00a0On va se mobiliser\u00a0\u00bb,\u00a0confie le repr\u00e9sentant haut-garonnais et d&rsquo;ajouter \u00ab\u00a0mais on ne sait juste pas quand on pourra le faire\u00a0\u00bb. L&rsquo;appel \u00e0 la gr\u00e8ve tombe pendant les r\u00e9coltes et moissons, rappellent les syndicats. \u00ab\u00a0<strong>Il y aura sans doute une mobilisation agricole ind\u00e9pendante<\/strong> un peu plus tard \u00e0 l&rsquo;automne\u00a0\u00bb, tranche enfin le num\u00e9ro 1 de la branche tarnaise.<\/p>\n<p>&#8230;Tout comme les Gilets jaunes<\/p>\n<p>Et puis, ce qui refroidit aussi plusieurs syndicats agricoles contact\u00e9s, c&rsquo;est le ralliement de La France Insoumise le week-end dernier \u00e0 l&rsquo;appel \u00e0 la gr\u00e8ve. \u00ab\u00a0Cette r\u00e9cup\u00e9ration politique de ce mouvement citoyen, c&rsquo;est sa mort\u00a0\u00bb, estime\u00a0 Eloi Nespoulous, le pr\u00e9sident r\u00e9gional de la CR.<\/p>\n<p>C&rsquo;est d&rsquo;ailleurs ce qui d\u00e9range aussi la plupart des\u00a0gilets jaunes contact\u00e9s par ICI Occitanie. Parmi les figures du mouvement citoyen de 2018, beaucoup regrettent la pr\u00e9sence de partis politiques et notamment celui de LFI. Une chose est s\u00fbre <strong>il n&rsquo;y a pas position claire et unie sur le sujet parmi les gilets jaunes.<\/strong> Et c&rsquo;est peut-\u00eatre l\u00e0 l&rsquo;un des enjeux de cette mobilisation du 10 septembre\u00a0:\u00a0rassembler au-del\u00e0 des pr\u00e9occupations de chacun.<\/p>\n<p>\u00c0 lire aussi   <img decoding=\"async\" src=\"https:\/\/www.europesays.com\/fr\/wp-content\/uploads\/2025\/08\/1756152371_255_560x315\" alt=\"Un manifestant lors d'une mobilisation des gilets jaunes en 2023 (photo d'illustration).\" style=\"--_image-preview:url('data:image\/jpeg;base64,\/9j\/2wBDACgcHiMeGSgjISMtKygwPGRBPDc3PHtYXUlkkYCZlo+AjIqgtObDoKrarYqMyP\/L2u71\/\/\/\/m8H\/\/\/\/6\/+b9\/\/j\/2wBDASstLTw1PHZBQXb4pYyl+Pj4+Pj4+Pj4+Pj4+Pj4+Pj4+Pj4+Pj4+Pj4+Pj4+Pj4+Pj4+Pj4+Pj4+Pj4+Pj4+Pj\/wAARCAAXACoDASIAAhEBAxEB\/8QAGAAAAwEBAAAAAAAAAAAAAAAAAAEDBAL\/xAAXEAEBAQEAAAAAAAAAAAAAAAAAAQIS\/8QAFgEBAQEAAAAAAAAAAAAAAAAAAAIB\/8QAFhEBAQEAAAAAAAAAAAAAAAAAAAER\/9oADAMBAAIRAxEAPwB2uNF0aRLUS1losT1DRnscqaTaNU0pKAmh1PQDIIbSAXB\/\/9k=');\" loading=\"lazy\" fetchpriority=\"low\" aria-hidden=\"true\" class=\"svelte-1pnmlwx rounded\" onload=\"this.__e=event\" onerror=\"this.__e=event\"\/><\/p>\n","protected":false},"excerpt":{"rendered":"Alors que la rentr\u00e9e politique du gouvernement s&rsquo;annonce explosive, un mouvement citoyen, nomm\u00e9 \u00ab\u00a0Bloquons tout\u00a0!\u00a0\u00bb a \u00e9merg\u00e9 sur&hellip;\n","protected":false},"author":2,"featured_media":343599,"comment_status":"","ping_status":"","sticky":false,"template":"","format":"standard","meta":{"footnotes":""},"categories":[2816],"tags":[1111,11,1777,674,1011,27,12,2680,25,2312],"class_list":{"0":"post-343598","1":"post","2":"type-post","3":"status-publish","4":"format-standard","5":"has-post-thumbnail","7":"category-toulouse","8":"tag-actu","9":"tag-actualites","10":"tag-eu","11":"tag-europe","12":"tag-fr","13":"tag-france","14":"tag-news","15":"tag-occitanie","16":"tag-republique-francaise","17":"tag-toulouse"},"share_on_mastodon":{"url":"https:\/\/pubeurope.com\/@fr\/115091209118153915","error":""},"_links":{"self":[{"href":"https:\/\/www.europesays.com\/fr\/wp-json\/wp\/v2\/posts\/343598","targetHints":{"allow":["GET"]}}],"collection":[{"href":"https:\/\/www.europesays.com\/fr\/wp-json\/wp\/v2\/posts"}],"about":[{"href":"https:\/\/www.europesays.com\/fr\/wp-json\/wp\/v2\/types\/post"}],"author":[{"embeddable":true,"href":"https:\/\/www.europesays.com\/fr\/wp-json\/wp\/v2\/users\/2"}],"replies":[{"embeddable":true,"href":"https:\/\/www.europesays.com\/fr\/wp-json\/wp\/v2\/comments?post=343598"}],"version-history":[{"count":0,"href":"https:\/\/www.europesays.com\/fr\/wp-json\/wp\/v2\/posts\/343598\/revisions"}],"wp:featuredmedia":[{"embeddable":true,"href":"https:\/\/www.europesays.com\/fr\/wp-json\/wp\/v2\/media\/343599"}],"wp:attachment":[{"href":"https:\/\/www.europesays.com\/fr\/wp-json\/wp\/v2\/media?parent=343598"}],"wp:term":[{"taxonomy":"category","embeddable":true,"href":"https:\/\/www.europesays.com\/fr\/wp-json\/wp\/v2\/categories?post=343598"},{"taxonomy":"post_tag","embeddable":true,"href":"https:\/\/www.europesays.com\/fr\/wp-json\/wp\/v2\/tags?post=343598"}],"curies":[{"name":"wp","href":"https:\/\/api.w.org\/{rel}","templated":true}]}}