{"id":343606,"date":"2025-08-25T20:11:13","date_gmt":"2025-08-25T20:11:13","guid":{"rendered":"https:\/\/www.europesays.com\/fr\/343606\/"},"modified":"2025-08-25T20:11:13","modified_gmt":"2025-08-25T20:11:13","slug":"lyon-un-pere-denonce-lagression-antisemite-de-son-fils-de-14-ans-a-la-sortie-dune-synagogue","status":"publish","type":"post","link":"https:\/\/www.europesays.com\/fr\/343606\/","title":{"rendered":"Lyon. Un p\u00e8re d\u00e9nonce l\u2019agression antis\u00e9mite de son fils de 14 ans \u00e0 la sortie d\u2019une synagogue"},"content":{"rendered":"<p>\u00ab\u00a0Il a eu tr\u00e8s peur, le gars avait un objet en m\u00e9tal dans la main.\u00a0\u00bb Le p\u00e8re d\u2019un \u00ab\u00a0fr\u00eale adolescent de 14 ans\u00a0\u00bb a d\u00e9clar\u00e9 lundi soir au Progr\u00e8s  que ce dernier avait \u00e9t\u00e9 victime d\u2019une agression antis\u00e9mite, en d\u00e9but de soir\u00e9e, vendredi, \u00e0 la sortie d\u2019une synagogue. Une plainte a \u00e9t\u00e9 d\u00e9pos\u00e9e dimanche, apr\u00e8s le jour du shabbat. Elle a \u00e9t\u00e9 confirm\u00e9e \u00e0 notre r\u00e9daction par une source s\u00e9curitaire.<\/p>\n<p>Ce contenu est bloqu\u00e9 car vous n&rsquo;avez pas accept\u00e9 les cookies et autres traceurs.<\/p>\n<p>En cliquant sur \u00ab J\u2019accepte \u00bb, les cookies et autres traceurs seront d\u00e9pos\u00e9s et vous pourrez visualiser les contenus  (<a href=\"\" class=\"consentModule_policy\" target=\"_blank\" title=\"Consulter la politique de protection des donn\u00e9es du fournisseur\">plus d&rsquo;informations<\/a>).<\/p>\n<p>En cliquant sur \u00ab J\u2019accepte tous les cookies \u00bb, vous autorisez des d\u00e9p\u00f4ts de cookies et autres traceurs pour le stockage de vos donn\u00e9es sur nos sites et applications \u00e0 des fins de personnalisation et de ciblage publicitaire.<\/p>\n<p class=\"consentModule_secondaryText\">Vous gardez la possibilit\u00e9 de retirer votre consentement \u00e0 tout moment en consultant notre <a href=\"https:\/\/www.leprogres.fr\/protection-des-donnees\" target=\"_blank\" title=\"Consulter notre politique de protection des donn\u00e9es\" rel=\"noopener\">politique de protection des donn\u00e9es<\/a>. <br \/>&#13;<br \/>\n            <a href=\"https:\/\/www.leprogres.fr\/faits-divers-justice\/2025\/08\/25\/javascript:Didomi.notice.show()\" class=\"consentModule_cmp\" target=\"_blank\" rel=\"noopener\">G\u00e9rer mes choix<\/a>&#13;\n        <\/p>\n<p>&#13;<br \/>\n                        J&rsquo;accepte&#13;<br \/>\n            J&rsquo;accepte tous les cookies&#13;\n        <\/p>\n<p>Les faits se seraient produits rue Crillon, \u00e0 Lyon 6e , \u00ab\u00a0\u00e0 80 ou 100 m\u00e8tres\u00a0\u00bb du lieu de culte, d\u2019apr\u00e8s le p\u00e8re du plaignant. \u00ab\u00a0Un individu d\u2019une vingtaine d\u2019ann\u00e9es \u00e9tait derri\u00e8re un buisson, a vu mon fils marcher seul, l\u2019a abord\u00e9 en lui demandant s\u2019il fumait. Samuel lui a r\u00e9pondu que non, est parti en marchant vite, sentant que ce n\u2019\u00e9tait pas tr\u00e8s clair.\u00a0\u00bb<\/p>\n<p>\u00ab\u00a0L\u2019individu a commenc\u00e9 \u00e0 l\u2019insulter, avec des propos antis\u00e9mites, puis lui a fait une balayette. Samuel est rest\u00e9 sur ses appuis, s\u2019est mis \u00e0 courir mais a \u00e9t\u00e9 rattrap\u00e9 par le bras. L\u2019individu lui a mis des coups de pied \u00e0 la hanche. Il a un h\u00e9matome de plus de huit centim\u00e8tres. Mon fils a pu s\u2019enfuir apr\u00e8s avoir donn\u00e9 un coup de genou.\u00a0\u00bb<\/p>\n<p>Ce contenu est bloqu\u00e9 car vous n&rsquo;avez pas accept\u00e9 les cookies et autres traceurs.<\/p>\n<p>En cliquant sur \u00ab J\u2019accepte \u00bb, les cookies et autres traceurs seront d\u00e9pos\u00e9s et vous pourrez visualiser les contenus  (<a href=\"\" class=\"consentModule_policy\" target=\"_blank\" title=\"Consulter la politique de protection des donn\u00e9es du fournisseur\">plus d&rsquo;informations<\/a>).<\/p>\n<p>En cliquant sur \u00ab J\u2019accepte tous les cookies \u00bb, vous autorisez des d\u00e9p\u00f4ts de cookies et autres traceurs pour le stockage de vos donn\u00e9es sur nos sites et applications \u00e0 des fins de personnalisation et de ciblage publicitaire.<\/p>\n<p class=\"consentModule_secondaryText\">Vous gardez la possibilit\u00e9 de retirer votre consentement \u00e0 tout moment en consultant notre <a href=\"https:\/\/www.leprogres.fr\/protection-des-donnees\" target=\"_blank\" title=\"Consulter notre politique de protection des donn\u00e9es\" rel=\"noopener\">politique de protection des donn\u00e9es<\/a>. <br \/>&#13;<br \/>\n            <a href=\"https:\/\/www.leprogres.fr\/faits-divers-justice\/2025\/08\/25\/javascript:Didomi.notice.show()\" class=\"consentModule_cmp\" target=\"_blank\" rel=\"noopener\">G\u00e9rer mes choix<\/a>&#13;\n        <\/p>\n<p>&#13;<br \/>\n                        J&rsquo;accepte&#13;<br \/>\n            J&rsquo;accepte tous les cookies&#13;\n        <\/p>\n<p>  \u00ab\u00a0Un adulte a agress\u00e9 un enfant\u00a0\u00bb<\/p>\n<p>Depuis vendredi soir, \u00ab\u00a0il boite, ne dort plus. Son seul tort est d\u2019\u00eatre Juif. Il avait une casquette sur la t\u00eate, aucun signe religieux sur lui qui attire le regard. L\u2019individu \u00e9tait derri\u00e8re un bosquet. Est-ce que c\u2019\u00e9tait pr\u00e9m\u00e9dit\u00e9\u00a0?\u00a0\u00bb, s\u2019interroge le p\u00e8re de famille, \u00ab\u00a0en col\u00e8re, dans l\u2019incompr\u00e9hension. Un adulte a agress\u00e9 un enfant, pour le seul motif d\u2019\u00eatre Juif. Tout est fait pour que l\u2019antis\u00e9mitisme devienne \u00e0 la mode\u00a0\u00bb, estime-t-il.<\/p>\n<p>L\u2019affaire intervient dans un contexte g\u00e9opolitique tendu. L\u2019ambassadeur des \u00c9tats-Unis en France a \u00e9crit, dimanche, dans une lettre \u00e0 <a href=\"https:\/\/www.leprogres.fr\/p\/emmanuel-macron\" target=\"_blank\" rel=\"noopener\">Emmanuel Macron<\/a>, qu\u2019il \u00ab\u00a0ne se passe pas un jour en France sans que des Juifs soient agress\u00e9s dans les rues\u00a0\u00bb, l\u2019accusant <a href=\"https:\/\/www.leprogres.fr\/defense-guerre-conflit\/2025\/08\/24\/antisemitisme-l-ambassadeur-americain-convoque-apres-ses-propos-inacceptables-sur-macron\" target=\"_blank\" rel=\"noopener\">d\u2019\u00ab\u00a0absence d\u2019action suffisante\u00a0\u00bb<\/a>. Cette missive, condamn\u00e9e par le Quai d\u2019Orsay, a \u00e9t\u00e9 envoy\u00e9e quelques jours apr\u00e8s que le Premier ministre isra\u00e9lien a accus\u00e9 le chef de l\u2019\u00c9tat fran\u00e7ais, qui s\u2019appr\u00eate \u00e0 <a href=\"https:\/\/www.leprogres.fr\/defense-guerre-conflit\/2025\/07\/24\/emmanuel-macron-annonce-que-la-france-va-reconnaitre-l-etat-de-palestine-en-septembre\" target=\"_blank\" rel=\"noopener\">reconna\u00eetre l\u2019\u00c9tat palestinien<\/a>, \u00ab\u00a0d\u2019alimenter le feu antis\u00e9mite\u00a0\u00bb.<\/p>\n<p>646 actes antis\u00e9mites ont \u00e9t\u00e9 enregistr\u00e9s en France de janvier \u00e0 juin\u00a02025, selon des donn\u00e9es diffus\u00e9es ce lundi par le minist\u00e8re de l\u2019Int\u00e9rieur.<\/p>\n","protected":false},"excerpt":{"rendered":"\u00ab\u00a0Il a eu tr\u00e8s peur, le gars avait un objet en m\u00e9tal dans la main.\u00a0\u00bb Le p\u00e8re d\u2019un&hellip;\n","protected":false},"author":2,"featured_media":343607,"comment_status":"","ping_status":"","sticky":false,"template":"","format":"standard","meta":{"footnotes":""},"categories":[1889],"tags":[1111,11,2430,271,272,2757,1777,674,274,107,1011,27,2428,2756,12,25,2429],"class_list":{"0":"post-343606","1":"post","2":"type-post","3":"status-publish","4":"format-standard","5":"has-post-thumbnail","7":"category-lyon","8":"tag-actu","9":"tag-actualites","10":"tag-auvergne-rhone-alpes","11":"tag-crime","12":"tag-delit-et-contravention","13":"tag-edition-lyon-villeurbanne","14":"tag-eu","15":"tag-europe","16":"tag-faits-divers-justice","17":"tag-fil-info","18":"tag-fr","19":"tag-france","20":"tag-lyon","21":"tag-lyon-bassin","22":"tag-news","23":"tag-republique-francaise","24":"tag-rhone"},"share_on_mastodon":{"url":"https:\/\/pubeurope.com\/@fr\/115091228767844147","error":""},"_links":{"self":[{"href":"https:\/\/www.europesays.com\/fr\/wp-json\/wp\/v2\/posts\/343606","targetHints":{"allow":["GET"]}}],"collection":[{"href":"https:\/\/www.europesays.com\/fr\/wp-json\/wp\/v2\/posts"}],"about":[{"href":"https:\/\/www.europesays.com\/fr\/wp-json\/wp\/v2\/types\/post"}],"author":[{"embeddable":true,"href":"https:\/\/www.europesays.com\/fr\/wp-json\/wp\/v2\/users\/2"}],"replies":[{"embeddable":true,"href":"https:\/\/www.europesays.com\/fr\/wp-json\/wp\/v2\/comments?post=343606"}],"version-history":[{"count":0,"href":"https:\/\/www.europesays.com\/fr\/wp-json\/wp\/v2\/posts\/343606\/revisions"}],"wp:featuredmedia":[{"embeddable":true,"href":"https:\/\/www.europesays.com\/fr\/wp-json\/wp\/v2\/media\/343607"}],"wp:attachment":[{"href":"https:\/\/www.europesays.com\/fr\/wp-json\/wp\/v2\/media?parent=343606"}],"wp:term":[{"taxonomy":"category","embeddable":true,"href":"https:\/\/www.europesays.com\/fr\/wp-json\/wp\/v2\/categories?post=343606"},{"taxonomy":"post_tag","embeddable":true,"href":"https:\/\/www.europesays.com\/fr\/wp-json\/wp\/v2\/tags?post=343606"}],"curies":[{"name":"wp","href":"https:\/\/api.w.org\/{rel}","templated":true}]}}