{"id":343608,"date":"2025-08-25T20:12:13","date_gmt":"2025-08-25T20:12:13","guid":{"rendered":"https:\/\/www.europesays.com\/fr\/343608\/"},"modified":"2025-08-25T20:12:13","modified_gmt":"2025-08-25T20:12:13","slug":"rajaa-johnson-la-chasseuse-dappart-qui-fait-tomber-le-stress","status":"publish","type":"post","link":"https:\/\/www.europesays.com\/fr\/343608\/","title":{"rendered":"Raja\u00e2 Johnson, la chasseuse d\u2019appart qui fait tomber le stress"},"content":{"rendered":"<p>\u00ab\u00a0Trouver un logement \u00e9tudiant \u00e0 Lyon c\u2019est un v\u00e9ritable casse-t\u00eate\u00a0\u00bb. Raja\u00e2 Johnson est chasseuse d\u2019appartements pour sa soci\u00e9t\u00e9\u00a0: Melan\u00e2 Relocation. Avec dix-huit ans d\u2019exp\u00e9rience dans le domaine de l\u2019immobilier, elle accompagne des \u00e9tudiants et des familles dans leurs recherches. Fine connaisseuse du secteur, Le Progr\u00e8s  l\u2019a suivie une journ\u00e9e pour comprendre comment elle travaille.<\/p>\n<p>\u00ab\u00a0Quand des clients me contactent, la premi\u00e8re chose que je dois faire, c\u2019est expliquer la r\u00e9alit\u00e9 du march\u00e9. Non, pour 500\u00a0euros ce n\u2019est pas possible de trouver un studio dans Lyon. Un T2 avec une chambre s\u00e9par\u00e9e pour 650\u00a0euros, \u00e7a n\u2019existe&#8230;<\/p>\n","protected":false},"excerpt":{"rendered":"\u00ab\u00a0Trouver un logement \u00e9tudiant \u00e0 Lyon c\u2019est un v\u00e9ritable casse-t\u00eate\u00a0\u00bb. Raja\u00e2 Johnson est chasseuse d\u2019appartements pour sa soci\u00e9t\u00e9\u00a0:&hellip;\n","protected":false},"author":2,"featured_media":343609,"comment_status":"","ping_status":"","sticky":false,"template":"","format":"standard","meta":{"footnotes":""},"categories":[1889],"tags":[1111,11,2430,33,115,1057,4854,1777,674,1011,27,1116,108,1908,2428,12,25,2429,104],"class_list":{"0":"post-343608","1":"post","2":"type-post","3":"status-publish","4":"format-standard","5":"has-post-thumbnail","7":"category-lyon","8":"tag-actu","9":"tag-actualites","10":"tag-auvergne-rhone-alpes","11":"tag-economie","12":"tag-edition-bourgoin-jallieu-nord-dauphine","13":"tag-education","14":"tag-enseignement-superieur","15":"tag-eu","16":"tag-europe","17":"tag-fr","18":"tag-france","19":"tag-immobilier","20":"tag-isere","21":"tag-logement","22":"tag-lyon","23":"tag-news","24":"tag-republique-francaise","25":"tag-rhone","26":"tag-societe"},"share_on_mastodon":{"url":"https:\/\/pubeurope.com\/@fr\/115091232705715748","error":""},"_links":{"self":[{"href":"https:\/\/www.europesays.com\/fr\/wp-json\/wp\/v2\/posts\/343608","targetHints":{"allow":["GET"]}}],"collection":[{"href":"https:\/\/www.europesays.com\/fr\/wp-json\/wp\/v2\/posts"}],"about":[{"href":"https:\/\/www.europesays.com\/fr\/wp-json\/wp\/v2\/types\/post"}],"author":[{"embeddable":true,"href":"https:\/\/www.europesays.com\/fr\/wp-json\/wp\/v2\/users\/2"}],"replies":[{"embeddable":true,"href":"https:\/\/www.europesays.com\/fr\/wp-json\/wp\/v2\/comments?post=343608"}],"version-history":[{"count":0,"href":"https:\/\/www.europesays.com\/fr\/wp-json\/wp\/v2\/posts\/343608\/revisions"}],"wp:featuredmedia":[{"embeddable":true,"href":"https:\/\/www.europesays.com\/fr\/wp-json\/wp\/v2\/media\/343609"}],"wp:attachment":[{"href":"https:\/\/www.europesays.com\/fr\/wp-json\/wp\/v2\/media?parent=343608"}],"wp:term":[{"taxonomy":"category","embeddable":true,"href":"https:\/\/www.europesays.com\/fr\/wp-json\/wp\/v2\/categories?post=343608"},{"taxonomy":"post_tag","embeddable":true,"href":"https:\/\/www.europesays.com\/fr\/wp-json\/wp\/v2\/tags?post=343608"}],"curies":[{"name":"wp","href":"https:\/\/api.w.org\/{rel}","templated":true}]}}