{"id":343617,"date":"2025-08-25T20:23:10","date_gmt":"2025-08-25T20:23:10","guid":{"rendered":"https:\/\/www.europesays.com\/fr\/343617\/"},"modified":"2025-08-25T20:23:10","modified_gmt":"2025-08-25T20:23:10","slug":"charles-kushner-envoie-son-charge-daffaires-pour-le-remplacer","status":"publish","type":"post","link":"https:\/\/www.europesays.com\/fr\/343617\/","title":{"rendered":"Charles Kushner envoie son charg\u00e9 d\u2019affaires pour le remplacer"},"content":{"rendered":"<p>Le diplomate am\u00e9ricain \u00e9tait convoqu\u00e9 ce lundi au Quai d\u2019Orsay apr\u00e8s l\u2019envoi d\u2019un courrier critiquant vivement l\u2019action du gouvernement fran\u00e7ais face \u00e0 l\u2019augmentation des actes antis\u00e9mites.<\/p>\n<p class=\"fig-paragraph\">Cela ne rel\u00e8ve pas du langage diplomatique. Pourtant, l\u2019ambassadeur des \u00c9tats-Unis \u00e0 Paris ne s\u2019est pas rendu\u00a0<a href=\"http:\/\/www.lefigaro.fr\/flash-actu\/l-ambassadeur-americain-en-france-denonce-l-absence-d-action-suffisante-d-emmanuel-macron-face-a-l-antisemitisme-20250824\" data-fig-type=\"NewsFlash\" data-gtm-custom-categorie=\"navigation\" data-gtm-custom-action=\"crossclick\" data-gtm-custom-label=\"Contextuel\" data-gtm-event=\"customEventSPE\" data-fig-domain=\"LEFIGARO\" target=\"_blank\" rel=\"noopener\">\u00e0 sa convocation au Quai d\u2019Orsay<\/a>\u00a0pr\u00e9vue ce lundi, a appris Le Figaro de source diplomatique fran\u00e7aise. Charles Kushner, p\u00e8re du gendre de Donald Trump, \u00e9tait somm\u00e9 de s\u2019expliquer apr\u00e8s la publication d\u2019une lettre dans laquelle il fustige ouvertement l\u2019action du gouvernement fran\u00e7ais, et plus pr\u00e9cis\u00e9ment d\u2019Emmanuel Macron, dans la lutte face \u00e0 l\u2019antis\u00e9mitisme.<\/p>\n<p class=\"fig-paragraph\">En lieu et place de Charles Kushner, c\u2019est le Charg\u00e9 d\u2019affaires, un autre diplomate charg\u00e9 d\u2019assurer les fonctions de l\u2019ambassadeur en cas d\u2019absence ou d\u2019indisponibilit\u00e9, qui a \u00e9t\u00e9 convoqu\u00e9. Ce dernier a \u00e9t\u00e9 re\u00e7u par la Directrice g\u00e9n\u00e9rale adjointe des affaires politiques et de s\u00e9curit\u00e9 ainsi que par la directrice des Am\u00e9riques et des Cara\u00efbes du Minist\u00e8re de l\u2019Europe et des Affaires \u00e9trang\u00e8res, confie la m\u00eame source. Au cours de cet entretien, il a \u00e9t\u00e9 signifi\u00e9 au Charg\u00e9 d\u2019affaires que les critiques \u00e9mises par l\u2019ambassadeur constituaient une ing\u00e9rence dans les affaires int\u00e9rieures de la France.\u00a0Le diplomate am\u00e9ricain a tout de m\u00eame indiqu\u00e9 que Charles Kushner exprimait sa disposition \u00e0 travailler avec la France sur la lutte contre l\u2019antis\u00e9mitisme.<\/p>\n<p>                                    <a class=\"fig-a11y-skip a11y-hidden\" href=\"#fig-a11y-skip-main-inarticle\"><br \/>\n        Passer la publicit\u00e9<br \/>\n    <\/a><\/p>\n<p>\u00abUn travail remarquable\u00bb<\/p>\n<p class=\"fig-paragraph\">Dans sa lettre publi\u00e9e ce dimanche, \u00e9galement destin\u00e9e \u00e0 Donald Trump et \u00e0 Benyamin Netanyahou, l\u2019ambassadeur am\u00e9ricain exprimait \u00absa profonde inqui\u00e9tude face \u00e0 la flamb\u00e9e de l\u2019antis\u00e9mitisme en France et \u00e0 l\u2019absence d\u2019action suffisante de (son) gouvernement pour le combattre\u00bb. Des \u00aball\u00e9gations inacceptables\u00bb pour le Quai d\u2019Orsay mais soutenues par\u00a0<a href=\"http:\/\/www.lefigaro.fr\/international\/washington-dit-soutenir-son-ambassadeur-en-france-convoque-apres-ses-propos-sur-l-antisemitisme-20250825\" data-fig-type=\"NewsFlash\" data-gtm-custom-categorie=\"navigation\" data-gtm-custom-action=\"crossclick\" data-gtm-custom-label=\"Contextuel\" data-gtm-event=\"customEventSPE\" data-fig-domain=\"LEFIGARO\" target=\"_blank\" rel=\"noopener\">Washington ce lundi<\/a>\u00a0en indiquant que \u00abl\u2019ambassadeur Kushner est le repr\u00e9sentant du gouvernement des \u00c9tats-Unis en France et effectue un travail remarquable en faisant progresser nos int\u00e9r\u00eats nationaux dans ce r\u00f4le\u00bb.<\/p>\n<p class=\"fig-paragraph\">Pour le gouvernement fran\u00e7ais, ces propos d\u2019un diplomate am\u00e9ricain en poste en France violent la Convention de Vienne de 1961, qui r\u00e9git les relations diplomatiques et consacre le \u00abdevoir de ne pas s\u2019immiscer dans les affaires int\u00e9rieures des \u00c9tats\u00bb. De telles d\u00e9clarations \u00abne sont par ailleurs pas \u00e0 la hauteur de la qualit\u00e9 du lien transatlantique entre la France et les \u00c9tats-Unis et de la confiance qui doit en r\u00e9sulter, entre alli\u00e9s\u00bb, a insist\u00e9 Paris.<\/p>\n","protected":false},"excerpt":{"rendered":"Le diplomate am\u00e9ricain \u00e9tait convoqu\u00e9 ce lundi au Quai d\u2019Orsay apr\u00e8s l\u2019envoi d\u2019un courrier critiquant vivement l\u2019action du&hellip;\n","protected":false},"author":2,"featured_media":343618,"comment_status":"","ping_status":"","sticky":false,"template":"","format":"standard","meta":{"footnotes":""},"categories":[1888],"tags":[11,1903,1777,674,1011,27,12,626,2462,25],"class_list":{"0":"post-343617","1":"post","2":"type-post","3":"status-publish","4":"format-standard","5":"has-post-thumbnail","7":"category-paris","8":"tag-actualites","9":"tag-ambassadeur","10":"tag-eu","11":"tag-europe","12":"tag-fr","13":"tag-france","14":"tag-news","15":"tag-paris","16":"tag-quai-dorsay","17":"tag-republique-francaise"},"share_on_mastodon":{"url":"https:\/\/pubeurope.com\/@fr\/115091275991462582","error":""},"_links":{"self":[{"href":"https:\/\/www.europesays.com\/fr\/wp-json\/wp\/v2\/posts\/343617","targetHints":{"allow":["GET"]}}],"collection":[{"href":"https:\/\/www.europesays.com\/fr\/wp-json\/wp\/v2\/posts"}],"about":[{"href":"https:\/\/www.europesays.com\/fr\/wp-json\/wp\/v2\/types\/post"}],"author":[{"embeddable":true,"href":"https:\/\/www.europesays.com\/fr\/wp-json\/wp\/v2\/users\/2"}],"replies":[{"embeddable":true,"href":"https:\/\/www.europesays.com\/fr\/wp-json\/wp\/v2\/comments?post=343617"}],"version-history":[{"count":0,"href":"https:\/\/www.europesays.com\/fr\/wp-json\/wp\/v2\/posts\/343617\/revisions"}],"wp:featuredmedia":[{"embeddable":true,"href":"https:\/\/www.europesays.com\/fr\/wp-json\/wp\/v2\/media\/343618"}],"wp:attachment":[{"href":"https:\/\/www.europesays.com\/fr\/wp-json\/wp\/v2\/media?parent=343617"}],"wp:term":[{"taxonomy":"category","embeddable":true,"href":"https:\/\/www.europesays.com\/fr\/wp-json\/wp\/v2\/categories?post=343617"},{"taxonomy":"post_tag","embeddable":true,"href":"https:\/\/www.europesays.com\/fr\/wp-json\/wp\/v2\/tags?post=343617"}],"curies":[{"name":"wp","href":"https:\/\/api.w.org\/{rel}","templated":true}]}}