{"id":343619,"date":"2025-08-25T20:24:12","date_gmt":"2025-08-25T20:24:12","guid":{"rendered":"https:\/\/www.europesays.com\/fr\/343619\/"},"modified":"2025-08-25T20:24:12","modified_gmt":"2025-08-25T20:24:12","slug":"mercato-imran-louza-pourrait-rejoindre-la-russie-cet-ete-lequipe","status":"publish","type":"post","link":"https:\/\/www.europesays.com\/fr\/343619\/","title":{"rendered":"Mercato. Imran Louza pourrait rejoindre la Russie cet \u00e9t\u00e9 (L\u2019\u00c9quipe)"},"content":{"rendered":"<p>Apr\u00e8s sa belle saison \u00e0 Watford, l\u2019ancien Nantais, Imran Louza, pourrait d\u00e9barquer au Lokomotiv Moscou cet \u00e9t\u00e9. Point rapide.<\/p>\n<p data-start=\"318\" data-end=\"596\">Les <strong>grands clubs russes<\/strong> se jettent \u00e0 nouveau sur le march\u00e9 europ\u00e9en pour faire leurs emplettes au mercato. <strong>Douglas Augusto<\/strong> a rejoint Krasnodar, tout comme les Auxerrois <strong>Ga\u00ebtan Perrin et Jubal<\/strong>. Mais c\u2019est un autre ancien Canari qui pourrait suivre le m\u00eame chemin : Imran Louza.<\/p>\n<p>Un transfert \u00e0 six millions d\u2019euros ?<\/p>\n<p data-start=\"598\" data-end=\"822\">En effet, le milieu form\u00e9 \u00e0 Nantes attire les convoitises apr\u00e8s sa nouvelle belle saison en Championship avec Watford. Aujourd\u2019hui \u00e2g\u00e9 de<strong> 26 ans<\/strong>, il pourrait faire l\u2019objet d\u2019un transfert important vers le <strong>Lokomotiv Moscou<\/strong>.<\/p>\n<p data-start=\"824\" data-end=\"1033\">Selon les informations de <a href=\"https:\/\/www.lequipe.fr\/Football\/Actualites\/Mercato-le-lokomotiv-moscou-espere-imran-louza\/1587481\" rel=\"nofollow noopener\" target=\"_blank\">L\u2019\u00c9quipe<\/a>, le club russe est entr\u00e9 en n\u00e9gociations avec le club anglais afin de faire venir l\u2019international marocain. La base des discussions porte sur un <strong>transfert d\u2019environ 6 M\u20ac<\/strong>.<\/p>\n<p data-start=\"1035\" data-end=\"1194\">Imran Louza fait \u00e9galement l\u2019objet d\u2019un int\u00e9r\u00eat de <strong>Trabzonspor<\/strong>, en Turquie, depuis le d\u00e9but du mercato, toujours selon les informations du quotidien sportif.<\/p>\n<p>Qui est Imr\u00e2n Louza ?<\/p>\n<p>Form\u00e9 au\u00a0<strong>FC Nantes<\/strong>, Imran Louza a fait toutes\u00a0<strong>ses classes<\/strong>\u00a0\u00e0 la Joneli\u00e8re de\u00a0<strong>2006 \u00e0 2021<\/strong>. Il s\u2019est \u00e9galement impos\u00e9 en professionnel. Disputant pas moins de\u00a0<strong>62 rencontres<\/strong>\u00a0pour un total de\u00a0<strong>douze buts<\/strong>\u00a0et\u00a0<strong>cinq passes d\u00e9cisives<\/strong>.<\/p>\n<p>Milieu technique et gaucher, longtemps consid\u00e9r\u00e9 comme un\u00a0<strong>milieu offensif<\/strong>\u00a0chez les Canaris. C\u2019est en relayeur qu\u2019Imran est le plus\u00a0<strong>performant<\/strong>. A l\u2019image l\u2019op\u00e9ration maintien d\u2019<strong>Antoine Kombouar\u00e9<\/strong>, o\u00f9 il avait excell\u00e9 aux c\u00f4t\u00e9s de\u00a0<strong>Pedro Chirivella<\/strong>.<\/p>\n<p>Dans ce r\u00f4le plus\u00a0<strong>d\u00e9fensif et travailleur<\/strong>, aujourd\u2019hui avec <strong>Paulo Pezzolano <\/strong>\u00e0 Watford. Le natif de Nantes fait partie des\u00a0<strong>meilleurs joueurs<\/strong>\u00a0de l\u2019\u00e9quipe du Nord-Ouest de Londres. Auteur de 33 matchs la saison pass\u00e9e pour 2 buts et cinq passes d\u00e9cisive mais surtout un abattage cons\u00e9quent dans l\u2019entrejeu des<strong> \u00ab\u00a0Hornets\u00a0\u00bb<\/strong>.<\/p>\n","protected":false},"excerpt":{"rendered":"Apr\u00e8s sa belle saison \u00e0 Watford, l\u2019ancien Nantais, Imran Louza, pourrait d\u00e9barquer au Lokomotiv Moscou cet \u00e9t\u00e9. Point&hellip;\n","protected":false},"author":2,"featured_media":343620,"comment_status":"","ping_status":"","sticky":false,"template":"","format":"standard","meta":{"footnotes":""},"categories":[1591],"tags":[11,1887,12,1885,1886,132],"class_list":{"0":"post-343619","1":"post","2":"type-post","3":"status-publish","4":"format-standard","5":"has-post-thumbnail","7":"category-russie","8":"tag-actualites","9":"tag-federation-de-russie","10":"tag-news","11":"tag-russia","12":"tag-russian-federation","13":"tag-russie"},"share_on_mastodon":{"url":"https:\/\/pubeurope.com\/@fr\/115091279966320899","error":""},"_links":{"self":[{"href":"https:\/\/www.europesays.com\/fr\/wp-json\/wp\/v2\/posts\/343619","targetHints":{"allow":["GET"]}}],"collection":[{"href":"https:\/\/www.europesays.com\/fr\/wp-json\/wp\/v2\/posts"}],"about":[{"href":"https:\/\/www.europesays.com\/fr\/wp-json\/wp\/v2\/types\/post"}],"author":[{"embeddable":true,"href":"https:\/\/www.europesays.com\/fr\/wp-json\/wp\/v2\/users\/2"}],"replies":[{"embeddable":true,"href":"https:\/\/www.europesays.com\/fr\/wp-json\/wp\/v2\/comments?post=343619"}],"version-history":[{"count":0,"href":"https:\/\/www.europesays.com\/fr\/wp-json\/wp\/v2\/posts\/343619\/revisions"}],"wp:featuredmedia":[{"embeddable":true,"href":"https:\/\/www.europesays.com\/fr\/wp-json\/wp\/v2\/media\/343620"}],"wp:attachment":[{"href":"https:\/\/www.europesays.com\/fr\/wp-json\/wp\/v2\/media?parent=343619"}],"wp:term":[{"taxonomy":"category","embeddable":true,"href":"https:\/\/www.europesays.com\/fr\/wp-json\/wp\/v2\/categories?post=343619"},{"taxonomy":"post_tag","embeddable":true,"href":"https:\/\/www.europesays.com\/fr\/wp-json\/wp\/v2\/tags?post=343619"}],"curies":[{"name":"wp","href":"https:\/\/api.w.org\/{rel}","templated":true}]}}