{"id":343621,"date":"2025-08-25T20:25:12","date_gmt":"2025-08-25T20:25:12","guid":{"rendered":"https:\/\/www.europesays.com\/fr\/343621\/"},"modified":"2025-08-25T20:25:12","modified_gmt":"2025-08-25T20:25:12","slug":"lukraine-est-furieuse-contre-woody-allen-pour-son-apparition-a-un-festival-russe","status":"publish","type":"post","link":"https:\/\/www.europesays.com\/fr\/343621\/","title":{"rendered":"l\u2019Ukraine est furieuse contre Woody Allen pour son apparition \u00e0 un festival russe"},"content":{"rendered":"<p>        <img decoding=\"async\" loading=\"lazy\" src=\"https:\/\/www.europesays.com\/fr\/wp-content\/uploads\/2025\/08\/b5a0d5d_1693864410151-000-33uc7l6.jpg\"  width=\"728\" height=\"410\" alt=\"Le r\u00e9alisateur am\u00e9ricain Woody Allen pose sur le tapis rouge du film \u00ab Coup de Chance \u00bb, pr\u00e9sent\u00e9 hors comp\u00e9tition lors du 80e Festival du film de Venise, le 4\u00a0septembre 2023\u00a0au Lido de Venise.\"\/>  <\/p>\n<p>TIZIANA FABI \/ AFP<\/p>\n<p>Le r\u00e9alisateur am\u00e9ricain Woody Allen pose sur le tapis rouge du film \u00ab Coup de Chance \u00bb, pr\u00e9sent\u00e9 hors comp\u00e9tition lors du 80e Festival du film de Venise, le 4\u00a0septembre 2023\u00a0au Lido de Venise.<\/p>\n<p class=\"asset asset-text\">CINEMA &#8211; Une apparition qui ne passe pas. <a href=\"https:\/\/www.huffingtonpost.fr\/international\/article\/guerre-en-ukraine-une-semaine-apres-le-sommet-de-washington-la-paix-se-rapproche-t-elle_253951.html\" target=\"_blank\" rel=\"noopener\">L\u2019Ukraine<\/a> a d\u00e9nonc\u00e9 ce lundi 25\u00a0ao\u00fbt la participation par visioconf\u00e9rence du c\u00e9l\u00e8bre r\u00e9alisateur am\u00e9ricain Woody Allen \u00e0 un festival de cin\u00e9ma de Moscou, estimant qu\u2019il s\u2019agissait d\u2019une \u00ab\u00a0insulte\u00a0\u00bb aux victimes de <a href=\"https:\/\/www.huffingtonpost.fr\/international\/article\/guerre-en-ukraine-dans-le-donbass-les-fortifications-ukrainiennes-auxquelles-se-heurte-la-russie_253917.html\" target=\"_blank\" rel=\"noopener\">l\u2019invasion russe<\/a>.<\/p>\n<p class=\"asset asset-text\">Le cin\u00e9aste, \u00e2g\u00e9 de 89 ans et r\u00e9pudi\u00e9 par une grande partie de son industrie en raison <a href=\"https:\/\/www.huffingtonpost.fr\/culture\/article\/woody-allen-s-en-prend-au-documentaire-accablant-sur-les-accusations-d-inceste_177239.html\" target=\"_blank\" rel=\"noopener\">d\u2019accusations d\u2019agression sexuelle<\/a> contre sa fille adoptive, s\u2019est exprim\u00e9 ce dimanche lors d\u2019un \u00e9v\u00e9nement en ligne de la Semaine du film international de Moscou.<\/p>\n<p class=\"asset asset-text\">Le minist\u00e8re ukrainien des Affaires \u00e9trang\u00e8res a estim\u00e9 que sa participation constituait \u00ab\u00a0une honte et une insulte au sacrifice des acteurs et cin\u00e9astes ukrainiens qui ont \u00e9t\u00e9 tu\u00e9s ou bless\u00e9s par des criminels de guerre russes\u00a0\u00bb.<\/p>\n<p class=\"asset asset-text\">Woody Allen \u00ab\u00a0choisit de fermer les yeux sur les atrocit\u00e9s que la Russie commet en Ukraine\u00a0\u00bb, a d\u00e9nonc\u00e9 le minist\u00e8re, estimant que la culture ne devait jamais \u00ab\u00a0\u00eatre utilis\u00e9e pour blanchir des crimes\u00a0\u00bb.<\/p>\n<p>                     \u00ab\u00a0La Russie est devenue merveilleuse\u00a0\u00bb    <\/p>\n<p class=\"asset asset-text\">L\u2019Ukraine, que la Russie a attaqu\u00e9 en f\u00e9vrier 2022, r\u00e9clame l\u2019isolement total du pays sur la sc\u00e8ne internationale, y compris dans les domaines de la culture et du sport. Kiev d\u00e9nonce donc syst\u00e9matiquement les participations de personnalit\u00e9s occidentales \u00e0 des \u00e9v\u00e9nements en Russie, qui restent cependant rares depuis le d\u00e9but de la guerre.<\/p>\n<p class=\"asset asset-text\">La conf\u00e9rence \u00e0 laquelle a particip\u00e9 Woody Allen \u00e9tait mod\u00e9r\u00e9e par le r\u00e9alisateur russe Fiodor Bondartchouk, soutien du pr\u00e9sident Vladimir Poutine.<\/p>\n<p class=\"asset asset-text\">Lors de cette session, Woody Allen a affirm\u00e9 qu\u2019il envisagerait de tourner en Russie si cela lui \u00e9tait propos\u00e9, selon l\u2019agence de presse d\u2019Etat Ria Novosti. \u00ab\u00a0Si de telles propositions existaient, je m\u2019assi\u00e9rais et r\u00e9fl\u00e9chirais \u00e0 un sc\u00e9nario sur le bien-\u00eatre que l\u2019on peut ressentir \u00e0 Moscou et \u00e0 Saint-P\u00e9tersbourg\u00a0\u00bb, a-t-il dit.<\/p>\n<p class=\"asset asset-text\">Selon Ria Novosti, Woody Allen a \u00e9voqu\u00e9 un voyage \u00ab\u00a0pas tr\u00e8s agr\u00e9able\u00a0\u00bb au temps de l\u2019Union sovi\u00e9tique, en ajoutant que depuis \u00ab\u00a0tout avait chang\u00e9, la Russie est devenue merveilleuse\u00a0\u00bb.<\/p>\n<p class=\"asset asset-text\">Woody Allen, ma\u00eetre de la com\u00e9die et de la satire sociale, ne tourne quasiment plus aux Etats-Unis. Il a vu la quasi-totalit\u00e9 de la profession lui tourner le dos aux Etats-Unis depuis que sa fille adoptive, Dylan Farrow, l\u2019accuse de l\u2019avoir agress\u00e9e sexuellement lorsqu\u2019elle \u00e9tait enfant.<\/p>\n","protected":false},"excerpt":{"rendered":"TIZIANA FABI \/ AFP Le r\u00e9alisateur am\u00e9ricain Woody Allen pose sur le tapis rouge du film \u00ab Coup&hellip;\n","protected":false},"author":2,"featured_media":343622,"comment_status":"","ping_status":"","sticky":false,"template":"","format":"standard","meta":{"footnotes":""},"categories":[1590],"tags":[11,650,251,1777,674,131,14,12,132,220,47949],"class_list":{"0":"post-343621","1":"post","2":"type-post","3":"status-publish","4":"format-standard","5":"has-post-thumbnail","7":"category-ukraine","8":"tag-actualites","9":"tag-cinema","10":"tag-culture","11":"tag-eu","12":"tag-europe","13":"tag-guerre-en-ukraine","14":"tag-international","15":"tag-news","16":"tag-russie","17":"tag-ukraine","18":"tag-woody-allen"},"share_on_mastodon":{"url":"https:\/\/pubeurope.com\/@fr\/115091283962924146","error":""},"_links":{"self":[{"href":"https:\/\/www.europesays.com\/fr\/wp-json\/wp\/v2\/posts\/343621","targetHints":{"allow":["GET"]}}],"collection":[{"href":"https:\/\/www.europesays.com\/fr\/wp-json\/wp\/v2\/posts"}],"about":[{"href":"https:\/\/www.europesays.com\/fr\/wp-json\/wp\/v2\/types\/post"}],"author":[{"embeddable":true,"href":"https:\/\/www.europesays.com\/fr\/wp-json\/wp\/v2\/users\/2"}],"replies":[{"embeddable":true,"href":"https:\/\/www.europesays.com\/fr\/wp-json\/wp\/v2\/comments?post=343621"}],"version-history":[{"count":0,"href":"https:\/\/www.europesays.com\/fr\/wp-json\/wp\/v2\/posts\/343621\/revisions"}],"wp:featuredmedia":[{"embeddable":true,"href":"https:\/\/www.europesays.com\/fr\/wp-json\/wp\/v2\/media\/343622"}],"wp:attachment":[{"href":"https:\/\/www.europesays.com\/fr\/wp-json\/wp\/v2\/media?parent=343621"}],"wp:term":[{"taxonomy":"category","embeddable":true,"href":"https:\/\/www.europesays.com\/fr\/wp-json\/wp\/v2\/categories?post=343621"},{"taxonomy":"post_tag","embeddable":true,"href":"https:\/\/www.europesays.com\/fr\/wp-json\/wp\/v2\/tags?post=343621"}],"curies":[{"name":"wp","href":"https:\/\/api.w.org\/{rel}","templated":true}]}}