{"id":343623,"date":"2025-08-25T20:26:13","date_gmt":"2025-08-25T20:26:13","guid":{"rendered":"https:\/\/www.europesays.com\/fr\/343623\/"},"modified":"2025-08-25T20:26:13","modified_gmt":"2025-08-25T20:26:13","slug":"position-des-usa-sur-les-transitions-en-cours-au-sahel","status":"publish","type":"post","link":"https:\/\/www.europesays.com\/fr\/343623\/","title":{"rendered":"position des USA sur les Transitions en cours au Sahel"},"content":{"rendered":"<p><strong>\u00ab\u00a0Du commerce, pas de l\u2019aide\u00a0\u00bb: au Sahel, Washington d\u00e9ploie sa diplomatie au Mali, au Burkina Faso et au Niger, avec un int\u00e9r\u00eat marqu\u00e9 pour les ressources mini\u00e8res en contrepartie de son appui aux r\u00e9gimes militaires dans la lutte antijihadiste.<\/strong><\/p>\n<p><a href=\"#8211-%c2%a0convergence-de-vues%c2%a0-8211\" class=\"table-link no-link anchor-link h5\" data-index=\"rb-heading-index-0\">\u2013 \u00ab\u00a0Convergence de vues\u00a0\u00bb \u2013<\/a><a href=\"#8211-%c2%a0mercenaires-americains%c2%a0-8211\" class=\"table-link no-link anchor-link h5\" data-index=\"rb-heading-index-1\">\u2013 \u00ab\u00a0Mercenaires am\u00e9ricains\u00a0\u00bb \u2013<\/a><\/p>\n<p>Les <a href=\"https:\/\/afriquinfos.com\/une-nouvelle-donne-dans-lapproche-commerciale-des-usa-de-lafrique\/\" rel=\"nofollow noopener\" target=\"_blank\">Etats-Unis<\/a> avaient suspendu une grande partie de leur aide au d\u00e9veloppement et de leur coop\u00e9ration militaire apr\u00e8s les coups d\u2019\u00c9tat successifs qui ont port\u00e9 des militaires \u00e0 la t\u00eate des trois pays entre 2020 et 2023. Mais depuis l\u2019arriv\u00e9e de <a href=\"https:\/\/afriquinfos.com\/ces-mines-faisant-desormais-la-difference-dans-la-cooperation-usa-afrique-sous-trump\/\" rel=\"nofollow noopener\" target=\"_blank\">l\u2019Administration Trump<\/a>, Washington affiche d\u00e9sormais une nouvelle approche: \u00ab\u00a0faire de la diplomatie commerciale un axe central\u00a0\u00bb de son engagement en <a href=\"https:\/\/afriquinfos.com\/these-complotiste-occidentale-et-diversifiee-de-nouveau-brandie-contre-la-transition-malienne\/\" rel=\"nofollow noopener\" target=\"_blank\">Afrique<\/a>.<\/p>\n<p><img loading=\"lazy\" decoding=\"async\" width=\"1024\" height=\"682\" src=\"https:\/\/www.europesays.com\/fr\/wp-content\/uploads\/2025\/08\/USA-Sahel-1.jpg\" alt=\"Troy Fitrell\" class=\"wp-image-867861\"  \/><strong>Troy Fitrell, haut responsable du D\u00e9partement d\u2019\u00c9tat pour les affaires africaines, le 9 mai 2024 \u00e0 Washington.<\/strong><\/p>\n<p>\u00ab\u00a0Du commerce, pas de l\u2019aide\u00a0\u00bb, est \u00ab\u00a0d\u00e9sormais v\u00e9ritablement notre politique pour l\u2019Afrique\u00a0\u00bb, avait d\u00e9voil\u00e9 en mai 2025 \u00e0 Abidjan Troy Fitrell, haut responsable du D\u00e9partement d\u2019\u00c9tat pour les affaires africaines. Ces derni\u00e8res semaines, plusieurs hauts responsables am\u00e9ricains se sont succ\u00e9d\u00e9s \u00e0 Bamako, Ouagadougou et \u00e0 Niamey.<\/p>\n<p><img loading=\"lazy\" decoding=\"async\" width=\"1024\" height=\"682\" src=\"https:\/\/www.europesays.com\/fr\/wp-content\/uploads\/2025\/08\/USA-Sahel-2.jpg\" alt=\"Des soldats am\u00e9ricains \u00e0 Niamey\" class=\"wp-image-867860\"  \/><strong>Des soldats am\u00e9ricains devant des v\u00e9hicules militaires pr\u00eats \u00e0 embarquer \u00e0 bord d\u2019un avion cargo \u00e0 Niamey, le 7 juin 2024, lors de la c\u00e9r\u00e9monie du premier d\u00e9part des troupes am\u00e9ricaines du Niger.<\/strong><\/p>\n<p>D\u00e9but juillet 2025, Rudolph Atallah, directeur adjoint principal charg\u00e9 de la lutte contre le terrorisme \u00e0 la Maison-Blanche, s\u2019est rendu au Mali pour \u00ab\u00a0offrir la solution am\u00e9ricaine\u00a0\u00bb face au \u00ab\u00a0terrorisme\u00ab\u00a0. Les trois pays font face depuis plus d\u2019une d\u00e9cennie aux attaques de groupes li\u00e9s \u00e0 Al-Qaida et l\u2019Etat islamique, sans parvenir \u00e0 les enrayer.<\/p>\n<p>\u00ab\u00a0Nous avons des \u00e9quipements ad\u00e9quats, des connaissances et des forces pour faire face \u00e0 cette menace. Si le Mali d\u00e9cide de travailler avec nous, on saura comment faire\u00ab\u00a0, avait vant\u00e9 M. Atallah, rapport\u00e9 par le quotidien d\u2019Etat. Quelques jours plus tard, William B. Stevens, Sous-Secr\u00e9taire d\u2019\u00c9tat adjoint pour l\u2019Afrique de l\u2019Ouest, avait aussi \u00e9voqu\u00e9 \u00e0 Bamako \u00ab\u00a0la lutte antiterroriste\u00a0\u00bb et la possibilit\u00e9 \u00ab\u00a0d\u2019investissements priv\u00e9s am\u00e9ricains\u00ab\u00a0, apr\u00e8s des tourn\u00e9es \u00e0 Ouagadougou et \u00e0 Niamey.<\/p>\n<p>\u00ab\u00a0Washington a propos\u00e9 de tuer les chefs des groupes jihadistes, en \u00e9change de l\u2019acc\u00e8s des entreprises am\u00e9ricaines au lithium et \u00e0 l\u2019or\u00ab\u00a0, affirme Ulf Laessing, directeur du \u2018Programme Sahel\u2019 \u00e0 la Fondation Konrad Adenauer au Mali. Donald Trump a mis la question des minerais au centre des n\u00e9gociations avec de nombreux Etats \u00e9trangers, comme avec l\u2019Ukraine ou dans le cadre de l\u2019accord de paix entre le Rwanda et la RDC.<\/p>\n<p><strong>\u2013 \u00ab\u00a0Convergence de vues\u00a0\u00bb \u2013<\/strong><\/p>\n<p>Un changement de cap salu\u00e9 par les r\u00e9gimes militaires sah\u00e9liens, r\u00e9unis au sein de la conf\u00e9d\u00e9ration de l\u2019Alliance des Etats du Sahel (AES) malgr\u00e9 leur politique souverainiste revendiqu\u00e9e, notamment sur les minerais. \u00ab\u00a0Il faut regarder l\u2019investissement, les potentialit\u00e9s de nos pays\u00ab\u00a0, avait soutenu en juillet 2025 le ministre malien des Affaires \u00e9trang\u00e8res Abdoulaye Diop, se r\u00e9jouissant de \u00ab\u00a0la convergence de vues aujourd\u2019hui entre l\u2019Administration am\u00e9ricaine et le Gouvernement du Mali\u00ab\u00a0.<\/p>\n<p>En Afrique, le Mali est parmi les plus importants producteurs d\u2019or et de lithium, m\u00e9tal star des batteries de voitures \u00e9lectriques, le Niger d\u2019uranium et le Burkina Faso d\u2019or. \u00ab\u00a0Certains responsables du D\u00e9partement d\u2019Etat, pr\u00e9occup\u00e9s par la fin de l\u2019USAID et la fermeture des Ambassades, ont soulign\u00e9 \u00e0 l\u2019Administration Trump la richesse des ressources du Mali afin de l\u2019encourager \u00e0 rester engag\u00e9e et \u00e0 maintenir ouverte l\u2019ambassade am\u00e9ricaine \u00e0 Bamako \u00e0 un moment o\u00f9 la Russie et la Chine \u00e9tendent leur influence dans la r\u00e9gion\u00ab\u00a0, d\u00e9cortique Ulf Laessing.<\/p>\n<p>\u00ab\u00a0La menace terroriste reste le principal enjeu (\u2026) La stabilisation de la r\u00e9gion est essentielle avant tout investissement \u00e0 long terme\u00ab\u00a0, compl\u00e8te Liam Karr, analyste pour l\u2019American Enterprise Institute.<\/p>\n<p><strong>\u2013 \u00ab\u00a0Mercenaires am\u00e9ricains\u00a0\u00bb \u2013<\/strong><\/p>\n<p>Fin juillet 2025, une d\u00e9l\u00e9gation militaire burkinab\u00e8 a s\u00e9journ\u00e9 \u00e0 Washington et des membres du Congr\u00e8s am\u00e9ricain sp\u00e9cialis\u00e9s dans \u00ab\u00a0les questions de financement et\u00a0de\u00a0s\u00e9curit\u00e9\u00a0\u00bb sont attendus \u00e0 Ouagadougou, apr\u00e8s un s\u00e9jour au Mali d\u00e9but ao\u00fbt 2025. Apr\u00e8s avoir tourn\u00e9 le dos \u00e0 la France, l\u2019ex-puissance coloniale, les Transitions sah\u00e9liennes se sont rapproch\u00e9es de la Russie et de sa Soci\u00e9t\u00e9 de s\u00e9curit\u00e9 priv\u00e9e Wagner, devenue Africa Corps, qui les aide dans la lutte anti-jihadiste.<\/p>\n<p>Moscou a r\u00e9cemment annonc\u00e9 son intention d\u2019exploiter l\u2019uranium nig\u00e9rien, peu apr\u00e8s la nationalisation par le pouvoir Tiani d\u2019une filiale du g\u00e9ant fran\u00e7ais de l\u2019uranium Orano. Rien de r\u00e9dhibitoire pour Washington.<\/p>\n<p>\u00ab\u00a0Trump ne voit aucun probl\u00e8me \u00e0 soutenir les efforts de la Russie dans la r\u00e9gion. Les Russes sont moins regardants sur les valeurs d\u00e9mocratiques et la promotion des droits humains, cela va de pair avec l\u2019approche de l\u2019Administration Trump en mati\u00e8re de relations entre \u00c9tats\u00ab\u00a0, souligne Bisa Williams, ancienne ambassadrice des Etats-Unis au Niger.<\/p>\n<p>En \u00e9change de minerais, \u00ab\u00a0Washington pourrait +accepter+ de lutter contre le terrorisme au Mali\u00a0\u00bb en facilitant notamment le d\u00e9ploiement de \u00ab\u00a0mercenaires am\u00e9ricains\u00ab\u00a0, comme les Russes, pour ne \u00ab\u00a0pas \u00e0 d\u00e9fendre cette politique devant le Congr\u00e8s\u00ab\u00a0, poursuit-elle. Lors de sa visite au Mali, Rudolph Atallah avait dit n\u2019avoir aucun probl\u00e8me avec la pr\u00e9sence russe, ajoutant que le pays \u00ab\u00a0est libre de choisir ses partenaires\u00ab\u00a0.<\/p>\n<p><strong>\u00a9 Afriquinfos &amp; Agence France-Presse<\/strong><\/p>\n<p>\u00a0<\/p>\n","protected":false},"excerpt":{"rendered":"\u00ab\u00a0Du commerce, pas de l\u2019aide\u00a0\u00bb: au Sahel, Washington d\u00e9ploie sa diplomatie au Mali, au Burkina Faso et au&hellip;\n","protected":false},"author":2,"featured_media":343624,"comment_status":"","ping_status":"","sticky":false,"template":"","format":"standard","meta":{"footnotes":""},"categories":[1589],"tags":[11,73,1866,12,1864,1865,1863,308],"class_list":{"0":"post-343623","1":"post","2":"type-post","3":"status-publish","4":"format-standard","5":"has-post-thumbnail","7":"category-etats-unis","8":"tag-actualites","9":"tag-etats-unis","10":"tag-etats-unis-damerique","11":"tag-news","12":"tag-united-states","13":"tag-united-states-of-america","14":"tag-us","15":"tag-usa"},"share_on_mastodon":{"url":"https:\/\/pubeurope.com\/@fr\/115091287903916140","error":""},"_links":{"self":[{"href":"https:\/\/www.europesays.com\/fr\/wp-json\/wp\/v2\/posts\/343623","targetHints":{"allow":["GET"]}}],"collection":[{"href":"https:\/\/www.europesays.com\/fr\/wp-json\/wp\/v2\/posts"}],"about":[{"href":"https:\/\/www.europesays.com\/fr\/wp-json\/wp\/v2\/types\/post"}],"author":[{"embeddable":true,"href":"https:\/\/www.europesays.com\/fr\/wp-json\/wp\/v2\/users\/2"}],"replies":[{"embeddable":true,"href":"https:\/\/www.europesays.com\/fr\/wp-json\/wp\/v2\/comments?post=343623"}],"version-history":[{"count":0,"href":"https:\/\/www.europesays.com\/fr\/wp-json\/wp\/v2\/posts\/343623\/revisions"}],"wp:featuredmedia":[{"embeddable":true,"href":"https:\/\/www.europesays.com\/fr\/wp-json\/wp\/v2\/media\/343624"}],"wp:attachment":[{"href":"https:\/\/www.europesays.com\/fr\/wp-json\/wp\/v2\/media?parent=343623"}],"wp:term":[{"taxonomy":"category","embeddable":true,"href":"https:\/\/www.europesays.com\/fr\/wp-json\/wp\/v2\/categories?post=343623"},{"taxonomy":"post_tag","embeddable":true,"href":"https:\/\/www.europesays.com\/fr\/wp-json\/wp\/v2\/tags?post=343623"}],"curies":[{"name":"wp","href":"https:\/\/api.w.org\/{rel}","templated":true}]}}