{"id":343625,"date":"2025-08-25T20:27:09","date_gmt":"2025-08-25T20:27:09","guid":{"rendered":"https:\/\/www.europesays.com\/fr\/343625\/"},"modified":"2025-08-25T20:27:09","modified_gmt":"2025-08-25T20:27:09","slug":"trois-morts-dans-le-crash-dun-helicoptere-sur-lile-de-wight-2","status":"publish","type":"post","link":"https:\/\/www.europesays.com\/fr\/343625\/","title":{"rendered":"trois morts dans le crash d\u2019un h\u00e9licopt\u00e8re sur l\u2019\u00eele de Wight"},"content":{"rendered":"<p class=\"intro\">Un h\u00e9licopt\u00e8re de tourisme s\u2019est \u00e9cras\u00e9 lundi matin pr\u00e8s de Shanklin, sur l\u2019\u00eele britannique de Wight. Trois personnes ont \u00e9t\u00e9 tu\u00e9es et une quatri\u00e8me gri\u00e8vement bless\u00e9e. Les causes de l\u2019accident font l\u2019objet d\u2019une enqu\u00eate.<\/p>\n<p>Un <a href=\"https:\/\/www.parismatch.com\/actu\/faits-divers\/crash-dhelicoptere-a-new-york-la-tragedie-de-la-famille-escobar-disparue-dans-lhudson-river-249978\" rel=\"nofollow noopener\" target=\"_blank\">h\u00e9licopt\u00e8re s\u2019est \u00e9cras\u00e9<\/a> ce lundi matin sur l\u2019\u00eele de Wight, au sud de l\u2019Angleterre. Trois personnes sont mortes. Une quatri\u00e8me est bless\u00e9e grave. L\u2019accident a eu lieu vers 9 h 30 et s\u2019est produit dans un champ, pr\u00e8s de Shanklin, \u00e0 l\u2019est de l\u2019\u00eele, rapporte <a href=\"https:\/\/www.telegraph.co.uk\/news\/2025\/08\/25\/helicopter-crashes-on-isle-of-wight\/\" target=\"_blank\" rel=\"nofollow noopener\">The Telegraph<\/a>. <\/p>\n<p>Quatre personnes se trouvaient \u00e0 bord. Trois passagers ont \u00e9t\u00e9 retrouv\u00e9s morts sur place et le quatri\u00e8me a \u00e9t\u00e9 h\u00e9liport\u00e9 en urgences \u00e0 l\u2019h\u00f4pital de Southampton.<\/p>\n<p>    La suite apr\u00e8s cette publicit\u00e9<\/p>\n<p>Une soci\u00e9t\u00e9 de tourisme<\/p>\n<p>L\u2019appareil, un Robinson R44 II avait d\u00e9coll\u00e9 quelques minutes plus t\u00f4t avant le crash. Des t\u00e9moins ont vu l\u2019engin perdre de l\u2019altitude. Une automobiliste a parl\u00e9 d\u2019un vol \u00ab en spirale \u00bb avant l\u2019impact.\u00a0Le vol \u00e9tait organis\u00e9 par Northumbria Helicopters pour Adventure 001, soci\u00e9t\u00e9 sp\u00e9cialis\u00e9e dans les bapt\u00eames de l\u2019air.<\/p>\n<p>    La suite apr\u00e8s cette publicit\u00e9<\/p>\n<p>La police du Hampshire a confirm\u00e9 le bilan et l\u2019identification des victimes est en cours. Le d\u00e9put\u00e9 local Joe Robertson a parl\u00e9 d\u2019une \u00ab trag\u00e9die pour la communaut\u00e9 \u00bb. La mairie de Shanklin a salu\u00e9 le fait que l\u2019appareil se soit \u00e9cras\u00e9 dans un champ, loin des habitations. L\u2019AAIB, l\u2019organisme britannique charg\u00e9 des enqu\u00eates a\u00e9riennes, a ouvert une investigation.<\/p>\n","protected":false},"excerpt":{"rendered":"Un h\u00e9licopt\u00e8re de tourisme s\u2019est \u00e9cras\u00e9 lundi matin pr\u00e8s de Shanklin, sur l\u2019\u00eele britannique de Wight. Trois personnes&hellip;\n","protected":false},"author":2,"featured_media":343626,"comment_status":"","ping_status":"","sticky":false,"template":"","format":"standard","meta":{"footnotes":""},"categories":[1588],"tags":[11,1777,674,12,473,1853,1851,1850,1852],"class_list":{"0":"post-343625","1":"post","2":"type-post","3":"status-publish","4":"format-standard","5":"has-post-thumbnail","7":"category-royaume-uni","8":"tag-actualites","9":"tag-eu","10":"tag-europe","11":"tag-news","12":"tag-royaume-uni","13":"tag-royaume-uni-de-grande-bretagne-et-dirlande-du-nord","14":"tag-uk","15":"tag-united-kingdom","16":"tag-united-kingdom-of-great-britain-and-northern-ireland"},"share_on_mastodon":{"url":"https:\/\/pubeurope.com\/@fr\/115091291692123393","error":""},"_links":{"self":[{"href":"https:\/\/www.europesays.com\/fr\/wp-json\/wp\/v2\/posts\/343625","targetHints":{"allow":["GET"]}}],"collection":[{"href":"https:\/\/www.europesays.com\/fr\/wp-json\/wp\/v2\/posts"}],"about":[{"href":"https:\/\/www.europesays.com\/fr\/wp-json\/wp\/v2\/types\/post"}],"author":[{"embeddable":true,"href":"https:\/\/www.europesays.com\/fr\/wp-json\/wp\/v2\/users\/2"}],"replies":[{"embeddable":true,"href":"https:\/\/www.europesays.com\/fr\/wp-json\/wp\/v2\/comments?post=343625"}],"version-history":[{"count":0,"href":"https:\/\/www.europesays.com\/fr\/wp-json\/wp\/v2\/posts\/343625\/revisions"}],"wp:featuredmedia":[{"embeddable":true,"href":"https:\/\/www.europesays.com\/fr\/wp-json\/wp\/v2\/media\/343626"}],"wp:attachment":[{"href":"https:\/\/www.europesays.com\/fr\/wp-json\/wp\/v2\/media?parent=343625"}],"wp:term":[{"taxonomy":"category","embeddable":true,"href":"https:\/\/www.europesays.com\/fr\/wp-json\/wp\/v2\/categories?post=343625"},{"taxonomy":"post_tag","embeddable":true,"href":"https:\/\/www.europesays.com\/fr\/wp-json\/wp\/v2\/tags?post=343625"}],"curies":[{"name":"wp","href":"https:\/\/api.w.org\/{rel}","templated":true}]}}