{"id":343629,"date":"2025-08-25T20:29:19","date_gmt":"2025-08-25T20:29:19","guid":{"rendered":"https:\/\/www.europesays.com\/fr\/343629\/"},"modified":"2025-08-25T20:29:19","modified_gmt":"2025-08-25T20:29:19","slug":"naissance-exceptionnelle-dun-tatou-albinos-au-zoo-de-beauval","status":"publish","type":"post","link":"https:\/\/www.europesays.com\/fr\/343629\/","title":{"rendered":"naissance \u00ab\u00a0exceptionnelle\u00a0\u00bb d&rsquo;un tatou albinos au zoo de Beauval"},"content":{"rendered":"<p>            Par<br \/>\n        <strong><br \/>\n            <a href=\"https:\/\/actu.fr\/auteur\/redaction-actu\" title=\"Consulter tous les articles de R\u00e9daction Actu\" target=\"_blank\" rel=\"noopener\">R\u00e9daction Actu<\/a><br \/>\n        <\/strong><\/p>\n<p>        Publi\u00e9 le<\/p>\n<p>            25 ao\u00fbt 2025 \u00e0 21h04        <\/p>\n<p>Une petite femelle tatou albinos est n\u00e9e en mai au <a href=\"https:\/\/actu.fr\/societe\/girafe-panda-roux-zebre-decouvrez-les-bebes-animaux-trop-mignons-nes-au-zoo-de-beauval_60189510.html\" target=\"_blank\" rel=\"noopener\">ZooParc de Beauval<\/a>, dans le centre de la France, \u00ab\u2009une naissance tr\u00e8s rare\u2009\u00bb et une premi\u00e8re au moins en Europe, a-t-on appris lundi 25\u00a0ao\u00fbt 2025 aupr\u00e8s du directeur g\u00e9n\u00e9ral du parc.<\/p>\n<p>Une naissance \u00ab\u2009atypique\u2009\u00bb<\/p>\n<p class=\" wall-content\">\u00ab\u2009C\u2019est une naissance plus qu\u2019exceptionnelle, atypique, on a \u00e9t\u00e9 tr\u00e8s surpris\u2009\u00bb, s\u2019est r\u00e9joui aupr\u00e8s de l\u2019AFP Rodolphe Delord.<\/p>\n<p class=\" wall-content\">D\u2019ordinaire, \u00ab\u2009les tatous sont jaunes, mais celui-ci est blanc. Il va bien et reste encore aupr\u00e8s de sa maman\u2009\u00bb, a-t-il ajout\u00e9.<\/p>\n<p>    <img   decoding=\"async\" loading=\"lazy\" src=\"https:\/\/www.europesays.com\/fr\/wp-content\/uploads\/2025\/08\/d0c024cb-0efd-3c2d-b4f5-ff71fba1d1fe-960x640.jpeg\" alt=\"XX\" width=\"960\" height=\"640\"\/><br \/>\n    L\u2019animal p\u00e8se moins d\u2019un kilo. (\u00a9GUILLAUME SOUVANT\/ AFP)<\/p>\n<p class=\" wall-content\">La petite femelle, n\u00e9e du couple Bola et Bolek, pr\u00e9sente une carapace tr\u00e8s claire et surtout des yeux rouges, signe caract\u00e9ristique de l\u2019albinisme.<\/p>\n<p>    <img   decoding=\"async\" loading=\"lazy\" src=\"https:\/\/www.europesays.com\/fr\/wp-content\/uploads\/2025\/08\/211769b5-3364-36fa-8d04-900b2042c693-960x640.jpeg\" alt=\"Les d\u00e9tails de la carapace d'un tatou albinos. \" width=\"960\" height=\"640\"\/><br \/>\n    Les d\u00e9tails de la carapace d\u2019un tatou albinos. (\u00a9GUILLAUME SOUVANT\/ AFP)<\/p>\n<p class=\" wall-content\">D\u00e9couverte \u00e0 la grande surprise des soigneurs, elle serait n\u00e9e le 7\u00a0mai, p\u00e8se <strong>encore moins d\u2019un kilo<\/strong> et n\u2019a pas encore de nom.<\/p>\n<p>Votre r\u00e9gion, votre actu !<\/p>\n<p>Recevez chaque jour les infos qui comptent pour vous.<\/p>\n<p>\t<a href=\"https:\/\/actu.fr\/newsletter\" class=\"ac-btn ac-btn--corner ac-btn--medium ac-btn--blue800\" target=\"_blank\" rel=\"noopener\">S&rsquo;incrire<\/a><\/p>\n<p>    <img   decoding=\"async\" loading=\"lazy\" src=\"https:\/\/www.europesays.com\/fr\/wp-content\/uploads\/2025\/08\/4dca1093-c423-34d7-b833-b6cdf9c4fd50-960x640.jpeg\" alt=\"XX\" width=\"960\" height=\"640\"\/><br \/>\n    C\u2019est une naissance tr\u00e8s rare. (\u00a9GUILLAUME SOUVANT\/ AFP)<\/p>\n<p class=\" wall-content\"><strong>Une\u00a0naissance tr\u00e8s rare<\/strong> selon le coordinateur du programme europ\u00e9en (EEP), qui avait dans un premier temps indiqu\u00e9 n\u2019avoir jamais observ\u00e9 un cas d\u2019albinisme chez cette esp\u00e8ce.<br \/>\u00ab\u2009Mais il semblerait qu\u2019il y ait eu un ou deux cas similaires aux \u00c9tats-Unis\u2009\u00bb, a pr\u00e9cis\u00e9 Rodolphe Delord.<\/p>\n<p>                \u00c0 lire aussi sur<br \/>\n                    <img decoding=\"async\" src=\"https:\/\/static.actu.fr\/marque\/logo\/planete.svg\" alt=\"actu plan\u00e8te\" height=\"40\" width=\"90\" loading=\"lazy\"\/><\/p>\n<p>            Une esp\u00e8ce tr\u00e8s menac\u00e9e<\/p>\n<p class=\" wall-content\">Un autre cas similaire a \u00e9galement \u00e9t\u00e9 document\u00e9\u00a0chez une autre esp\u00e8ce de tatou, sur l\u2019\u00eele de Cozumel au Mexique en 2009, selon Beauval.<\/p>\n<p class=\" wall-content\">Les tatous \u00e0 trois bandes sont originaires d\u2019Am\u00e9rique du Sud et sont <strong>des esp\u00e8ces tr\u00e8s menac\u00e9es<\/strong>, notamment en raison du braconnage et de la destruction de leur habitat.<\/p>\n<p class=\" wall-content\">Ils sont class\u00e9s comme animal vuln\u00e9rable (VU) par l\u2019Union internationale pour la conservation de la nature (IUCN).<\/p>\n<p class=\" wall-content\"><strong>Avec AFP<\/strong><\/p>\n<p class=\" wall-content\">Personnalisez votre actualit\u00e9 en ajoutant vos villes et m\u00e9dias en favori avec <a href=\"https:\/\/moncompte.actu.fr\" title=\"D\u00e9couvez Mon Actu\" rel=\"nofollow noopener\" data-trk=\"{&quot;cta&quot;:{&quot;action&quot;:&quot;https:\\\/\\\/moncompte.actu.fr&quot;,&quot;category&quot;:&quot;mon compte&quot;,&quot;from&quot;:&quot;article footer&quot;,&quot;name&quot;:&quot;Mon actu&quot;,&quot;type&quot;:&quot;cta&quot;}}\" target=\"_blank\">Mon Actu<\/a>.<\/p>\n","protected":false},"excerpt":{"rendered":"Par R\u00e9daction Actu Publi\u00e9 le 25 ao\u00fbt 2025 \u00e0 21h04 Une petite femelle tatou albinos est n\u00e9e en&hellip;\n","protected":false},"author":2,"featured_media":343630,"comment_status":"","ping_status":"","sticky":false,"template":"","format":"standard","meta":{"footnotes":""},"categories":[1586],"tags":[11,1867,1777,674,1011,27,12,52,25],"class_list":{"0":"post-343629","1":"post","2":"type-post","3":"status-publish","4":"format-standard","5":"has-post-thumbnail","7":"category-europe","8":"tag-actualites","9":"tag-animaux","10":"tag-eu","11":"tag-europe","12":"tag-fr","13":"tag-france","14":"tag-news","15":"tag-planete","16":"tag-republique-francaise"},"share_on_mastodon":{"url":"https:\/\/pubeurope.com\/@fr\/115091299974589633","error":""},"_links":{"self":[{"href":"https:\/\/www.europesays.com\/fr\/wp-json\/wp\/v2\/posts\/343629","targetHints":{"allow":["GET"]}}],"collection":[{"href":"https:\/\/www.europesays.com\/fr\/wp-json\/wp\/v2\/posts"}],"about":[{"href":"https:\/\/www.europesays.com\/fr\/wp-json\/wp\/v2\/types\/post"}],"author":[{"embeddable":true,"href":"https:\/\/www.europesays.com\/fr\/wp-json\/wp\/v2\/users\/2"}],"replies":[{"embeddable":true,"href":"https:\/\/www.europesays.com\/fr\/wp-json\/wp\/v2\/comments?post=343629"}],"version-history":[{"count":0,"href":"https:\/\/www.europesays.com\/fr\/wp-json\/wp\/v2\/posts\/343629\/revisions"}],"wp:featuredmedia":[{"embeddable":true,"href":"https:\/\/www.europesays.com\/fr\/wp-json\/wp\/v2\/media\/343630"}],"wp:attachment":[{"href":"https:\/\/www.europesays.com\/fr\/wp-json\/wp\/v2\/media?parent=343629"}],"wp:term":[{"taxonomy":"category","embeddable":true,"href":"https:\/\/www.europesays.com\/fr\/wp-json\/wp\/v2\/categories?post=343629"},{"taxonomy":"post_tag","embeddable":true,"href":"https:\/\/www.europesays.com\/fr\/wp-json\/wp\/v2\/tags?post=343629"}],"curies":[{"name":"wp","href":"https:\/\/api.w.org\/{rel}","templated":true}]}}