{"id":343631,"date":"2025-08-25T20:30:13","date_gmt":"2025-08-25T20:30:13","guid":{"rendered":"https:\/\/www.europesays.com\/fr\/343631\/"},"modified":"2025-08-25T20:30:13","modified_gmt":"2025-08-25T20:30:13","slug":"exclusif-ladministration-trump-envisage-des-sanctions-contre-les-responsables-de-lue-appliquant-la-loi-numerique-selon-des-sources","status":"publish","type":"post","link":"https:\/\/www.europesays.com\/fr\/343631\/","title":{"rendered":"Exclusif\u00a0: L&rsquo;administration Trump envisage des sanctions contre les responsables de l&rsquo;UE appliquant la loi num\u00e9rique, selon des sources"},"content":{"rendered":"<p>L&rsquo;administration du pr\u00e9sident Donald Trump envisage d&rsquo;imposer des sanctions \u00e0 l&rsquo;encontre de responsables de l&rsquo;Union europ\u00e9enne ou d&rsquo;\u00c9tats membres charg\u00e9s de la mise en oeuvre du Digital Services Act (DSA), la l\u00e9gislation phare du bloc sur les services num\u00e9riques, ont indiqu\u00e9 deux sources proches du dossier. Cette d\u00e9cision ferait suite aux plaintes am\u00e9ricaines selon lesquelles la loi censurerait les Am\u00e9ricains et imposerait des co\u00fbts suppl\u00e9mentaires aux entreprises technologiques am\u00e9ricaines.<\/p>\n<p>Une telle mesure constituerait une action sans pr\u00e9c\u00e9dent, qui viendrait intensifier la lutte de l&rsquo;administration Trump contre ce qu&rsquo;elle consid\u00e8re comme une tentative europ\u00e9enne de museler les voix conservatrices.<\/p>\n<p>Les hauts responsables du d\u00e9partement d&rsquo;\u00c9tat n&rsquo;ont pas encore tranch\u00e9 sur la mise en oeuvre de ces mesures punitives, qui prendraient probablement la forme de restrictions de visa, selon les m\u00eames sources.<\/p>\n<p>On ignore encore quels responsables de l&rsquo;UE ou d&rsquo;\u00c9tats membres seraient vis\u00e9s, mais des r\u00e9unions internes sur ce sujet ont eu lieu la semaine derni\u00e8re \u00e0 Washington, ont pr\u00e9cis\u00e9 les sources.<\/p>\n<p>Si les partenaires commerciaux se plaignent r\u00e9guli\u00e8rement de r\u00e8gles nationales jug\u00e9es trop restrictives, sanctionner des responsables gouvernementaux pour une telle r\u00e9gulation reste extr\u00eamement rare. Les relations entre l&rsquo;administration Trump et l&rsquo;Union europ\u00e9enne sont d\u00e9j\u00e0 tendues, en raison de menaces tarifaires, de n\u00e9gociations difficiles et des critiques am\u00e9ricaines sur le traitement r\u00e9serv\u00e9 aux entreprises technologiques am\u00e9ricaines.<\/p>\n<p>Reuters a rapport\u00e9 ce mois-ci, en citant un c\u00e2ble interne du d\u00e9partement d&rsquo;\u00c9tat, que l&rsquo;administration Trump avait ordonn\u00e9 \u00e0 ses diplomates en Europe de lancer une campagne de lobbying afin de susciter l&rsquo;opposition au Digital Services Act, dans l&rsquo;espoir de le faire amender ou abroger.<\/p>\n<p>Le DSA de l&rsquo;UE vise \u00e0 rendre l&rsquo;environnement en ligne plus s\u00fbr, notamment en obligeant les g\u00e9ants de la tech \u00e0 mieux lutter contre les contenus ill\u00e9gaux, tels que les discours de haine ou les contenus p\u00e9dopornographiques.<\/p>\n<p>Washington estime que l&rsquo;UE impose des restrictions \u00ab\u00a0indues\u00a0\u00bb \u00e0 la libert\u00e9 d&rsquo;expression sous couvert de lutte contre les discours haineux, la d\u00e9sinformation et la m\u00e9sinformation, et que le DSA accentue ces limitations.<\/p>\n<p>D\u00e9but ao\u00fbt, le secr\u00e9taire d&rsquo;\u00c9tat Marco Rubio a ordonn\u00e9 aux diplomates am\u00e9ricains d&rsquo;engager r\u00e9guli\u00e8rement le dialogue avec les gouvernements europ\u00e9ens et les autorit\u00e9s des services num\u00e9riques pour leur faire part des inqui\u00e9tudes am\u00e9ricaines concernant le DSA et ses cons\u00e9quences financi\u00e8res pour les entreprises des \u00c9tats-Unis.<\/p>\n<p>En mai, Rubio avait d\u00e9j\u00e0 menac\u00e9 d&rsquo;interdire l&rsquo;entr\u00e9e sur le territoire am\u00e9ricain aux personnes qui \u00ab\u00a0censurent\u00a0\u00bb la parole des citoyens am\u00e9ricains, y compris sur les r\u00e9seaux sociaux, sugg\u00e9rant que cette politique pourrait viser des responsables \u00e9trangers r\u00e9gulant les entreprises technologiques am\u00e9ricaines.<\/p>\n<p>Un porte-parole du d\u00e9partement d&rsquo;\u00c9tat n&rsquo;a ni confirm\u00e9 ni d\u00e9menti les informations de Reuters concernant d&rsquo;\u00e9ventuelles mesures punitives.<\/p>\n<p>\u00ab\u00a0Nous observons avec une grande inqui\u00e9tude la mont\u00e9e de la censure en Europe, mais nous n&rsquo;avons pas d&rsquo;autres informations \u00e0 fournir pour l&rsquo;instant\u00a0\u00bb, a-t-il d\u00e9clar\u00e9 par courriel.<\/p>\n<p>Un porte-parole de la Commission europ\u00e9enne a refus\u00e9 de commenter la possibilit\u00e9 de sanctions, mais avait auparavant qualifi\u00e9 d&rsquo;\u00ab\u00a0totalement infond\u00e9es\u00a0\u00bb les accusations de censure port\u00e9es par les \u00c9tats-Unis.<\/p>\n<p>\u00ab\u00a0La libert\u00e9 d&rsquo;expression est un droit fondamental dans l&rsquo;Union europ\u00e9enne. Elle est au coeur du DSA\u00a0\u00bb, a-t-il affirm\u00e9. \u00ab\u00a0Le texte \u00e9tablit des r\u00e8gles pour les interm\u00e9diaires en ligne afin de lutter contre les contenus ill\u00e9gaux, tout en prot\u00e9geant la libert\u00e9 d&rsquo;expression et d&rsquo;information sur Internet.\u00a0\u00bb<\/p>\n<p><b>\u00ab\u00a0Censure\u00a0\u00bb des Am\u00e9ricains<\/b><\/p>\n<p>L&rsquo;administration Trump s&rsquo;est g\u00e9n\u00e9ralement \u00e9loign\u00e9e de la promotion traditionnelle de la d\u00e9mocratie et des droits de l&rsquo;homme par les \u00c9tats-Unis, pr\u00e9f\u00e9rant se concentrer sur la conclusion d&rsquo;accords commerciaux bilat\u00e9raux. Toutefois, elle d\u00e9fend certaines causes sp\u00e9cifiques, notamment celles li\u00e9es \u00e0 des hommes politiques de droite et \u00e0 ce qu&rsquo;elle consid\u00e8re comme une mise au silence des voix conservatrices en ligne.<\/p>\n<p>Washington a ainsi sanctionn\u00e9 un juge de la Cour supr\u00eame du Br\u00e9sil supervisant le proc\u00e8s de Jair Bolsonaro, alli\u00e9 de Trump et ancien pr\u00e9sident br\u00e9silien, l&rsquo;accusant d&rsquo;autoriser des d\u00e9tentions provisoires arbitraires et de r\u00e9primer la libert\u00e9 d&rsquo;expression.<\/p>\n<p>Plus marquantes sont les incursions de l&rsquo;administration dans la politique int\u00e9rieure de ses alli\u00e9s europ\u00e9ens. Les responsables de Trump ont d\u00e9nonc\u00e9 ce qu&rsquo;ils qualifient de r\u00e9pression des leaders de droite, notamment en Roumanie, en Allemagne et en France, et accus\u00e9 les autorit\u00e9s europ\u00e9ennes de censurer des opinions telles que la critique de l&rsquo;immigration.<\/p>\n<p>Des hauts responsables am\u00e9ricains, dont le vice-pr\u00e9sident JD Vance, ont \u00e0 plusieurs reprises fustig\u00e9 les responsables et les r\u00e9gulations europ\u00e9ennes, les accusant de \u00ab\u00a0censurer\u00a0\u00bb les Am\u00e9ricains, une all\u00e9gation rejet\u00e9e par l&rsquo;UE.<\/p>\n<p>En f\u00e9vrier, lors d&rsquo;une conf\u00e9rence habituellement marqu\u00e9e par l&rsquo;unit\u00e9 transatlantique, Vance a stup\u00e9fi\u00e9 les dirigeants europ\u00e9ens en les accusant de censurer la parole de groupes comme le parti allemand d&rsquo;extr\u00eame droite AfD et de faire reculer la d\u00e9mocratie.<\/p>\n<p>Les responsables europ\u00e9ens de la concurrence et du num\u00e9rique ont affirm\u00e9 en mars devant des parlementaires am\u00e9ricains que la nouvelle r\u00e9gulation vise \u00e0 maintenir l&rsquo;ouverture des march\u00e9s num\u00e9riques, sans cibler sp\u00e9cifiquement les entreprises am\u00e9ricaines.<\/p>\n<p>Les entreprises am\u00e9ricaines de m\u00e9dias sociaux, telles que Meta Platforms, maison-m\u00e8re de Facebook et Instagram, estiment pour leur part que le DSA revient \u00e0 censurer leurs plateformes.<\/p>\n","protected":false},"excerpt":{"rendered":"L&rsquo;administration du pr\u00e9sident Donald Trump envisage d&rsquo;imposer des sanctions \u00e0 l&rsquo;encontre de responsables de l&rsquo;Union europ\u00e9enne ou d&rsquo;\u00c9tats&hellip;\n","protected":false},"author":2,"featured_media":343632,"comment_status":"","ping_status":"","sticky":false,"template":"","format":"standard","meta":{"footnotes":""},"categories":[1586],"tags":[11,340,1777,674,1779,1011,27,12,25,1778,364],"class_list":{"0":"post-343631","1":"post","2":"type-post","3":"status-publish","4":"format-standard","5":"has-post-thumbnail","7":"category-europe","8":"tag-actualites","9":"tag-bourse","10":"tag-eu","11":"tag-europe","12":"tag-european-union","13":"tag-fr","14":"tag-france","15":"tag-news","16":"tag-republique-francaise","17":"tag-ue","18":"tag-union-europeenne"},"share_on_mastodon":{"url":"https:\/\/pubeurope.com\/@fr\/115091303598896758","error":""},"_links":{"self":[{"href":"https:\/\/www.europesays.com\/fr\/wp-json\/wp\/v2\/posts\/343631","targetHints":{"allow":["GET"]}}],"collection":[{"href":"https:\/\/www.europesays.com\/fr\/wp-json\/wp\/v2\/posts"}],"about":[{"href":"https:\/\/www.europesays.com\/fr\/wp-json\/wp\/v2\/types\/post"}],"author":[{"embeddable":true,"href":"https:\/\/www.europesays.com\/fr\/wp-json\/wp\/v2\/users\/2"}],"replies":[{"embeddable":true,"href":"https:\/\/www.europesays.com\/fr\/wp-json\/wp\/v2\/comments?post=343631"}],"version-history":[{"count":0,"href":"https:\/\/www.europesays.com\/fr\/wp-json\/wp\/v2\/posts\/343631\/revisions"}],"wp:featuredmedia":[{"embeddable":true,"href":"https:\/\/www.europesays.com\/fr\/wp-json\/wp\/v2\/media\/343632"}],"wp:attachment":[{"href":"https:\/\/www.europesays.com\/fr\/wp-json\/wp\/v2\/media?parent=343631"}],"wp:term":[{"taxonomy":"category","embeddable":true,"href":"https:\/\/www.europesays.com\/fr\/wp-json\/wp\/v2\/categories?post=343631"},{"taxonomy":"post_tag","embeddable":true,"href":"https:\/\/www.europesays.com\/fr\/wp-json\/wp\/v2\/tags?post=343631"}],"curies":[{"name":"wp","href":"https:\/\/api.w.org\/{rel}","templated":true}]}}