{"id":343637,"date":"2025-08-25T20:33:12","date_gmt":"2025-08-25T20:33:12","guid":{"rendered":"https:\/\/www.europesays.com\/fr\/343637\/"},"modified":"2025-08-25T20:33:12","modified_gmt":"2025-08-25T20:33:12","slug":"lambassadeur-des-etats-unis-en-france-a-seche-sa-convocation-au-quai-dorsay","status":"publish","type":"post","link":"https:\/\/www.europesays.com\/fr\/343637\/","title":{"rendered":"L\u2019ambassadeur des \u00c9tats-Unis en France a s\u00e9ch\u00e9 sa convocation au Quai d\u2019Orsay"},"content":{"rendered":"<p>        <img decoding=\"async\" loading=\"lazy\" src=\"https:\/\/www.europesays.com\/fr\/wp-content\/uploads\/2025\/08\/02d854c_upload-1-xgmjwsjuophv-afp-20250718-67746pb-v1-highres-franceusdiplomacy.jpg\"  width=\"728\" height=\"409\" alt=\"Charles Kushner a s\u00e9ch\u00e9 sa convocation au Quai d\u2019Orsay apr\u00e8s avoir d\u00e9nonc\u00e9 \u00ab\u00a0l\u2019absence d\u2019action suffisante\u00a0\u00bb contre l\u2019antis\u00e9mitisme d\u2019Emmanuel Macron (Photo d\u2019illustration)\"\/>  <\/p>\n<p>LUDOVIC MARIN \/ AFP<\/p>\n<p>Charles Kushner a s\u00e9ch\u00e9 sa convocation au Quai d\u2019Orsay apr\u00e8s avoir d\u00e9nonc\u00e9 \u00ab\u00a0l\u2019absence d\u2019action suffisante\u00a0\u00bb contre l\u2019antis\u00e9mitisme d\u2019Emmanuel Macron (Photo d\u2019illustration)<\/p>\n<p class=\"asset asset-text\">INTERNATIONAL &#8211; C\u2019est un geste qui ne devrait pas contribuer \u00e0 d\u00e9samorcer les tensions. Alors que <a href=\"https:\/\/www.huffingtonpost.fr\/international\/article\/donald-trump-nomme-le-pere-de-son-gendre-ambassadeur-des-etats-unis-en-france_242973.html\" rel=\"nofollow noopener\" target=\"_blank\">l\u2019ambassadeur am\u00e9ricain en France<\/a> \u00e9tait convoqu\u00e9 ce lundi 25\u00a0ao\u00fbt au minist\u00e8re des Affaires \u00e9trang\u00e8res apr\u00e8s <a href=\"https:\/\/www.huffingtonpost.fr\/international\/article\/l-ambassadeur-americain-en-france-s-en-prend-a-son-tour-a-emmanuel-macron-sur-l-antisemitisme_253934.html\" rel=\"nofollow noopener\" target=\"_blank\">des critiques jug\u00e9es inacceptables par Paris<\/a> sur \u00ab\u00a0l\u2019absence d\u2019action suffisante\u00a0\u00bb contre l\u2019antis\u00e9mitisme du pr\u00e9sident Emmanuel Macron, ce dernier ne s\u2019est pas pr\u00e9sent\u00e9 au Quai d\u2019Orsay.<\/p>\n<p class=\"asset asset-text\">Dans les faits, et \u00ab\u00a0en l\u2019absence de l\u2019ambassadeur\u00a0\u00bb Charles Kushner, c\u2019est le charg\u00e9 d\u2019affaires de l\u2019ambassade am\u00e9ricaine qui a \u00e9t\u00e9 re\u00e7u \u00e0 sa place, indique \u00e0 l\u2019AFP une source diplomatique.<\/p>\n<p class=\"asset asset-text\">Ce dernier s\u2019est vu signifier que les critiques du diplomate am\u00e9ricain \u00ab\u00a0constituaient une ing\u00e9rence dans les affaires int\u00e9rieures (de la France) et dressaient un constat qui ne correspondait pas \u00e0 la r\u00e9alit\u00e9\u00a0\u00bb, poursuit cette m\u00eame source, qui affirme que le charg\u00e9 d\u2019affaires am\u00e9ricain a \u00e9t\u00e9 re\u00e7u par deux directrices du Quai d\u2019Orsay.<\/p>\n<p>    Des propos d\u00e9fendus par la diplomatie am\u00e9ricaine    <\/p>\n<p class=\"asset asset-text\">Dans une lettre adress\u00e9e au chef de l\u2019\u00c9tat, Charles Kushner, p\u00e8re du gendre de Donald Trump, Jared Kushner, en fonction depuis quelques semaines en France, avait exprim\u00e9 \u00ab\u00a0sa profonde inqui\u00e9tude face \u00e0 la flamb\u00e9e de l\u2019antis\u00e9mitisme en France et \u00e0 l\u2019absence d\u2019action suffisante de (son) gouvernement pour le combattre\u00a0\u00bb, rejoignant les r\u00e9centes critiques du Premier ministre isra\u00e9lien Benjamin Netanyahu.<\/p>\n<p class=\"asset asset-text\">Le d\u00e9partement d\u2019\u00c9tat am\u00e9ricain a dit \u00ab\u00a0soutenir les propos\u00a0\u00bb de son ambassadeur. \u00ab\u00a0L\u2019ambassadeur Kushner est le repr\u00e9sentant du gouvernement des \u00c9tats-Unis en France et effectue un travail remarquable en faisant progresser nos int\u00e9r\u00eats nationaux dans ce r\u00f4le\u00a0\u00bb, a affirm\u00e9 son porte-parole adjoint, Tommy Pigott, dans un communiqu\u00e9 transmis \u00e0 l\u2019AFP.<\/p>\n<p class=\"asset asset-text\">La convocation au Quai d\u2019Orsay d\u2019un ambassadeur am\u00e9ricain est un \u00e9v\u00e9nement rare mais pas sans pr\u00e9c\u00e9dent. En octobre\u00a02013, le repr\u00e9sentant de Washington avait \u00e9t\u00e9 convoqu\u00e9 apr\u00e8s les r\u00e9v\u00e9lations d\u2019Edward Snowden selon lesquelles la NSA aurait intercept\u00e9 massivement des communications en France.<\/p>\n<p class=\"asset asset-text\">En juin\u00a02015, sa successeure Jane Hartley avait \u00e9galement d\u00fb s\u2019expliquer sur les documents de WikiLeaks attestant de l\u2019\u00e9coute par la NSA des appels de trois pr\u00e9sidents fran\u00e7ais (Chirac, Sarkozy, Hollande).<\/p>\n<p>                     Tr\u00e8s critique de la reconnaissance de la Palestine par la France    <\/p>\n<p class=\"asset asset-text\">Les critiques du diplomate am\u00e9ricain interviennent quelques jours apr\u00e8s une violente charge de Benjamin Netanyahu contre le pr\u00e9sident fran\u00e7ais qu\u2019il accuse \u00ab\u00a0d\u2019alimenter le feu antis\u00e9mite\u00a0\u00bb en appelant \u00e0 la reconnaissance internationale de l\u2019\u00c9tat de Palestine.<\/p>\n<p class=\"asset asset-text\">Une analyse \u00ab\u00a0erron\u00e9e, abjecte et (qui) ne demeurera pas sans r\u00e9ponse\u00a0\u00bb, avait d\u00e9j\u00e0 r\u00e9pliqu\u00e9 la pr\u00e9sidence fran\u00e7aise.<\/p>\n<p class=\"asset asset-text\">Dans sa lettre, l\u2019ambassadeur am\u00e9ricain reprend l\u2019argumentaire de Benjamin Netanyahu. \u00ab\u00a0Des d\u00e9clarations qui vilipendent Isra\u00ebl et des gestes en reconnaissance d\u2019un \u00c9tat palestinien encouragent les extr\u00e9mistes, fomentent la violence et mettent en p\u00e9ril la jud\u00e9it\u00e9 en France\u00a0\u00bb, estime notamment Charles Kushner.<\/p>\n<p class=\"asset asset-text\">La d\u00e9cision de la France de reconna\u00eetre un \u00c9tat de Palestine \u00e0 l\u2019Assembl\u00e9e g\u00e9n\u00e9rale de l\u2019ONU en septembre, aux c\u00f4t\u00e9s de pays comme l\u2019Australie ou le Canada, a \u00e9t\u00e9 tr\u00e8s vivement d\u00e9nonc\u00e9e en Isra\u00ebl mais aussi aux \u00c9tats-Unis, dont le chef de la diplomatie, Marco Rubio, avait d\u00e9nonc\u00e9 une \u00ab\u00a0d\u00e9cision imprudente\u00a0\u00bb qui \u00ab\u00a0ne sert que la propagande du Hamas et fait reculer le processus de paix\u00a0\u00bb.<\/p>\n","protected":false},"excerpt":{"rendered":"LUDOVIC MARIN \/ AFP Charles Kushner a s\u00e9ch\u00e9 sa convocation au Quai d\u2019Orsay apr\u00e8s avoir d\u00e9nonc\u00e9 \u00ab\u00a0l\u2019absence d\u2019action&hellip;\n","protected":false},"author":2,"featured_media":343638,"comment_status":"","ping_status":"","sticky":false,"template":"","format":"standard","meta":{"footnotes":""},"categories":[4],"tags":[11,47950,1903,6155,73,1011,27,14,12,25],"class_list":{"0":"post-343637","1":"post","2":"type-post","3":"status-publish","4":"format-standard","5":"has-post-thumbnail","7":"category-france","8":"tag-actualites","9":"tag-ambassade-americaine","10":"tag-ambassadeur","11":"tag-antisemitisme","12":"tag-etats-unis","13":"tag-fr","14":"tag-france","15":"tag-international","16":"tag-news","17":"tag-republique-francaise"},"share_on_mastodon":{"url":"https:\/\/pubeurope.com\/@fr\/115091315356078750","error":""},"_links":{"self":[{"href":"https:\/\/www.europesays.com\/fr\/wp-json\/wp\/v2\/posts\/343637","targetHints":{"allow":["GET"]}}],"collection":[{"href":"https:\/\/www.europesays.com\/fr\/wp-json\/wp\/v2\/posts"}],"about":[{"href":"https:\/\/www.europesays.com\/fr\/wp-json\/wp\/v2\/types\/post"}],"author":[{"embeddable":true,"href":"https:\/\/www.europesays.com\/fr\/wp-json\/wp\/v2\/users\/2"}],"replies":[{"embeddable":true,"href":"https:\/\/www.europesays.com\/fr\/wp-json\/wp\/v2\/comments?post=343637"}],"version-history":[{"count":0,"href":"https:\/\/www.europesays.com\/fr\/wp-json\/wp\/v2\/posts\/343637\/revisions"}],"wp:featuredmedia":[{"embeddable":true,"href":"https:\/\/www.europesays.com\/fr\/wp-json\/wp\/v2\/media\/343638"}],"wp:attachment":[{"href":"https:\/\/www.europesays.com\/fr\/wp-json\/wp\/v2\/media?parent=343637"}],"wp:term":[{"taxonomy":"category","embeddable":true,"href":"https:\/\/www.europesays.com\/fr\/wp-json\/wp\/v2\/categories?post=343637"},{"taxonomy":"post_tag","embeddable":true,"href":"https:\/\/www.europesays.com\/fr\/wp-json\/wp\/v2\/tags?post=343637"}],"curies":[{"name":"wp","href":"https:\/\/api.w.org\/{rel}","templated":true}]}}