{"id":343639,"date":"2025-08-25T20:34:16","date_gmt":"2025-08-25T20:34:16","guid":{"rendered":"https:\/\/www.europesays.com\/fr\/343639\/"},"modified":"2025-08-25T20:34:16","modified_gmt":"2025-08-25T20:34:16","slug":"le-golf-trump-national-doral-propriete-du-president-americain-de-retour-sur-le-pga-tour-lequipe","status":"publish","type":"post","link":"https:\/\/www.europesays.com\/fr\/343639\/","title":{"rendered":"Le golf Trump National Doral, propri\u00e9t\u00e9 du pr\u00e9sident am\u00e9ricain, de retour sur le PGA Tour &#8211; L&#039;\u00c9quipe"},"content":{"rendered":"<ol>\n<li><a href=\"https:\/\/news.google.com\/rss\/articles\/CBMiwwFBVV95cUxOTVktdGFleGx5MkNfYWltelhkTEw2RkoxZnU2WFc5aHUtdHFXNC1EOGpsd3lscjM3OHZDY1hyQkN6S1VEcGZDQUtzUWhlZ2FZSlJ6QkZZeXcwamtzUTktT3ZwU2tYRUxVaG02VjhGUU1LN2g1SlJ5YnZhd180czJRRFN6REZkTno5bGtpSUIxbHRLSFNra0ItRWxvYktKZnJoT2dPWXFtbVdSeTRkdllOTTd5akx6TFpMdnJ1T3ROekdFcU0?oc=5\" target=\"_blank\" rel=\"nofollow noopener\">Le golf Trump National Doral, propri\u00e9t\u00e9 du pr\u00e9sident am\u00e9ricain, de retour sur le PGA Tour<\/a>&nbsp;&nbsp;L&rsquo;\u00c9quipe<\/li>\n<li><a href=\"https:\/\/news.google.com\/rss\/articles\/CBMinAFBVV95cUxPMnNsNVpfZjJtXy1WTm91NWN1R0ZnSUM4TkpJRTRJcnQxZmZ5UXR5R1BOdmV2TVdfcmlhc2ljTGFEcGFoM0JvZ0V4S1NmN21HTGhBTUJsaUhudnlZMnJEWTVkOHA2RzFHUnExM3BKcXhjR1ZTU3hKb3RiT1NHVDNIX0tfTzdjRjl5Ml9rck92dG15M3F2ak1qWXFkYUQ?oc=5\" target=\"_blank\" rel=\"nofollow noopener\">Un nouveau Signature Event sur un parcours Trump en 2026<\/a>&nbsp;&nbsp;Golf Plan\u00e8te<\/li>\n<li><a href=\"https:\/\/news.google.com\/rss\/articles\/CBMiggFBVV95cUxOODF1TW5hdmkzbW1ua0tmbWVnWE9fa3dwODNTZ1R1VU5RX19jX0dXOHZ2R0dZYmREOGpMcTJUYnFtODB3TjlURTNTQk5IM3I4ODJUMXduVERMeTRvN2RKT1dFemhpTUJwQnRnRUdvcjlEME1uSWhETUtCMDBZQUNHelpR?oc=5\" target=\"_blank\" rel=\"nofollow noopener\">La PGA plie et retourne chez Donald Trump<\/a>&nbsp;&nbsp;Ton Barbier<\/li>\n<li><a href=\"https:\/\/news.google.com\/rss\/articles\/CBMipwFBVV95cUxPb2RlVXpHQmR2VHBPLWFpNjVSUkJBOUFSeGx1LUNwZzlYTjlQUk5PSTdDR3JZaUcxSGFDbjRRYl91ZHV4TEVPXzN4dVRjSHlZOHZXc0MzNzQ3Q3ZRUC1vOFFDSVM0UnlYdXlOY0U2QUhtWTZjaDJTdUI0a3VIMjBNbDZPSE1XMjNFQVJVWEZubkUwenJ1X3dTVXNpdmlpcndFUmRFRGttaw?oc=5\" target=\"_blank\" rel=\"nofollow noopener\">Fin d&rsquo;un long conflit: le PGA Tour annonce le retour du parcours de Donald Trump<\/a>&nbsp;&nbsp;Le Matin<\/li>\n<li><a href=\"https:\/\/news.google.com\/rss\/articles\/CBMiqwFBVV95cUxOZTlJSkZiQ3BZazFGekNlNWY5dy1fQlNuT0lCZXF4UUo5NDFWRnk2VXVpcXhnQ2RMbEI2VUJWdnc4OVZlUzg2RkVPQ0hxQkJCQmM1QWpxajhvU2pXOERkOXl6YUU2RllwR0N6UW1XRnJQRWR4bFpDUnZFT2Ixelp4NGlqZUdRRzZuQzNlZTNwMi1tQVBMOVhBN1ZoSklYeER6emF4SktHQUZqMjA?oc=5\" target=\"_blank\" rel=\"nofollow noopener\">La PGA se r\u00e9concilie avec Donald Trump<\/a>&nbsp;&nbsp;MSN<\/li>\n<\/ol>\n","protected":false},"excerpt":{"rendered":"Le golf Trump National Doral, propri\u00e9t\u00e9 du pr\u00e9sident am\u00e9ricain, de retour sur le PGA Tour&nbsp;&nbsp;L&rsquo;\u00c9quipe Un nouveau Signature&hellip;\n","protected":false},"author":2,"featured_media":343640,"comment_status":"","ping_status":"","sticky":false,"template":"","format":"standard","meta":{"footnotes":""},"categories":[1418],"tags":[1011,27,1472,60],"class_list":{"0":"post-343639","1":"post","2":"type-post","3":"status-publish","4":"format-standard","5":"has-post-thumbnail","7":"category-golf","8":"tag-fr","9":"tag-france","10":"tag-golf","11":"tag-sports"},"share_on_mastodon":{"url":"https:\/\/pubeurope.com\/@fr\/115091319276411365","error":""},"_links":{"self":[{"href":"https:\/\/www.europesays.com\/fr\/wp-json\/wp\/v2\/posts\/343639","targetHints":{"allow":["GET"]}}],"collection":[{"href":"https:\/\/www.europesays.com\/fr\/wp-json\/wp\/v2\/posts"}],"about":[{"href":"https:\/\/www.europesays.com\/fr\/wp-json\/wp\/v2\/types\/post"}],"author":[{"embeddable":true,"href":"https:\/\/www.europesays.com\/fr\/wp-json\/wp\/v2\/users\/2"}],"replies":[{"embeddable":true,"href":"https:\/\/www.europesays.com\/fr\/wp-json\/wp\/v2\/comments?post=343639"}],"version-history":[{"count":0,"href":"https:\/\/www.europesays.com\/fr\/wp-json\/wp\/v2\/posts\/343639\/revisions"}],"wp:featuredmedia":[{"embeddable":true,"href":"https:\/\/www.europesays.com\/fr\/wp-json\/wp\/v2\/media\/343640"}],"wp:attachment":[{"href":"https:\/\/www.europesays.com\/fr\/wp-json\/wp\/v2\/media?parent=343639"}],"wp:term":[{"taxonomy":"category","embeddable":true,"href":"https:\/\/www.europesays.com\/fr\/wp-json\/wp\/v2\/categories?post=343639"},{"taxonomy":"post_tag","embeddable":true,"href":"https:\/\/www.europesays.com\/fr\/wp-json\/wp\/v2\/tags?post=343639"}],"curies":[{"name":"wp","href":"https:\/\/api.w.org\/{rel}","templated":true}]}}