{"id":34364,"date":"2025-04-18T15:24:16","date_gmt":"2025-04-18T15:24:16","guid":{"rendered":"https:\/\/www.europesays.com\/fr\/34364\/"},"modified":"2025-04-18T15:24:16","modified_gmt":"2025-04-18T15:24:16","slug":"dijon-devance-paris-lille-et-marseille-dans-ce-classement-national","status":"publish","type":"post","link":"https:\/\/www.europesays.com\/fr\/34364\/","title":{"rendered":"Dijon devance Paris, Lille et Marseille dans ce classement national"},"content":{"rendered":"<p>            Par<br \/>\n        <strong><br \/>\n            <a href=\"https:\/\/actu.fr\/auteur\/nicolas-salaun\" title=\"Consulter tous les articles de Nicolas Salin\" target=\"_blank\" rel=\"noopener\">Nicolas Salin<\/a><br \/>\n        <\/strong><\/p>\n<p>        Publi\u00e9 le<\/p>\n<p>            17 avr. 2025 \u00e0 13h31        <\/p>\n<p>Selon les donn\u00e9es de l\u2019Insee publi\u00e9es ce jeudi 17 avril, <a href=\"https:\/\/actu.fr\/bourgogne-franche-comte\/dijon_21231\" target=\"_blank\" rel=\"noopener\">Dijon<\/a> se <strong>classe en t\u00eate<\/strong> des grandes villes fran\u00e7aises pour l\u2019acc\u00e8s de sa population aux espaces verts.<\/p>\n<p class=\" wall-content\">Plus de 71% des Dijonnais vivent<strong> \u00e0 moins de 300 m\u00e8tres<\/strong> d\u2019un parc ou jardin, un taux nettement sup\u00e9rieur \u00e0 celui observ\u00e9 dans des m\u00e9tropoles comme <a href=\"https:\/\/actu.fr\/ile-de-france\/paris_75056\" target=\"_blank\" rel=\"noopener\">Paris<\/a>, <a href=\"https:\/\/actu.fr\/hauts-de-france\/lille_59350\" target=\"_blank\" rel=\"noopener\">Lille<\/a> ou <a href=\"https:\/\/actu.fr\/provence-alpes-cote-d-azur\/marseille_13055\" target=\"_blank\" rel=\"noopener\">Marseille<\/a>.<\/p>\n<p>Dijon en t\u00eate du classement<\/p>\n<p class=\" wall-content\">L\u2019\u00e9tude \u00ab\u00a0Un acc\u00e8s in\u00e9gal aux espaces verts dans les grands centres urbains\u00a0\u00bb de l\u2019Insee met en lumi\u00e8re\u00a0la part de la population ayant <strong>acc\u00e8s \u00e0 un espace vert<\/strong> \u00e0 moins de 5 minutes de marche, selon la cat\u00e9gorie de centre urbain.\u00a0<\/p>\n<p class=\" wall-content\">En comparaison :<\/p>\n<ul class=\" wall-content\">\n<li>\u00c0 <a href=\"https:\/\/actu.fr\/bretagne\/rennes_35238\" target=\"_blank\" rel=\"noopener\">Rennes<\/a>, la proportion atteint 62,6%,<\/li>\n<li>\u00c0 Paris, elle est de 60,1%,<\/li>\n<li>\u00c0 <a href=\"https:\/\/actu.fr\/grand-est\/strasbourg_67482\" target=\"_blank\" rel=\"noopener\">Strasbourg<\/a>, 58,5%,<\/li>\n<li>\u00c0 Lille, 51,9%.<\/li>\n<\/ul>\n<p class=\" wall-content\">L\u2019\u00e9tude rappelle par ailleurs que <strong>la taille de la ville<\/strong> n\u2019est pas toujours un atout en mati\u00e8re d\u2019acc\u00e8s aux espaces verts.<\/p>\n<p>Vid\u00e9os : en ce moment sur ActuLa maire de Dijon s\u2019en f\u00e9licite<\/p>\n<p class=\" wall-content\">La maire de Dijon Nathalie Koenders a aussit\u00f4t pris la parole sur les r\u00e9seaux sociaux et se f\u00e9licite de ce r\u00e9sultat : \u00ab\u00a0Cette \u00e9tude met en \u00e9vidence la pertinence du choix fait \u00e0 Dijon pour l\u2019environnement et la qualit\u00e9 de vie des habitants : celui de <strong>d\u00e9velopper la ville sur elle-m\u00eame<\/strong>, en pr\u00e9servant les terres agricoles autour et en cr\u00e9ant des espaces verts. C\u2019est la mise en \u0153uvre concr\u00e8te du concept de \u2018ville du quart d\u2019heure\u2019.\u00a0\u00bb<\/p>\n<p class=\" wall-content\">Autre indicateur significatif : <strong>le taux de couverture des parcs et jardins<\/strong>, qui mesure la part du territoire urbain occup\u00e9e par ces espaces. L\u00e0 encore, Dijon affiche un bon niveau (7,1%), d\u00e9passant des villes comme Strasbourg (2,2%) ou Rennes (3,6%).<\/p>\n<p class=\" wall-content\">Suivez toute l\u2019actualit\u00e9 de vos villes et m\u00e9dias favoris en vous inscrivant \u00e0 <a href=\"https:\/\/moncompte.actu.fr\" title=\"D\u00e9couvez Mon Actu\" rel=\"nofollow noopener\" data-trk=\"{&quot;cta&quot;:{&quot;action&quot;:&quot;https:\\\/\\\/moncompte.actu.fr&quot;,&quot;category&quot;:&quot;mon compte&quot;,&quot;from&quot;:&quot;article footer&quot;,&quot;name&quot;:&quot;Mon actu&quot;,&quot;type&quot;:&quot;cta&quot;}}\" target=\"_blank\">Mon Actu<\/a>.<\/p>\n","protected":false},"excerpt":{"rendered":"Par Nicolas Salin Publi\u00e9 le 17 avr. 2025 \u00e0 13h31 Selon les donn\u00e9es de l\u2019Insee publi\u00e9es ce jeudi&hellip;\n","protected":false},"author":2,"featured_media":34365,"comment_status":"","ping_status":"","sticky":false,"template":"","format":"standard","meta":{"footnotes":""},"categories":[2815],"tags":[1111,11,1777,674,1011,27,811,1307,12,25,104,11243],"class_list":{"0":"post-34364","1":"post","2":"type-post","3":"status-publish","4":"format-standard","5":"has-post-thumbnail","7":"category-lille","8":"tag-actu","9":"tag-actualites","10":"tag-eu","11":"tag-europe","12":"tag-fr","13":"tag-france","14":"tag-hauts-de-france","15":"tag-lille","16":"tag-news","17":"tag-republique-francaise","18":"tag-societe","19":"tag-sondages"},"share_on_mastodon":{"url":"https:\/\/pubeurope.com\/@fr\/114359662282572842","error":""},"_links":{"self":[{"href":"https:\/\/www.europesays.com\/fr\/wp-json\/wp\/v2\/posts\/34364","targetHints":{"allow":["GET"]}}],"collection":[{"href":"https:\/\/www.europesays.com\/fr\/wp-json\/wp\/v2\/posts"}],"about":[{"href":"https:\/\/www.europesays.com\/fr\/wp-json\/wp\/v2\/types\/post"}],"author":[{"embeddable":true,"href":"https:\/\/www.europesays.com\/fr\/wp-json\/wp\/v2\/users\/2"}],"replies":[{"embeddable":true,"href":"https:\/\/www.europesays.com\/fr\/wp-json\/wp\/v2\/comments?post=34364"}],"version-history":[{"count":0,"href":"https:\/\/www.europesays.com\/fr\/wp-json\/wp\/v2\/posts\/34364\/revisions"}],"wp:featuredmedia":[{"embeddable":true,"href":"https:\/\/www.europesays.com\/fr\/wp-json\/wp\/v2\/media\/34365"}],"wp:attachment":[{"href":"https:\/\/www.europesays.com\/fr\/wp-json\/wp\/v2\/media?parent=34364"}],"wp:term":[{"taxonomy":"category","embeddable":true,"href":"https:\/\/www.europesays.com\/fr\/wp-json\/wp\/v2\/categories?post=34364"},{"taxonomy":"post_tag","embeddable":true,"href":"https:\/\/www.europesays.com\/fr\/wp-json\/wp\/v2\/tags?post=34364"}],"curies":[{"name":"wp","href":"https:\/\/api.w.org\/{rel}","templated":true}]}}