{"id":343641,"date":"2025-08-25T20:36:12","date_gmt":"2025-08-25T20:36:12","guid":{"rendered":"https:\/\/www.europesays.com\/fr\/343641\/"},"modified":"2025-08-25T20:36:12","modified_gmt":"2025-08-25T20:36:12","slug":"alban-placines-et-boris-bouhraoua-pour-le-debut-de-saison-du-biarritz-olympique-en-pro-d2-contre-beziers","status":"publish","type":"post","link":"https:\/\/www.europesays.com\/fr\/343641\/","title":{"rendered":"Alban Placines et Boris Bouhraoua pour le d\u00e9but de saison du Biarritz Olympique en Pro D2 contre B\u00e9ziers"},"content":{"rendered":"<p class=\"PopSlotParagraph qg-tx2 qg-xtra-lh svelte-1r0pyek\">Le\u00a0<a href=\"https:\/\/www.francebleu.fr\/personnes\/biarritz-olympique\" target=\"_blank\" rel=\"noopener nofollow\" class=\"\" data-testid=\"link\">Biarritz Olympique<\/a>\u00a0est-il pr\u00eat \u00e0 attaquer la saison de Pro D2 ?\u00a0Dans 100% Rugby ce lundi 25 ao\u00fbt,\u00a0<strong>Alban Placines<\/strong>, troisi\u00e8me ligne du BOPB, et <strong>son entra\u00eeneur Boris Bouhraoua<\/strong> sont les invit\u00e9s. Avec <strong>Gr\u00e9goire Lascube et \u00c9ric Balhad\u00e8re<\/strong>, retour\u00a0sur l\u2019intersaison du club, les ajustements effectu\u00e9s, la pr\u00e9paration physique et les deux matchs amicaux remport\u00e9s contre <a href=\"https:\/\/www.francebleu.fr\/sports\/rugby\/le-biarritz-olympique-s-impose-largement-face-a-dax-36-14-avec-des-avants-conquerants-1766230\" target=\"_blank\" rel=\"noopener nofollow\" class=\"\" data-testid=\"link\">Dax<\/a>\u00a0et\u00a0<a href=\"https:\/\/www.francebleu.fr\/sports\/rugby\/reactions-du-derby-basque-patat-iturria-aurrkoetxea-et-bouhraoua-sur-la-victoire-de-biarritz-a-bayonne-7516974\" target=\"_blank\" rel=\"noopener nofollow\" class=\"\" data-testid=\"link\">l&rsquo;Aviron Bayonnais<\/a>. Quels enseignements en tirer\u00a0? Au programme\u00a0: le retour d&rsquo;Alban Placines \u00e0 Aguil\u00e9ra, apr\u00e8s sept saisons au Stade Toulousain et plus de 120 matchs au compteur. Pourquoi le retour \u00e0 Biarritz\u00a0? Avec quels objectifs personnels et collectifs\u00a0? Biarritz d\u00e9bute l&rsquo;ann\u00e9e par la r\u00e9ception de B\u00e9ziers, ce vendredi (19h), sur\u00a0<a href=\"https:\/\/www.francebleu.fr\/sports\/rugby\/biarritz-olympique-la-pelouse-d-aguilera-passe-au-vert-synthetique-un-tournant-pour-le-club-9395964\" target=\"_blank\" rel=\"noopener nofollow\" class=\"\" data-testid=\"link\">la toute nouvelle pelouse synth\u00e9tique d&rsquo;Aguil\u00e9ra<\/a>, dans un contexte particulier apr\u00e8s le\u00a0<a href=\"https:\/\/www.francebleu.fr\/sports\/rugby\/pro-d2-le-biarritz-olympique-finalement-maintenu-trois-points-retires-pour-la-saison-prochain-6441306\" target=\"_blank\" rel=\"noopener nofollow\" class=\"\" data-testid=\"link\">sauvetage du club cet \u00e9t\u00e9 par le milliardaire Pierre-Edouard St\u00e9rin<\/a>.<\/p>\n<p class=\"PopSlotParagraph qg-tx2 qg-xtra-lh svelte-1r0pyek\"><strong>\u25ba l&rsquo;int\u00e9grale de l&rsquo;interview de Boris Bouhraoua et Alban Placines est \u00e0 r\u00e9\u00e9couter dans le podcast 100% Rugby<\/strong><\/p>\n<p> Boris Bouhraoua (entra\u00eeneur du Biarritz Olympique) :<\/p>\n<p class=\"PopSlotParagraph qg-tx2 qg-xtra-lh svelte-1r0pyek\">\u00ab\u00a0On a vraiment boss\u00e9 dur cet \u00e9t\u00e9, et ce que j\u2019aime, c\u2019est qu\u2019apr\u00e8s nos deux victoires en matchs amicaux, les gars restent humbles. C\u2019est \u00e7a qui va faire la diff\u00e9rence. L\u2019id\u00e9e, c\u2019est de solidifier notre conqu\u00eate, que ce soit en m\u00eal\u00e9e ou en touche. On a recrut\u00e9 des joueurs pour renforcer nos points faibles, mais aussi pour apporter plus de puissance. Et puis, sur l\u2019attaque, c\u2019est clair qu\u2019on veut \u00eatre plus r\u00e9actifs, savoir o\u00f9 jouer et quand, pour menacer partout sur le terrain. En gros, on veut jouer intelligemment, mais surtout gagner chaque match, c\u2019est le plus important.\u00a0\u00bb<\/p>\n<p> Alban Placines (3e ligne du Biarritz Olympique) :<\/p>\n<p class=\"PopSlotParagraph qg-tx2 qg-xtra-lh svelte-1r0pyek\">\u00ab\u00a0Revenir \u00e0 Aguil\u00e9ra, c\u2019est un peu comme un retour \u00e0 la maison pour moi. Apr\u00e8s sept ans \u00e0 Toulouse, c\u2019\u00e9tait important de revenir et de mettre mon exp\u00e9rience au service de l\u2019\u00e9quipe. On a bien boss\u00e9 pendant la pr\u00e9paration, et je sens qu\u2019on est pr\u00eats pour attaquer la saison. Le groupe est super soud\u00e9, avec de jeunes gars hyper motiv\u00e9s et des anciens comme moi qui apportent de l\u2019exp\u00e9rience. C\u2019est cette combinaison qui va faire notre force. Maintenant, il faut qu\u2019on continue \u00e0 grandir ensemble, match apr\u00e8s match, avec l\u2019envie de toujours gagner, c\u2019est \u00e7a qui nous pousse.\u00a0\u00bb<\/p>\n","protected":false},"excerpt":{"rendered":"Le\u00a0Biarritz Olympique\u00a0est-il pr\u00eat \u00e0 attaquer la saison de Pro D2 ?\u00a0Dans 100% Rugby ce lundi 25 ao\u00fbt,\u00a0Alban Placines,&hellip;\n","protected":false},"author":2,"featured_media":343642,"comment_status":"","ping_status":"","sticky":false,"template":"","format":"standard","meta":{"footnotes":""},"categories":[1416],"tags":[1011,27,479,1468,60],"class_list":{"0":"post-343641","1":"post","2":"type-post","3":"status-publish","4":"format-standard","5":"has-post-thumbnail","7":"category-rugby","8":"tag-fr","9":"tag-france","10":"tag-rugby","11":"tag-rugby-football","12":"tag-sports"},"share_on_mastodon":{"url":"https:\/\/pubeurope.com\/@fr\/115091327100375592","error":""},"_links":{"self":[{"href":"https:\/\/www.europesays.com\/fr\/wp-json\/wp\/v2\/posts\/343641","targetHints":{"allow":["GET"]}}],"collection":[{"href":"https:\/\/www.europesays.com\/fr\/wp-json\/wp\/v2\/posts"}],"about":[{"href":"https:\/\/www.europesays.com\/fr\/wp-json\/wp\/v2\/types\/post"}],"author":[{"embeddable":true,"href":"https:\/\/www.europesays.com\/fr\/wp-json\/wp\/v2\/users\/2"}],"replies":[{"embeddable":true,"href":"https:\/\/www.europesays.com\/fr\/wp-json\/wp\/v2\/comments?post=343641"}],"version-history":[{"count":0,"href":"https:\/\/www.europesays.com\/fr\/wp-json\/wp\/v2\/posts\/343641\/revisions"}],"wp:featuredmedia":[{"embeddable":true,"href":"https:\/\/www.europesays.com\/fr\/wp-json\/wp\/v2\/media\/343642"}],"wp:attachment":[{"href":"https:\/\/www.europesays.com\/fr\/wp-json\/wp\/v2\/media?parent=343641"}],"wp:term":[{"taxonomy":"category","embeddable":true,"href":"https:\/\/www.europesays.com\/fr\/wp-json\/wp\/v2\/categories?post=343641"},{"taxonomy":"post_tag","embeddable":true,"href":"https:\/\/www.europesays.com\/fr\/wp-json\/wp\/v2\/tags?post=343641"}],"curies":[{"name":"wp","href":"https:\/\/api.w.org\/{rel}","templated":true}]}}