{"id":343643,"date":"2025-08-25T20:37:10","date_gmt":"2025-08-25T20:37:10","guid":{"rendered":"https:\/\/www.europesays.com\/fr\/343643\/"},"modified":"2025-08-25T20:37:10","modified_gmt":"2025-08-25T20:37:10","slug":"medvedev-a-besoin-de-laide-dun-professionnel-lance-boris-becker-apres-la-crise-publique-du-russe","status":"publish","type":"post","link":"https:\/\/www.europesays.com\/fr\/343643\/","title":{"rendered":"Medvedev \u00aba besoin de l\u2019aide d\u2019un professionnel\u00bb, lance Boris Becker apr\u00e8s la \u00abcrise publique\u00bb du Russe"},"content":{"rendered":"<p>La l\u00e9gende allemande a r\u00e9agi ce lundi au nouveau coup de sang du Russe, battu dans la confusion par Benjamin Bonzi lors du 1er tour de l\u2019US Open.<\/p>\n<p class=\"fig-paragraph\">La l\u00e9gende allemande du tennis Boris Becker a estim\u00e9 lundi que<a href=\"http:\/\/www.lefigaro.fr\/sports\/tennis\/us-open\/us-open-j-ai-laisse-parler-mes-emotions-medvedev-revient-sur-l-interruption-de-son-match-face-a-bonzi-pour-une-interference-d-un-photographe-20250825\" target=\"_blank\" data-fig-type=\"NewsFlash\" rel=\"noopener\" data-gtm-custom-categorie=\"navigation\" data-gtm-custom-action=\"crossclick\" data-gtm-custom-label=\"Contextuel\" data-gtm-event=\"customEventSPE\" data-fig-domain=\"LEFIGARO\">\u00a0Daniil Medvedev<\/a>\u00a0devait solliciter \u00abl&rsquo;aide d&rsquo;un professionnel\u00bb, au lendemain de l&rsquo;\u00e9limination du Russe d\u00e8s le premier tour de l&rsquo;US Open apr\u00e8s une longue s\u00e9rie de crises de r\u00e9sultats sur les courts. L&rsquo;ex-N.1 mondial n&rsquo;a plus connu de succ\u00e8s en Grand Chelem o\u00f9 il reste sur trois revers d&rsquo;affil\u00e9e d\u00e8s son entr\u00e9e en lice. Au total sur les quatre tournois majeurs de l&rsquo;ann\u00e9e 2025, il compte un maigre bilan d&rsquo;une victoire, au premier tour de l&rsquo;Open d&rsquo;Australie, en janvier.<\/p>\n<p class=\"fig-paragraph\">\u00abNous appelons cela +une crise publique+\u00bb, a \u00e9crit le sextuple vainqueur du Grand Chelem dans un message sur X, ajoutant: \u00abJe pense qu&rsquo;il a besoin de l&rsquo;aide d&rsquo;un professionnel\u00a0?!?\u00bb. \u00abJe suis d&rsquo;accord (avec Becker, Ndlr), il a vraiment besoin d&rsquo;aide\u00bb, a rench\u00e9ri l&rsquo;ex-joueur am\u00e9ricain, entra\u00eeneur et commentateur vedette Brad Gilbert \u00e9galement sur X.<\/p>\n<p>                                    <a class=\"fig-a11y-skip a11y-hidden\" href=\"#fig-a11y-skip-main-inarticle\"><br \/>\n        Passer la publicit\u00e9<br \/>\n    <\/a><\/p>\n<p>D\u00e9faite rocambolesque contre Bonzi<\/p>\n<p class=\"fig-paragraph\">D\u00e9fait dimanche par\u00a0<a href=\"http:\/\/www.lefigaro.fr\/sports\/tennis\/us-open\/us-open-en-couple-avec-une-vainqueur-de-koh-lanta-menace-de-mort-et-cauchemar-de-medvedev-qui-est-benjamin-bonzi-20250825\" target=\"_blank\" data-fig-type=\"NewsFlash\" rel=\"noopener\" data-gtm-custom-categorie=\"navigation\" data-gtm-custom-action=\"crossclick\" data-gtm-custom-label=\"Contextuel\" data-gtm-event=\"customEventSPE\" data-fig-domain=\"LEFIGARO\">le Fran\u00e7ais Benjamin Bonzi<\/a>\u00a0en cinq manches 6-3, 7-5, 6-7 (5\/7), 0-6, 6-4, l&rsquo;actuel 13e joueur mondial a fait un esclandre en fin de troisi\u00e8me set, furieux apr\u00e8s le choix de l&rsquo;arbitre de chaise d&rsquo;accorder un second premier service \u00e0 son adversaire. Greg Allensworth a \u00e9voqu\u00e9 \u00abl&rsquo;interf\u00e9rence\u00bb d&rsquo;un photographe entr\u00e9 en bord de court pour justifier sa d\u00e9cision. Medvedev s&rsquo;en est pris violemment \u00e0 Allensworth, l&rsquo;accusant de vouloir mettre fin pr\u00e9matur\u00e9ment au match.<\/p>\n<p class=\"fig-paragraph\">\u00ab\u00cates-vous un homme\u00a0? \u00cates-vous un homme\u00a0?\u00bb, a d&rsquo;abord d\u00e9goupill\u00e9 Medvedev. Puis prenant \u00e0 t\u00e9moin le public, il a fulmin\u00e9: \u00abIl veut rentrer chez lui, les gars. Il n&rsquo;aime pas \u00eatre ici, il est pay\u00e9 au match, pas \u00e0 l&rsquo;heure\u00bb. Medvedev s&rsquo;est ensuite tourn\u00e9 vers le public du stade Louis-Armstrong, agitant les bras avec fr\u00e9n\u00e9sie pour l&rsquo;encourager \u00e0 manifester son m\u00e9contentement, ce qui a entra\u00een\u00e9 six minutes de hu\u00e9es avant que Bonzi puisse enfin servir.<\/p>\n<p class=\"fig-paragraph\">Ironie du sort, apr\u00e8s cet incident, Medvedev a recoll\u00e9 \u00e0 deux sets \u00e0 un avant d&rsquo;\u00e9galiser \u00e0 deux manches partout. Mais il a finalement perdu le match. Apr\u00e8s avoir salu\u00e9 son adversaire, il a \u00e9vacu\u00e9 sa frustration en d\u00e9truisant sa raquette, comme il l&rsquo;a d\u00e9j\u00e0 fait plusieurs fois dans sa carri\u00e8re.<\/p>\n","protected":false},"excerpt":{"rendered":"La l\u00e9gende allemande a r\u00e9agi ce lundi au nouveau coup de sang du Russe, battu dans la confusion&hellip;\n","protected":false},"author":2,"featured_media":343644,"comment_status":"","ping_status":"","sticky":false,"template":"","format":"standard","meta":{"footnotes":""},"categories":[1415],"tags":[47951,3252,1011,27,60,1467],"class_list":{"0":"post-343643","1":"post","2":"type-post","3":"status-publish","4":"format-standard","5":"has-post-thumbnail","7":"category-tennis","8":"tag-boris-becker","9":"tag-daniil-medvedev","10":"tag-fr","11":"tag-france","12":"tag-sports","13":"tag-tennis"},"share_on_mastodon":{"url":"https:\/\/pubeurope.com\/@fr\/115091331023552259","error":""},"_links":{"self":[{"href":"https:\/\/www.europesays.com\/fr\/wp-json\/wp\/v2\/posts\/343643","targetHints":{"allow":["GET"]}}],"collection":[{"href":"https:\/\/www.europesays.com\/fr\/wp-json\/wp\/v2\/posts"}],"about":[{"href":"https:\/\/www.europesays.com\/fr\/wp-json\/wp\/v2\/types\/post"}],"author":[{"embeddable":true,"href":"https:\/\/www.europesays.com\/fr\/wp-json\/wp\/v2\/users\/2"}],"replies":[{"embeddable":true,"href":"https:\/\/www.europesays.com\/fr\/wp-json\/wp\/v2\/comments?post=343643"}],"version-history":[{"count":0,"href":"https:\/\/www.europesays.com\/fr\/wp-json\/wp\/v2\/posts\/343643\/revisions"}],"wp:featuredmedia":[{"embeddable":true,"href":"https:\/\/www.europesays.com\/fr\/wp-json\/wp\/v2\/media\/343644"}],"wp:attachment":[{"href":"https:\/\/www.europesays.com\/fr\/wp-json\/wp\/v2\/media?parent=343643"}],"wp:term":[{"taxonomy":"category","embeddable":true,"href":"https:\/\/www.europesays.com\/fr\/wp-json\/wp\/v2\/categories?post=343643"},{"taxonomy":"post_tag","embeddable":true,"href":"https:\/\/www.europesays.com\/fr\/wp-json\/wp\/v2\/tags?post=343643"}],"curies":[{"name":"wp","href":"https:\/\/api.w.org\/{rel}","templated":true}]}}