{"id":343645,"date":"2025-08-25T20:39:17","date_gmt":"2025-08-25T20:39:17","guid":{"rendered":"https:\/\/www.europesays.com\/fr\/343645\/"},"modified":"2025-08-25T20:39:17","modified_gmt":"2025-08-25T20:39:17","slug":"tout-savoir-sur-les-dernieres-signatures-choix-strategiques-et-mouvements-majeurs-%f0%9f%8f%8d%ef%b8%8f%f0%9f%94%a5","status":"publish","type":"post","link":"https:\/\/www.europesays.com\/fr\/343645\/","title":{"rendered":"Tout savoir sur les derni\u00e8res signatures, choix strat\u00e9giques et mouvements majeurs \ud83c\udfcd\ufe0f\ud83d\udd25"},"content":{"rendered":"<p><img decoding=\"async\" src=\"https:\/\/www.europesays.com\/fr\/wp-content\/uploads\/2025\/08\/68ac6c401e7d3ec3c9a6920a_GnG_1248162_HiRes.jpeg\" alt=\"Cinq enseignements clefs sur les derniers contrats MotoGP 2026\"\/><\/p>\n<p>Le march\u00e9 des transferts MotoGP pour la saison 2026 n\u2019a jamais \u00e9t\u00e9 aussi mouvement\u00e9 ! Alors que les derni\u00e8res places se jouent, le paddock vibre autour des annonces \u00e0 venir. Cette revue de presse vous propose une analyse approfondie, optimis\u00e9e pour le SEO, afin de comprendre tous les rebondissements, strat\u00e9gies de pilotes et d\u00e9cisions de teams qui dessinent d\u2019ores et d\u00e9j\u00e0 le visage du championnat \u00e0 venir. Pr\u00eat pour un tour d\u2019horizon complet suivi d\u2019une dose d\u2019inspiration ? \ud83c\udfc1<\/p>\n<p>\ud83d\udc76 Nouvelle g\u00e9n\u00e9ration : Moreira fait son pari et r\u00e9volutionne l&rsquo;ordre \u00e9tabli<br \/>\n<img decoding=\"async\" src=\"https:\/\/www.europesays.com\/fr\/wp-content\/uploads\/2025\/08\/68ac6c411e7d3ec3c9a69259_GnG_1256645_HiRes.jpeg\" alt=\"Cinq enseignements clefs sur les derniers contrats MotoGP 2026\"\/><\/p>\n<p>Dans un climat d\u2019incertitude autour des derniers guidons disponibles, Diogo Moreira pose un jalon important pour les rookies en choisissant <a href=\"https:\/\/www.honda.fr\/motorcycles.html\" target=\"_blank\" rel=\"noopener\">Honda<\/a> afin de faire ses d\u00e9buts en 2026. Premier et unique nouveau venu du plateau l\u2019an prochain, le jeune br\u00e9silien a longuement h\u00e9sit\u00e9 entre les deux manufacturiers japonais. C\u2019est finalement chez LCR Honda qu\u2019il viendra remplacer Somkiat Chantra, \u00e9cart\u00e9 suite \u00e0 sa grave blessure au genou et \u00e0 des performances jug\u00e9es en-de\u00e7\u00e0 des attentes.<\/p>\n<p>Cette arriv\u00e9e fait cependant na\u00eetre quelques interrogations sur l\u2019avenir du partenariat avec Idemitsu, jusque-l\u00e0 motiv\u00e9 par la pr\u00e9sence d\u2019un pilote asiatique. Moreira, focalis\u00e9 sur une progression \u00e0 long terme, aurait refus\u00e9 une offre Yamaha chez Pramac, faute de garanties d\u2019accession \u00e0 un statut d\u2019usine. Une d\u00e9cision symbolique pour la g\u00e9n\u00e9ration montante, d\u00e9termin\u00e9e \u00e0 s\u2019imposer durablement.<\/p>\n<p>Son choix r\u00e9vise la strat\u00e9gie classique des rookies en MotoGP : privil\u00e9gier une stabilit\u00e9 de carri\u00e8re plut\u00f4t qu\u2019un saut pr\u00e9matur\u00e9 chez un grand constructeur sans perspective d\u2019avenir \u00e0 long terme. En signant chez Honda, Moreira esp\u00e8re devenir un maillon fort du renouveau japonais, tandis que Yamaha doit rebattre ses cartes pour l\u2019avenir.<\/p>\n<p>\ud83d\udd25 Remaniements, d\u00e9ceptions et rebonds sur le march\u00e9 des transferts<br \/>\n<img decoding=\"async\" src=\"https:\/\/www.europesays.com\/fr\/wp-content\/uploads\/2025\/08\/68ac6c411e7d3ec3c9a69256_GnG_1237801_HiRes.jpeg\" alt=\"Cinq enseignements clefs sur les derniers contrats MotoGP 2026\"\/><\/p>\n<p>Somkiat Chantra, bien qu\u2019appr\u00e9ci\u00e9 pour sa vitesse, n\u2019aura finalement pas r\u00e9ussi \u00e0 convaincre Honda de lui accorder plus de temps dans leur projet MotoGP. Malgr\u00e9 un d\u00e9but de saison prometteur, entre blessures et adaptation difficile \u00e0 la RC213V, le pilote tha\u00eflandais peine \u00e0 transformer ses essais en r\u00e9sultats solides. La transition depuis le style Moto2 vers les exigences du MotoGP semble avoir \u00e9t\u00e9 le principal obstacle, comme le confirment les analyses techniques internes.<\/p>\n<p>Ce d\u00e9sengagement pr\u00e9cipite le calendrier de l\u2019\u00e9quipe LCR, qui souhaite \u00e0 tout prix pr\u00e9parer sereinement la nouvelle saison. \u00c0 travers ce choix, Honda affiche sa volont\u00e9 de moderniser son approche des ressources humaines, esp\u00e9rant que la jeunesse incarn\u00e9e par Moreira sera synonyme de renouveau et d\u2019audace.<\/p>\n<p><img decoding=\"async\" src=\"https:\/\/www.europesays.com\/fr\/wp-content\/uploads\/2025\/08\/68ac6c411e7d3ec3c9a69252_GnG_1254202_HiRes.jpeg\" alt=\"Cinq enseignements clefs sur les derniers contrats MotoGP 2026\"\/><\/p>\n<p>Dans le camp <a href=\"https:\/\/www.yamaha-motor.eu\/fr\/fr\/motorcycles\/\" target=\"_blank\" rel=\"noopener\">Yamaha<\/a>, les discussions ont \u00e9galement \u00e9t\u00e9 agit\u00e9es. Jack Miller, rest\u00e9 professionnel malgr\u00e9 son agacement face au flou autour de son avenir, poursuit finalement avec le team Pramac. Sa prolongation implique l\u2019\u00e9viction de Miguel Oliveira, qui doit d\u00e9sormais envisager une reconversion en tant que pilote de d\u00e9veloppement, voire r\u00e9fl\u00e9chir \u00e0 sa suite en dehors du MotoGP.<\/p>\n<p><img decoding=\"async\" src=\"https:\/\/www.europesays.com\/fr\/wp-content\/uploads\/2025\/08\/68ac6c411e7d3ec3c9a6925d_GnG_1254027_HiRes.jpeg\" alt=\"Cinq enseignements clefs sur les derniers contrats MotoGP 2026\"\/><\/p>\n<p>C\u00f4t\u00e9s outsiders, le jeune espagnol Manu Gonzalez, pourtant pressenti comme le favori pour un guidon Yamaha, voit ses ambitions frein\u00e9es : il reste en Moto2 avec Intact GP, s\u2019avouant satisfait de poursuivre sa progression malgr\u00e9 la tentation d\u2019un passage pr\u00e9matur\u00e9 en MotoGP.<\/p>\n<p>\ud83d\udcdd Contrats en attente : strat\u00e9gie, patience et coulisses d\u2019annonces imminentes<br \/>\n<img decoding=\"async\" src=\"https:\/\/www.europesays.com\/fr\/wp-content\/uploads\/2025\/08\/68ac6c411e7d3ec3c9a69296_GnG_1256816_HiRes.jpeg\" alt=\"Cinq enseignements clefs sur les derniers contrats MotoGP 2026\"\/><\/p>\n<p>Si certaines places apparaissent encore officiellement vacantes, la r\u00e9alit\u00e9 dans les paddocks est bien diff\u00e9rente. Tous les regards se tournent vers trois \u00e9quipes : VR46 Ducati, Honda et LCR Honda. Pourtant, selon de nombreuses indiscr\u00e9tions, la composition des effectifs pour 2026 est d\u00e9j\u00e0 act\u00e9e depuis plusieurs semaines.<\/p>\n<p>Chez VR46 Ducati, Franco Morbidelli prolonge l\u2019aventure aux c\u00f4t\u00e9s de Fabio Di Giannantonio. M\u00eame tendance de stabilit\u00e9 pour l\u2019\u00e9quipe d\u2019usine Honda, o\u00f9 Luca Marini s\u2019inscrit sur la dur\u00e9e, \u00e9paul\u00e9 par Joan Mir. Quant \u00e0 Johann Zarco, il devrait \u00e0 nouveau d\u00e9fendre les couleurs du team LCR Honda, poursuivant une collaboration aujourd\u2019hui jug\u00e9e incontournable pour affiner les d\u00e9veloppements techniques du constructeur nippon.<\/p>\n<p>Parmi les intrigues, la question du positionnement de Zarco \u2013 transfert \u00e9ventuel vers la structure usine \u2013 alimente encore le suspense, mais la logique voudrait qu\u2019il reste pilier de LCR au moins une saison de plus, profitant de son exp\u00e9rience unique pour \u00e9pauler Moreira dans ses d\u00e9buts ardus.<\/p>\n<p>\ud83c\udf0d Espoirs, reconversions et d\u00e9fis des v\u00e9t\u00e9rans<br \/>\n<img decoding=\"async\" src=\"https:\/\/www.europesays.com\/fr\/wp-content\/uploads\/2025\/08\/68ac6c411e7d3ec3c9a6924f_GnG_1256068_HiRes.jpeg\" alt=\"Cinq enseignements clefs sur les derniers contrats MotoGP 2026\"\/><\/p>\n<p>Pour certains pilotes, 2026 marquera une transition majeure, entre r\u00eave d\u2019un retour flamboyant et r\u00e9alit\u00e9s du paddock. Pol Espargaro, figure exp\u00e9riment\u00e9e et encore tr\u00e8s comp\u00e9titive, s\u2019est montr\u00e9 ouvert \u00e0 toutes opportunit\u00e9s en Championnat du Monde Superbike, notamment aupr\u00e8s de <a href=\"https:\/\/www.ducati.fr\/\" target=\"_blank\" rel=\"noopener\">Ducati<\/a> qui lui avait propos\u00e9 un poste de remplacement pour Alvaro Bautista. L\u2019\u00e9chec des n\u00e9gociations sur les aspects contractuels a toutefois pouss\u00e9 Ducati \u00e0 privil\u00e9gier Iker Lecuona, autre visage familier du paddock MotoGP.<\/p>\n<p>L\u2019avenir d\u2019Espargaro semble donc davantage orient\u00e9 vers un r\u00f4le de pilote d\u2019essai et de mentor, valorisant son expertise tout en laissant la porte ouverte \u00e0 des piges occasionnelles. Un choix inspirant pour la jeune g\u00e9n\u00e9ration, prouvant que la carri\u00e8re d\u2019un pilote peut se r\u00e9inventer bien au-del\u00e0 du guidon d\u2019usine.<\/p>\n<p>\ud83c\udfc1 Grille provisoire MotoGP 2025 : forces en pr\u00e9sence<\/p>\n<p>Voici un aper\u00e7u de la grille provisoire, chaque \u00e9quipe misant sur un savant m\u00e9lange d\u2019exp\u00e9rience et de jeunesse pour relever les d\u00e9fis de la saison \u00e0 venir :<\/p>\n<p><strong>Ducati<\/strong><br \/>Marc Marquez<br \/>Pecco Bagnaia<\/p>\n<p><strong>Gresini Ducati<\/strong><br \/>Alex Marquez<br \/>Fermin Aldeguer<\/p>\n<p><strong>VR46 Ducati<\/strong><br \/>Franco Morbidelli<br \/>Fabio Di Giannantonio<\/p>\n<p><strong>KTM<\/strong><br \/>Pedro Acosta<br \/>Brad Binder<\/p>\n<p><strong>Tech3 KTM<\/strong><br \/>Maverick Vinales<br \/>Enea Bastianini<\/p>\n<p><strong>Aprilia<\/strong><br \/>Marco Bezzecchi<br \/>Jorge Martin<\/p>\n<p><strong>Trackhouse Aprilia<\/strong><br \/>Raul Fernandez<br \/>Ai Ogura<\/p>\n<p><strong>Honda<\/strong><br \/>Luca Marini<br \/>Joan Mir<\/p>\n<p><strong>LCR Honda<\/strong><br \/>Johann Zarco<br \/>Diogo Moreira<\/p>\n<p><strong>Yamaha<\/strong><br \/>Fabio Quartararo<br \/>Alex Rins<\/p>\n<p><strong>Pramac Yamaha<\/strong><br \/>Jack Miller<br \/>Toprak Razgatlioglu<\/p>\n<p>\u26a1 Synth\u00e8se, enjeux et inspiration pour 2026<\/p>\n<p>La saison MotoGP 2026 se dessine sous le signe de la r\u00e9novation et de la strat\u00e9gie \u00e0 long terme. L\u2019accent mis sur la jeunesse, l\u2019adaptabilit\u00e9 des pilotes et l\u2019importance de la stabilit\u00e9 pour engranger de la performance inaugurent une \u00e8re prometteuse. Entre surprises, paris os\u00e9s et fid\u00e9lit\u00e9 des \u00e9quipes \u00e0 leurs valeurs, chaque d\u00e9cision conditionne le futur de la discipline, tant sur le plan technologique qu\u2019humain.<\/p>\n<p>Qu\u2019il s\u2019agisse de rookies d\u00e9termin\u00e9s \u00e0 s\u2019imposer, de v\u00e9t\u00e9rans en qu\u00eate d\u2019une nouvelle dynamique ou d\u2019\u00e9quipes en repositionnement, la MotoGP prouve une fois encore qu\u2019elle est bien plus qu\u2019un simple affrontement en piste. C\u2019est une aventure humaine, pleine de d\u00e9fis, d\u2019enseignements et de passion, o\u00f9 chaque acteur \u00e9crit son histoire et inspire les suivants.<\/p>\n<p class=\"inspiration\">N\u2019oublions jamais : chaque tour de roue est une nouvelle opportunit\u00e9, chaque d\u00e9cision un pas vers l\u2019excellence. Pr\u00e9parez-vous \u00e0 vibrer en 2026 ! \ud83d\udea6\ud83d\udd25<\/p>\n<p>Changer d\u2019univers, c\u2019est aussi r\u00e9aliser son propre r\u00eave automobile\u202f: s\u2019imaginer au volant d\u2019une <a href=\"https:\/\/www.joinsteer.com\" target=\"_blank\" rel=\"noopener\">Ferrari F8 Tributo en leasing<\/a>, c\u2019est vibrer \u00e0 chaque acc\u00e9l\u00e9ration comme sur une grille MotoGP. Et Joinsteer concr\u00e9tise ce frisson \u00e0 port\u00e9e de clic.<\/p>\n","protected":false},"excerpt":{"rendered":"Le march\u00e9 des transferts MotoGP pour la saison 2026 n\u2019a jamais \u00e9t\u00e9 aussi mouvement\u00e9 ! Alors que les&hellip;\n","protected":false},"author":2,"featured_media":343646,"comment_status":"","ping_status":"","sticky":false,"template":"","format":"standard","meta":{"footnotes":""},"categories":[1413],"tags":[1011,27,1457,1456,60],"class_list":{"0":"post-343645","1":"post","2":"type-post","3":"status-publish","4":"format-standard","5":"has-post-thumbnail","7":"category-moto","8":"tag-fr","9":"tag-france","10":"tag-moto","11":"tag-motocycle","12":"tag-sports"},"share_on_mastodon":{"url":"https:\/\/pubeurope.com\/@fr\/115091339353048080","error":""},"_links":{"self":[{"href":"https:\/\/www.europesays.com\/fr\/wp-json\/wp\/v2\/posts\/343645","targetHints":{"allow":["GET"]}}],"collection":[{"href":"https:\/\/www.europesays.com\/fr\/wp-json\/wp\/v2\/posts"}],"about":[{"href":"https:\/\/www.europesays.com\/fr\/wp-json\/wp\/v2\/types\/post"}],"author":[{"embeddable":true,"href":"https:\/\/www.europesays.com\/fr\/wp-json\/wp\/v2\/users\/2"}],"replies":[{"embeddable":true,"href":"https:\/\/www.europesays.com\/fr\/wp-json\/wp\/v2\/comments?post=343645"}],"version-history":[{"count":0,"href":"https:\/\/www.europesays.com\/fr\/wp-json\/wp\/v2\/posts\/343645\/revisions"}],"wp:featuredmedia":[{"embeddable":true,"href":"https:\/\/www.europesays.com\/fr\/wp-json\/wp\/v2\/media\/343646"}],"wp:attachment":[{"href":"https:\/\/www.europesays.com\/fr\/wp-json\/wp\/v2\/media?parent=343645"}],"wp:term":[{"taxonomy":"category","embeddable":true,"href":"https:\/\/www.europesays.com\/fr\/wp-json\/wp\/v2\/categories?post=343645"},{"taxonomy":"post_tag","embeddable":true,"href":"https:\/\/www.europesays.com\/fr\/wp-json\/wp\/v2\/tags?post=343645"}],"curies":[{"name":"wp","href":"https:\/\/api.w.org\/{rel}","templated":true}]}}