{"id":343647,"date":"2025-08-25T20:40:18","date_gmt":"2025-08-25T20:40:18","guid":{"rendered":"https:\/\/www.europesays.com\/fr\/343647\/"},"modified":"2025-08-25T20:40:18","modified_gmt":"2025-08-25T20:40:18","slug":"transfert-om-cest-termine-pour-rabiot","status":"publish","type":"post","link":"https:\/\/www.europesays.com\/fr\/343647\/","title":{"rendered":"Transfert &#8211; OM : C&rsquo;est termin\u00e9 pour Rabiot !"},"content":{"rendered":"<p>                    Hugo Chirossel<br \/>\n                        &#8211;<\/p>\n<p>Journaliste<\/p>\n<p>Passionn\u00e9 de football depuis le plus jeune \u00e2ge, devenir journaliste sportif est rapidement devenu une \u00e9vidence pour Hugo. Il se d\u00e9couvrira plus tard un amour pour la NBA, avant d\u2019explorer d\u2019autres horizons comme ceux de la Formule 1 et de la NFL.<\/p>\n<p class=\"heading\">Alors que l\u2019OM l\u2019a plac\u00e9 sur la liste des transferts la semaine derni\u00e8re, Roberto De Zerbi a ouvert la porte \u00e0 une r\u00e9int\u00e9gration d&rsquo;Adrien Rabiot, samedi apr\u00e8s la victoire face au Paris FC (5-2). Toutefois, selon Walid Acherchour, le milieu de terrain \u00e2g\u00e9 de 30 ans se dirigerait bel et bien vers un d\u00e9part. <\/p>\n<p>Toujours \u00e9cart\u00e9 du groupe, <strong>Adrien Rabiot<\/strong> quittera-t-il l\u2019<strong>OM<\/strong> d\u2019ici \u00e0 la fermeture du march\u00e9 des transferts ? S\u2019il a \u00e9t\u00e9 plac\u00e9 sur la liste des transferts par le club \u00e0 la suite de sa violente altercation avec <strong>Jonathan Rowe<\/strong>, <strong>Roberto De Zerbi<\/strong> a ouvert la porte \u00e0 une r\u00e9conciliation samedi, apr\u00e8s la victoire face au <strong>Paris FC<\/strong> (5-2). <\/p>\n<p>                                            La fin du feuilleton Rabiot ?<\/p>\n<p><a href=\"https:\/\/le10sport.com\/football\/mercato\/rabiot-a-tranche-pour-son-transfert-le-clash-est-inevitable-a-lom-755540\" target=\"_blank\" rel=\"noopener\">Comme indiqu\u00e9 par L\u2019\u00c9quipe<\/a>, plusieurs clubs se sont d\u00e9j\u00e0 manifest\u00e9s pour recruter <strong>Adrien Rabiot<\/strong>, tels que<strong> Galatasaray<\/strong>, <strong>Aston Villa<\/strong>,<strong> West Ham<\/strong>, l\u2019<strong>Inter Milan<\/strong> et d\u2019autres formations italiennes. L\u2019international fran\u00e7ais (53 s\u00e9lections) se verrait bien rester \u00e0 l\u2019<strong>OM<\/strong>, mais selon <strong>Walid Acherchour<\/strong>, cette option serait \u00e0 oublier. <\/p>\n<p>                                            \u00ab Rabiot, apparemment c\u2019est mort \u00bb<\/p>\n<p>\u00ab Rabiot, apparemment c\u2019est mort \u00bb, a-t-il d\u00e9clar\u00e9 sur le plateau de Winamax TV. Reste \u00e0 savoir si une porte de sortie lui sera trouv\u00e9e dans la derni\u00e8re ligne droite du mercato. Selon L\u2019\u00c9quipe, <strong>Adrien Rabiot<\/strong> privil\u00e9gierait un club disputant la Ligue des champions. <\/p>\n","protected":false},"excerpt":{"rendered":"Hugo Chirossel &#8211; Journaliste Passionn\u00e9 de football depuis le plus jeune \u00e2ge, devenir journaliste sportif est rapidement devenu&hellip;\n","protected":false},"author":2,"featured_media":343648,"comment_status":"","ping_status":"","sticky":false,"template":"","format":"standard","meta":{"footnotes":""},"categories":[1412],"tags":[1451,1452,1453,1454,1455,1011,27,60],"class_list":{"0":"post-343647","1":"post","2":"type-post","3":"status-publish","4":"format-standard","5":"has-post-thumbnail","7":"category-f1","8":"tag-f1","9":"tag-formula-1","10":"tag-formula1","11":"tag-formule-1","12":"tag-formule1","13":"tag-fr","14":"tag-france","15":"tag-sports"},"share_on_mastodon":{"url":"https:\/\/pubeurope.com\/@fr\/115091342845820989","error":""},"_links":{"self":[{"href":"https:\/\/www.europesays.com\/fr\/wp-json\/wp\/v2\/posts\/343647","targetHints":{"allow":["GET"]}}],"collection":[{"href":"https:\/\/www.europesays.com\/fr\/wp-json\/wp\/v2\/posts"}],"about":[{"href":"https:\/\/www.europesays.com\/fr\/wp-json\/wp\/v2\/types\/post"}],"author":[{"embeddable":true,"href":"https:\/\/www.europesays.com\/fr\/wp-json\/wp\/v2\/users\/2"}],"replies":[{"embeddable":true,"href":"https:\/\/www.europesays.com\/fr\/wp-json\/wp\/v2\/comments?post=343647"}],"version-history":[{"count":0,"href":"https:\/\/www.europesays.com\/fr\/wp-json\/wp\/v2\/posts\/343647\/revisions"}],"wp:featuredmedia":[{"embeddable":true,"href":"https:\/\/www.europesays.com\/fr\/wp-json\/wp\/v2\/media\/343648"}],"wp:attachment":[{"href":"https:\/\/www.europesays.com\/fr\/wp-json\/wp\/v2\/media?parent=343647"}],"wp:term":[{"taxonomy":"category","embeddable":true,"href":"https:\/\/www.europesays.com\/fr\/wp-json\/wp\/v2\/categories?post=343647"},{"taxonomy":"post_tag","embeddable":true,"href":"https:\/\/www.europesays.com\/fr\/wp-json\/wp\/v2\/tags?post=343647"}],"curies":[{"name":"wp","href":"https:\/\/api.w.org\/{rel}","templated":true}]}}