{"id":343649,"date":"2025-08-25T20:41:09","date_gmt":"2025-08-25T20:41:09","guid":{"rendered":"https:\/\/www.europesays.com\/fr\/343649\/"},"modified":"2025-08-25T20:41:09","modified_gmt":"2025-08-25T20:41:09","slug":"la-renaissance-triomphante-de-david-gaudu","status":"publish","type":"post","link":"https:\/\/www.europesays.com\/fr\/343649\/","title":{"rendered":"La renaissance triomphante de David Gaudu"},"content":{"rendered":"<p class=\"has-blue-light-color has-text-color has-link-color wp-elements-f9fefc91f7a94517ce789479d422999d\"><strong>Les mois de gal\u00e8res sont d\u00e9sormais oubli\u00e9s. Ce lundi, David Gaudu a renou\u00e9 avec l\u2019euphorie la plus pure au terme de la troisi\u00e8me \u00e9tape du Tour d\u2019Espagne. Mis en confiance par sa troisi\u00e8me place \u00e0 Limone Piemonte dimanche, le grimpeur breton s\u2019est de nouveau m\u00eal\u00e9 \u00e0 la bagarre dans un final tendu et l\u00e9g\u00e8rement montant \u00e0 Ceres. Mais il a cette fois-ci pris le meilleur sur Mads Pedersen et Jonas Vingegaard dans les derniers m\u00e8tres pour s\u2019offrir un succ\u00e8s retentissant. Son troisi\u00e8me en carri\u00e8re sur la Vuelta, et son premier en WorldTour depuis 2022. Apr\u00e8s trois jours de course, il occupe la deuxi\u00e8me place du classement g\u00e9n\u00e9ral de la Vuelta, dans le m\u00eame temps que le maillot rouge danois.<\/strong><\/p>\n<p>Au moment de s\u2019\u00e9lancer pour la derni\u00e8re \u00e9tape 100% transalpine de ce Tour d\u2019Espagne 2025, une pointe de chagrin accompagnait ce lundi l\u2019\u00c9quipe cycliste Groupama-FDJ, r\u00e9duite \u00e0 sept apr\u00e8s le retrait sur chute la veille de Guillaume Martin-Guyonnet, bless\u00e9 aux c\u00f4tes. Il \u00e9tait pourtant imp\u00e9ratif de se remobiliser pour une journ\u00e9e qui s\u2019annon\u00e7ait calme en apparence, mais dont le final pouvait s\u2019av\u00e9rer tendu. Depuis San Maurizio Canavese, seulement 135 kilom\u00e8tres \u00e9taient \u00e0 parcourir vers Ceres, o\u00f9 la ligne \u00e9tait trac\u00e9e au bout d\u2019une c\u00f4te de 2500 m\u00e8tres \u00e0 tout juste 3% de pente moyenne, mais apr\u00e8s un dernier kilom\u00e8tre \u00e0 environ 5%. \u00ab Apr\u00e8s la prestation de David hier, et vu le parcours propos\u00e9, on y croyait, et on avait tout mis en place pour faire le meilleur r\u00e9sultat possible, exposait Fr\u00e9d\u00e9ric Guesdon. On partait dans l\u2019optique de disputer le final avec David et Thibaud, mais tout allait d\u00e9pendre du d\u00e9roul\u00e9 de l\u2019\u00e9tape. C\u2019\u00e9tait tout de m\u00eame assez casse-pattes, et Lidl-Trek a jou\u00e9 avec le terrain vallonn\u00e9 et sinueux de la mi-course pour durcir et fatiguer ses adversaires. De notre c\u00f4t\u00e9, on a super bien couru, on \u00e9tait toujours bien plac\u00e9s, et on n\u2019a pas trop subi. Ce sc\u00e9nario a ouvert la porte \u00e0 David \u00bb. \u00ab On savait qu\u2019il \u00e9tait en grande forme apr\u00e8s hier et que le final lui convenait, confirmait Rudy. Quand j\u2019ai vu pendant l\u2019\u00e9tape que tout le monde \u00e9tait fatigu\u00e9, je lui ai dit qu\u2019il pouvait gagner \u00bb.<\/p>\n<blockquote class=\"wp-block-quote is-layout-flow wp-block-quote-is-layout-flow\">\n<p><strong>\u00ab Stefan m\u2019avait dit : tu peux battre Pedersen \u00bb, David Gaudu<\/strong><\/p>\n<\/blockquote>\n<p>L\u2019\u00e9chapp\u00e9e du jour, originalement compos\u00e9e de quatre hommes, a \u00e9t\u00e9 d\u00e9finitivement neutralis\u00e9e \u00e0 vingt kilom\u00e8tres de la ligne, puis le peloton a abord\u00e9 un long et l\u00e9ger faux-plat en direction de l\u2019arriv\u00e9e. Dans le sillage de Stefan K\u00fcng, l\u2019\u00c9quipe cycliste Groupama-FDJ n\u2019a quasiment jamais abandonn\u00e9 les avant-postes. La nervosit\u00e9 s\u2019est peu \u00e0 peu install\u00e9e, et d\u2019autant plus dans les cinq derniers kilom\u00e8tres, avant d\u2019aborder la mont\u00e9e vers Ceres. \u00ab On \u00e9tait venu la rep\u00e9rer car l\u2019h\u00f4tel n\u2019\u00e9tait pas loin, et on avait bien fait, car on avait not\u00e9 des endroits techniques o\u00f9 il fallait \u00eatre plac\u00e9, en particulier \u00e0 deux kilom\u00e8tres de l\u2019arriv\u00e9e, expliquait Fr\u00e9d\u00e9ric Guesdon. Il y avait une petite bascule, et il ne fallait pas tra\u00eener derri\u00e8re car les lacets s\u2019encha\u00eenaient assez rapidement \u00bb. Alors en retrait, David Gaudu a eu la lucidit\u00e9 -et les jambes \u2013 de fournir un effort \u00e0 cet instant pr\u00e9cis. \u00ab J\u2019ai su trouver le bon timing \u00e0 deux kilom\u00e8tres pour prendre les bonnes roues \u00bb, disait-il. De retour en t\u00eate de paquet, le Breton n\u2019a d\u00e8s lors plus r\u00e9trograd\u00e9 alors que le peloton se d\u00e9litait petit \u00e0 petit. Attentif et prompt \u00e0 r\u00e9agir, il faisait m\u00eame partie d\u2019une petite grappe de coureurs l\u00e9g\u00e8rement d\u00e9tach\u00e9e \u00e0 400 m\u00e8tres de la ligne, apr\u00e8s l\u2019effort de Giulio Ciccone pour son sprinteur Mads Pedersen.<\/p>\n<p>\u00ab J\u2019avais bien aim\u00e9 l\u2019arriv\u00e9e lorsqu\u2019on l\u2019avait reconnu, et Stefan m\u2019avait dit ce matin : avec ton poids et ta giclette, tu peux battre Pedersen sur ce finish, rapportait David. Je dois avouer que je n\u2019y croyais pas trop \u00bb. Il \u00e9tait pourtant dans la roue du Danois et de Jonas Vingegaard \u00e0 200 m\u00e8tres du but, avant le dernier virage, crucial, situ\u00e9 \u00e0 75 m\u00e8tres de la ligne. \u00ab J\u2019ai vu que Mads n\u2019allait pas fermer la porte, j\u2019ai r\u00e9ussi \u00e0 m\u2019immiscer \u00e0 l\u2019int\u00e9rieur, puis c\u2019\u00e9tait une bataille d\u2019homme \u00e0 homme jusqu\u2019\u00e0 la ligne \u00bb, relatait David. \u00ab On a eu un peu peur juste avant car on a senti qu\u2019il \u00e9tait un peu dans le dur sur l\u2019acc\u00e9l\u00e9ration, ajoutait Fr\u00e9d\u00e9ric, mais il a r\u00e9ussi \u00e0 bien se remettre en position, il est arriv\u00e9 tr\u00e8s vite dans le virage, puis son punch a fait la diff\u00e9rence \u00bb. Au bout d\u2019un effort aussi explosif que gracieux, David Gaudu a alors fait plier l\u2019ancien champion du monde pour s\u2019octroyer une victoire des plus m\u00e9morables. \u00ab C\u2019est exceptionnel, lan\u00e7ait Thibaud, arriv\u00e9 \u00e0 la dix-huiti\u00e8me place. J\u2019ai entendu son nom en passant la ligne, j\u2019\u00e9tais trop content \u00bb. \u00ab Ce sont des sentiments incroyables, poursuivait Rudy, vingt-deuxi\u00e8me. On attendait \u00e7a depuis un moment, on va en profiter \u00bb.<\/p>\n<blockquote class=\"wp-block-quote is-layout-flow wp-block-quote-is-layout-flow\">\n<p><strong>\u00ab Il y a vraiment beaucoup d\u2019\u00e9motions \u00bb, David Gaudu<\/strong><\/p>\n<\/blockquote>\n<p>D\u2019abord bouche-b\u00e9e, puis extatique, David Gaudu lui-m\u00eame avait toutes les raisons de savourer ce succ\u00e8s, eu \u00e9gard au chemin parcouru. \u00ab Cette saison a \u00e9t\u00e9 tellement difficile\u2026 Il y a vraiment beaucoup, beaucoup d\u2019\u00e9motions, soufflait-il dans ses premiers propos. J\u2019ai encha\u00een\u00e9 les gal\u00e8res et les ennuis, mais l\u2019\u00e9quipe a toujours su me soutenir, me relancer, et me remettre sur les rails. C\u2019est juste une r\u00e9compense de leur apporter cette victoire. Elle fait vraiment du bien. Lever les bras, c\u2019est ce qu\u2019on peut demander de mieux dans le v\u00e9lo.\u00a0 Je sais que je peux \u00e9voluer \u00e0 ce niveau, mais je n\u2019arrivais pas \u00e0 le montrer jusqu\u2019\u00e0 maintenant. J\u2019ai r\u00e9ussi \u00e0 le faire hier, et de nouveau aujourd\u2019hui. Notre Vuelta est d\u00e9j\u00e0 r\u00e9ussie \u00bb. \u00ab Il lui fallait un peu de confiance, il l\u2019a retrouv\u00e9e hier, et il a montr\u00e9 aujourd\u2019hui ce dont il \u00e9tait capable, affirmait Stefan K\u00fcng. Je suis tr\u00e8s content pour lui car on sait la saison qu\u2019il a v\u00e9cue. Il est de retour \u00e0 son vrai niveau. C\u2019est top pour lui et pour l\u2019\u00e9quipe \u00bb. Et Fr\u00e9d\u00e9ric Guesdon d\u2019ajouter : \u00ab \u00c7a va faire du bien \u00e0 tout le monde. D\u2019abord \u00e0 David, qui a gal\u00e9r\u00e9 cette ann\u00e9e et esp\u00e9rait beaucoup plus de cette saison. En tant que sportif, retrouver la victoire apr\u00e8s tant de difficult\u00e9s, c\u2019est toujours \u00e9mouvant. Puis pour l\u2019\u00e9quipe, car le Tour n\u2019a pas \u00e9t\u00e9 extraordinaire et les r\u00e9sultats n\u2019ont pas non plus \u00e9t\u00e9 au rendez-vous depuis. \u00c7a va nous permettre de repartir sur de bons rails pour la fin de saison \u00bb.\u00a0\u00a0<\/p>\n<p>Gourmande, l\u2019\u00c9quipe cycliste Groupama-FDJ aurait volontiers accept\u00e9 la cerise sur le g\u00e2teau, \u00e0 savoir le maillot rouge, mais c\u2019est au cumul des places que Jonas Vingegaard a ce lundi conserv\u00e9 sa tunique face \u00e0 David Gaudu, d\u00e9sormais son dauphin. \u00ab Une victoire, un podium, deuxi\u00e8me du g\u00e9n\u00e9ral, on aurait sign\u00e9 pour un tel d\u00e9part, concluait Fr\u00e9d\u00e9ric. On sait qu\u2019il est important de bien d\u00e9buter un Grand Tour, et on va essayer de continuer comme \u00e7a. On pense bien \u00e0 Guillaume aussi ce soir, car il va nous manquer pour la suite \u00bb. La suite emm\u00e8nera mardi les coureurs \u00e0 Voiron, en France, dans un quatri\u00e8me acte qui pr\u00e9sentera trois difficult\u00e9s dans les soixante-quinze premiers kilom\u00e8tres.\u00a0\u00a0<\/p>\n","protected":false},"excerpt":{"rendered":"Les mois de gal\u00e8res sont d\u00e9sormais oubli\u00e9s. Ce lundi, David Gaudu a renou\u00e9 avec l\u2019euphorie la plus pure&hellip;\n","protected":false},"author":2,"featured_media":343650,"comment_status":"","ping_status":"","sticky":false,"template":"","format":"standard","meta":{"footnotes":""},"categories":[1411],"tags":[1154,207,1011,27,60],"class_list":{"0":"post-343649","1":"post","2":"type-post","3":"status-publish","4":"format-standard","5":"has-post-thumbnail","7":"category-cyclisme","8":"tag-cycling","9":"tag-cyclisme","10":"tag-fr","11":"tag-france","12":"tag-sports"},"share_on_mastodon":{"url":"https:\/\/pubeurope.com\/@fr\/115091346778533613","error":""},"_links":{"self":[{"href":"https:\/\/www.europesays.com\/fr\/wp-json\/wp\/v2\/posts\/343649","targetHints":{"allow":["GET"]}}],"collection":[{"href":"https:\/\/www.europesays.com\/fr\/wp-json\/wp\/v2\/posts"}],"about":[{"href":"https:\/\/www.europesays.com\/fr\/wp-json\/wp\/v2\/types\/post"}],"author":[{"embeddable":true,"href":"https:\/\/www.europesays.com\/fr\/wp-json\/wp\/v2\/users\/2"}],"replies":[{"embeddable":true,"href":"https:\/\/www.europesays.com\/fr\/wp-json\/wp\/v2\/comments?post=343649"}],"version-history":[{"count":0,"href":"https:\/\/www.europesays.com\/fr\/wp-json\/wp\/v2\/posts\/343649\/revisions"}],"wp:featuredmedia":[{"embeddable":true,"href":"https:\/\/www.europesays.com\/fr\/wp-json\/wp\/v2\/media\/343650"}],"wp:attachment":[{"href":"https:\/\/www.europesays.com\/fr\/wp-json\/wp\/v2\/media?parent=343649"}],"wp:term":[{"taxonomy":"category","embeddable":true,"href":"https:\/\/www.europesays.com\/fr\/wp-json\/wp\/v2\/categories?post=343649"},{"taxonomy":"post_tag","embeddable":true,"href":"https:\/\/www.europesays.com\/fr\/wp-json\/wp\/v2\/tags?post=343649"}],"curies":[{"name":"wp","href":"https:\/\/api.w.org\/{rel}","templated":true}]}}