{"id":343651,"date":"2025-08-25T20:42:11","date_gmt":"2025-08-25T20:42:11","guid":{"rendered":"https:\/\/www.europesays.com\/fr\/343651\/"},"modified":"2025-08-25T20:42:11","modified_gmt":"2025-08-25T20:42:11","slug":"valentin-atangana-va-signer-au-racing-alsasports","status":"publish","type":"post","link":"https:\/\/www.europesays.com\/fr\/343651\/","title":{"rendered":"Valentin Atangana va signer au Racing \u2014 Alsa&rsquo;Sports"},"content":{"rendered":"<p><strong>Le milieu de terrain fran\u00e7ais Valentin Atangana (20 ans aujourd\u2019hui) va signer dans les prochaines heures un contrat de cinq ans avec le Racing. <\/strong><\/p>\n<p>La 16\u00e8me recrue du Racing Club de Strasbourg est un milieu de terrain. Valentin Atangana, qui f\u00eate ses 20 ans aujourd\u2019hui, va signer dans les prochaines heures un contrat de cinq ans pour rallier l\u2019Alsace, apr\u00e8s avoir r\u00e9ussi sa visite m\u00e9dicale ce lundi \u00e0 Londres. Le Fran\u00e7ais quitte la Champagne et le stade de Reims apr\u00e8s trois saisons en professionnel, pour 15 millions d\u2019euros. Malgr\u00e9 trois offres formul\u00e9es et refus\u00e9es par le club champenois au d\u00e9part, Strasbourg et Reims ont trouv\u00e9 un accord pour le milieu de terrain qui \u00e9tait \u00e9galement convoit\u00e9 \u00e0 l\u2019\u00e9tranger (AS Rome, Al-Ahli).<\/p>\n","protected":false},"excerpt":{"rendered":"Le milieu de terrain fran\u00e7ais Valentin Atangana (20 ans aujourd\u2019hui) va signer dans les prochaines heures un contrat&hellip;\n","protected":false},"author":2,"featured_media":343652,"comment_status":"","ping_status":"","sticky":false,"template":"","format":"standard","meta":{"footnotes":""},"categories":[1410],"tags":[63,1011,27,66,4448,60],"class_list":{"0":"post-343651","1":"post","2":"type-post","3":"status-publish","4":"format-standard","5":"has-post-thumbnail","7":"category-football","8":"tag-football","9":"tag-fr","10":"tag-france","11":"tag-ligue-1","12":"tag-rc-strasbourg","13":"tag-sports"},"share_on_mastodon":{"url":"https:\/\/pubeurope.com\/@fr\/115091350817996253","error":""},"_links":{"self":[{"href":"https:\/\/www.europesays.com\/fr\/wp-json\/wp\/v2\/posts\/343651","targetHints":{"allow":["GET"]}}],"collection":[{"href":"https:\/\/www.europesays.com\/fr\/wp-json\/wp\/v2\/posts"}],"about":[{"href":"https:\/\/www.europesays.com\/fr\/wp-json\/wp\/v2\/types\/post"}],"author":[{"embeddable":true,"href":"https:\/\/www.europesays.com\/fr\/wp-json\/wp\/v2\/users\/2"}],"replies":[{"embeddable":true,"href":"https:\/\/www.europesays.com\/fr\/wp-json\/wp\/v2\/comments?post=343651"}],"version-history":[{"count":0,"href":"https:\/\/www.europesays.com\/fr\/wp-json\/wp\/v2\/posts\/343651\/revisions"}],"wp:featuredmedia":[{"embeddable":true,"href":"https:\/\/www.europesays.com\/fr\/wp-json\/wp\/v2\/media\/343652"}],"wp:attachment":[{"href":"https:\/\/www.europesays.com\/fr\/wp-json\/wp\/v2\/media?parent=343651"}],"wp:term":[{"taxonomy":"category","embeddable":true,"href":"https:\/\/www.europesays.com\/fr\/wp-json\/wp\/v2\/categories?post=343651"},{"taxonomy":"post_tag","embeddable":true,"href":"https:\/\/www.europesays.com\/fr\/wp-json\/wp\/v2\/tags?post=343651"}],"curies":[{"name":"wp","href":"https:\/\/api.w.org\/{rel}","templated":true}]}}