{"id":343655,"date":"2025-08-25T20:44:10","date_gmt":"2025-08-25T20:44:10","guid":{"rendered":"https:\/\/www.europesays.com\/fr\/343655\/"},"modified":"2025-08-25T20:44:10","modified_gmt":"2025-08-25T20:44:10","slug":"une-nouvelle-boutique-damenagement-et-de-decoration-interieur-a-la-roche-sur-yon","status":"publish","type":"post","link":"https:\/\/www.europesays.com\/fr\/343655\/","title":{"rendered":"Une nouvelle boutique d&rsquo;am\u00e9nagement et de d\u00e9coration int\u00e9rieur, \u00e0 La Roche-sur-Yon"},"content":{"rendered":"<p>            Par<br \/>\n        <strong><br \/>\n            <a href=\"https:\/\/actu.fr\/auteur\/journaliste-lpy\" title=\"Consulter tous les articles de R\u00e9daction La Roche-sur-Yon\" rel=\"nofollow noopener\" target=\"_blank\">R\u00e9daction La Roche-sur-Yon<\/a><br \/>\n        <\/strong><\/p>\n<p>        Publi\u00e9 le<\/p>\n<p>            25 ao\u00fbt 2025 \u00e0 17h06        <\/p>\n<p>Une nouvelle vitrine a vu le jour cet \u00e9t\u00e9, en centre-ville de <a href=\"https:\/\/actu.fr\/pays-de-la-loire\/la-roche-sur-yon_85191\" rel=\"nofollow noopener\" target=\"_blank\">La Roche-sur-Yon<\/a>.<\/p>\n<p class=\" wall-content\">Yann Portron, qui a \u00e9t\u00e9 <b>salari\u00e9 pendant plus de 14\u00a0ans <\/b>en tant qu\u2019applicateur\/peintre, puis vendeur, puis responsable dans des boutiques comme D\u00e9corial, <b>vient de racheter un fonds de commerce<\/b>, avec un local tout neuf, apr\u00e8s s\u2019\u00eatre rendu compte qu\u2019il y avait toujours \u00ab\u00a0une vraie demande\u00a0\u00bb dans le domaine de la d\u00e9coration d\u2019int\u00e9rieur.<\/p>\n<p class=\" wall-content\">Il tient la nouvelle boutique <b>Aime D\u00e9coration<\/b>, rue des Halles.<\/p>\n<p>Sp\u00e9cialis\u00e9 en d\u00e9coration et am\u00e9nagement d\u2019int\u00e9rieur<\/p>\n<p class=\" wall-content\">L\u2019\u00e9quipe est compos\u00e9e de Yann, passionn\u00e9 de belles mati\u00e8res qu\u2019il choisit avec attention, de M\u00e9gane qui est plus sp\u00e9cialis\u00e9e dans le textile, et de Lucie, d\u00e9coratrice d\u2019int\u00e9rieur.<\/p>\n<p class=\" wall-content\">Tous les trois ont comme but d\u2019accompagner les clients dans des projets d\u2019int\u00e9rieur, qu\u2019ils soient modestes ou plus cons\u00e9quents.<\/p>\n<p class=\" wall-content\">Pourquoi Aime ?<\/p>\n<p>Vid\u00e9os : en ce moment sur Actu<\/p>\n<blockquote class=\"ac-article-quote wall-content\">\n<p>Pour mettre en avant l\u2019amour du m\u00e9tier, l\u2019amour de son int\u00e9rieur et les valeurs humaines que veut porter cette enseigne.<\/p>\n<p>Yann Portron, g\u00e9rant de la boutique Aime D\u00e9coration<\/p><\/blockquote>\n<p class=\" wall-content\">Cette boutique du centre-ville est associ\u00e9e avec <b>Esprit D\u00e9coration \u00e0 Mouilleron-le-Captif,<\/b> une entreprise artisanale. Les deux entrepreneurs avaient envie de travailler ensemble, leur activit\u00e9 \u00e9tant compl\u00e9mentaire.<\/p>\n<p>Votre r\u00e9gion, votre actu !<\/p>\n<p>Recevez chaque jour les infos qui comptent pour vous.<\/p>\n<p>\t<a href=\"https:\/\/actu.fr\/newsletter\" class=\"ac-btn ac-btn--corner ac-btn--medium ac-btn--blue800\" rel=\"nofollow noopener\" target=\"_blank\">S&rsquo;incrire<\/a><br \/>\nUn showroom<\/p>\n<p class=\" wall-content\">Aime D\u00e9coration est un showroom sp\u00e9cialis\u00e9 en d\u00e9coration et am\u00e9nagement d\u2019int\u00e9rieur. Yann tient quand m\u00eame \u00e0 souligner que ce n\u2019est pas une agence de d\u00e9coration, mais \u00ab un service de d\u00e9coration int\u00e9rieure \u00bb.<\/p>\n<p class=\" wall-content\">Dans ce lieu, vous trouverez, agenc\u00e9 avec go\u00fbt, des rev\u00eatements muraux, notamment de la peinture Little Greene fabriqu\u00e9e sur place, du textile, des rev\u00eatements de sol, et le tout est propos\u00e9 sur mesure.<\/p>\n<p>22 rue des Halles, 02 85 75 95 40.\u00a0Ouvert du mardi au samedi, de 10h \u00e0 18h30.\u00a0Site : https:\/\/aime-decoration.fr\/<\/p>\n<p class=\" wall-content\">Personnalisez votre actualit\u00e9 en ajoutant vos villes et m\u00e9dias en favori avec <a href=\"https:\/\/moncompte.actu.fr\" title=\"D\u00e9couvez Mon Actu\" rel=\"nofollow noopener\" data-trk=\"{&quot;cta&quot;:{&quot;action&quot;:&quot;https:\\\/\\\/moncompte.actu.fr&quot;,&quot;category&quot;:&quot;mon compte&quot;,&quot;from&quot;:&quot;article footer&quot;,&quot;name&quot;:&quot;Mon actu&quot;,&quot;type&quot;:&quot;cta&quot;}}\" target=\"_blank\">Mon Actu<\/a>.<\/p>\n","protected":false},"excerpt":{"rendered":"Par R\u00e9daction La Roche-sur-Yon Publi\u00e9 le 25 ao\u00fbt 2025 \u00e0 17h06 Une nouvelle vitrine a vu le jour&hellip;\n","protected":false},"author":2,"featured_media":343656,"comment_status":"","ping_status":"","sticky":false,"template":"","format":"standard","meta":{"footnotes":""},"categories":[1358],"tags":[1348,1384,1385,215,1386,58,59,1011,27,104],"class_list":{"0":"post-343655","1":"post","2":"type-post","3":"status-publish","4":"format-standard","5":"has-post-thumbnail","7":"category-arts-et-design","8":"tag-arts","9":"tag-arts-and-design","10":"tag-arts-et-design","11":"tag-commerce","12":"tag-design","13":"tag-divertissement","14":"tag-entertainment","15":"tag-fr","16":"tag-france","17":"tag-societe"},"share_on_mastodon":{"url":"https:\/\/pubeurope.com\/@fr\/115091358621635135","error":""},"_links":{"self":[{"href":"https:\/\/www.europesays.com\/fr\/wp-json\/wp\/v2\/posts\/343655","targetHints":{"allow":["GET"]}}],"collection":[{"href":"https:\/\/www.europesays.com\/fr\/wp-json\/wp\/v2\/posts"}],"about":[{"href":"https:\/\/www.europesays.com\/fr\/wp-json\/wp\/v2\/types\/post"}],"author":[{"embeddable":true,"href":"https:\/\/www.europesays.com\/fr\/wp-json\/wp\/v2\/users\/2"}],"replies":[{"embeddable":true,"href":"https:\/\/www.europesays.com\/fr\/wp-json\/wp\/v2\/comments?post=343655"}],"version-history":[{"count":0,"href":"https:\/\/www.europesays.com\/fr\/wp-json\/wp\/v2\/posts\/343655\/revisions"}],"wp:featuredmedia":[{"embeddable":true,"href":"https:\/\/www.europesays.com\/fr\/wp-json\/wp\/v2\/media\/343656"}],"wp:attachment":[{"href":"https:\/\/www.europesays.com\/fr\/wp-json\/wp\/v2\/media?parent=343655"}],"wp:term":[{"taxonomy":"category","embeddable":true,"href":"https:\/\/www.europesays.com\/fr\/wp-json\/wp\/v2\/categories?post=343655"},{"taxonomy":"post_tag","embeddable":true,"href":"https:\/\/www.europesays.com\/fr\/wp-json\/wp\/v2\/tags?post=343655"}],"curies":[{"name":"wp","href":"https:\/\/api.w.org\/{rel}","templated":true}]}}