{"id":343657,"date":"2025-08-25T20:45:17","date_gmt":"2025-08-25T20:45:17","guid":{"rendered":"https:\/\/www.europesays.com\/fr\/343657\/"},"modified":"2025-08-25T20:45:17","modified_gmt":"2025-08-25T20:45:17","slug":"deces-de-jacques-poulin-revue-les-libraires","status":"publish","type":"post","link":"https:\/\/www.europesays.com\/fr\/343657\/","title":{"rendered":"D\u00e9c\u00e8s de Jacques Poulin \u2014 Revue Les libraires"},"content":{"rendered":"<p>L&rsquo;\u00e9crivain Jacques Poulin s\u2019en est all\u00e9; il s&rsquo;est \u00e9teint \u00e0 l&rsquo;\u00e2ge de 87 ans.<\/p>\n<p>Jacques Poulin, discret, a v\u00e9cu son existence \u00e0 l\u2019abri de l\u2019effervescence qu\u2019aurait pu lui apporter la notori\u00e9t\u00e9, pr\u00e9f\u00e9rant un quotidien paisible, avec ses chats. Un peu \u00e0 l\u2019image de sa plume, d\u2019ailleurs, qui d\u00e9peignait les petites choses de la vie, la petite musique l\u2019appelait-il. Son \u0153uvre, compos\u00e9e de quatorze romans, en est une chaleureuse, sensible et emplie de cette d\u00e9licatesse dans les d\u00e9tails, que seuls ceux qui savent observer le monde avec une bienveillante acuit\u00e9 peuvent raconter.<\/p>\n<p>Son troisi\u00e8me roman, <a href=\"https:\/\/www.leslibraires.ca\/livres\/les-grandes-marees-jacques-poulin-9782760936102.html\" target=\"_blank\" rel=\"noopener nofollow\">Les grandes mar\u00e9es<\/a>, est couronn\u00e9 d\u2019un Prix litt\u00e9raire du Gouverneur g\u00e9n\u00e9ral, mais c\u2019est avec <a href=\"https:\/\/www.leslibraires.ca\/livres\/volkswagen-blues-jacques-poulin-9782760936065.html\" target=\"_blank\" rel=\"noopener nofollow\">Volkswagen blues<\/a> qu\u2019il conquiert son public. Avec <a href=\"https:\/\/www.leslibraires.ca\/livres\/le-vieux-chagrin-jacques-poulin-9782760936355.html\" target=\"_blank\" rel=\"noopener nofollow\">Le vieux Chagrin<\/a>, il remporte le prix Qu\u00e9bec-Paris. Il a \u00e9galement \u00e9crit <a href=\"https:\/\/www.leslibraires.ca\/livres\/la-tournee-d-automne-jacques-poulin-9782760936348.html\" target=\"_blank\" rel=\"noopener nofollow\">La tourn\u00e9e d\u2019automne<\/a>, <a href=\"https:\/\/www.leslibraires.ca\/livres\/le-coeur-de-la-baleine-bleue-jacques-poulin-9782894061053.html\" target=\"_blank\" rel=\"noopener nofollow\">Le c\u0153ur de la baleine bleue<\/a>, <a href=\"https:\/\/www.leslibraires.ca\/livres\/anglais-n-est-pas-une-langue-jacques-poulin-9782742783458.html\" target=\"_blank\" rel=\"noopener nofollow\">L\u2019anglais n\u2019est pas une langue magique<\/a>, <a href=\"https:\/\/www.leslibraires.ca\/livres\/jimmy-jacques-poulin-9782760936331.html\" target=\"_blank\" rel=\"noopener nofollow\">Jimmy<\/a>, <a href=\"https:\/\/www.leslibraires.ca\/livres\/les-yeux-bleus-de-mistassini-jacques-poulin-9782760936140.html\" target=\"_blank\" rel=\"noopener nofollow\">Les yeux bleus de Mistassini<\/a> ainsi qu\u2019<a href=\"https:\/\/www.leslibraires.ca\/livres\/un-jukebox-dans-la-tete-jacques-poulin-9782760912793.html\" target=\"_blank\" rel=\"noopener nofollow\">Un jukebox dans la t\u00eate<\/a>. En 2008, il re\u00e7oit le prix Gilles-Corbeil pour l\u2019ensemble de son \u0153uvre. Il avait l\u2019\u00e9criture lente et pos\u00e9e; plusieurs ann\u00e9es pouvaient s\u00e9parer un roman de l\u2019autre, nous laissant dans l\u2019expectative. En librairie, les livres de Jacques Poulin se proposent aux jeunes comme aux plus vieux, aux gens de passage curieux de conna\u00eetre le Qu\u00e9bec, aux lecteurs et lectrices qui veulent lire du sublime, \u00e0 ceux et celles qui d\u00e9sirent s\u2019\u00e9vader avec beaut\u00e9 et qui souhaitent se faire murmurer \u00e0 l\u2019oreille une chanson douce.<\/p>\n<p>Un auteur pr\u00e9cieux, donc, qui a enrichi le Qu\u00e9bec par la qualit\u00e9 autant que par la pr\u00e9cision de son \u00e9criture. Ses livres, qui traversent la Gasp\u00e9sie, le fleuve, la ville de Qu\u00e9bec, l\u2019\u00eele d\u2019Orl\u00e9ans et l\u2019Am\u00e9rique, t\u00e9moignent de cette envie d\u2019honorer le territoire, d\u2019y poser ses mots comme des empreintes. Jacques Poulin nous a offert des livres qui perdurent et qui se faufilent dans une biblioth\u00e8que, tels des piliers ou des monuments, qu\u2019on ne peut oublier, rassurants et r\u00e9confortants par leur simple pr\u00e9sence. \u00c0 nous maintenant de faire fleurir ses mots dans l\u2019imaginaire de ceux et celles qui n\u2019ont pas eu la chance de le lire.<\/p>\n","protected":false},"excerpt":{"rendered":"L&rsquo;\u00e9crivain Jacques Poulin s\u2019en est all\u00e9; il s&rsquo;est \u00e9teint \u00e0 l&rsquo;\u00e2ge de 87 ans. Jacques Poulin, discret, a&hellip;\n","protected":false},"author":2,"featured_media":343658,"comment_status":"","ping_status":"","sticky":false,"template":"","format":"standard","meta":{"footnotes":""},"categories":[1357],"tags":[1379,58,59,1011,27,1380],"class_list":{"0":"post-343657","1":"post","2":"type-post","3":"status-publish","4":"format-standard","5":"has-post-thumbnail","7":"category-livres","8":"tag-books","9":"tag-divertissement","10":"tag-entertainment","11":"tag-fr","12":"tag-france","13":"tag-livres"},"share_on_mastodon":{"url":"https:\/\/pubeurope.com\/@fr\/115091362585179107","error":""},"_links":{"self":[{"href":"https:\/\/www.europesays.com\/fr\/wp-json\/wp\/v2\/posts\/343657","targetHints":{"allow":["GET"]}}],"collection":[{"href":"https:\/\/www.europesays.com\/fr\/wp-json\/wp\/v2\/posts"}],"about":[{"href":"https:\/\/www.europesays.com\/fr\/wp-json\/wp\/v2\/types\/post"}],"author":[{"embeddable":true,"href":"https:\/\/www.europesays.com\/fr\/wp-json\/wp\/v2\/users\/2"}],"replies":[{"embeddable":true,"href":"https:\/\/www.europesays.com\/fr\/wp-json\/wp\/v2\/comments?post=343657"}],"version-history":[{"count":0,"href":"https:\/\/www.europesays.com\/fr\/wp-json\/wp\/v2\/posts\/343657\/revisions"}],"wp:featuredmedia":[{"embeddable":true,"href":"https:\/\/www.europesays.com\/fr\/wp-json\/wp\/v2\/media\/343658"}],"wp:attachment":[{"href":"https:\/\/www.europesays.com\/fr\/wp-json\/wp\/v2\/media?parent=343657"}],"wp:term":[{"taxonomy":"category","embeddable":true,"href":"https:\/\/www.europesays.com\/fr\/wp-json\/wp\/v2\/categories?post=343657"},{"taxonomy":"post_tag","embeddable":true,"href":"https:\/\/www.europesays.com\/fr\/wp-json\/wp\/v2\/tags?post=343657"}],"curies":[{"name":"wp","href":"https:\/\/api.w.org\/{rel}","templated":true}]}}