{"id":343659,"date":"2025-08-25T20:46:13","date_gmt":"2025-08-25T20:46:13","guid":{"rendered":"https:\/\/www.europesays.com\/fr\/343659\/"},"modified":"2025-08-25T20:46:13","modified_gmt":"2025-08-25T20:46:13","slug":"le-bebe-de-cet-ex-candidat-de-maries-au-premier-regard-traite-pour-un-laparoschisis-apres-1-mois-dans-un-etablissement-specialise-les-dernieres-nouvelles-sont-tombees","status":"publish","type":"post","link":"https:\/\/www.europesays.com\/fr\/343659\/","title":{"rendered":"Le b\u00e9b\u00e9 de cet ex-candidat de Mari\u00e9s au premier regard trait\u00e9 pour un laparoschisis : apr\u00e8s 1 mois dans un \u00e9tablissement sp\u00e9cialis\u00e9, les derni\u00e8res nouvelles sont tomb\u00e9es"},"content":{"rendered":"<p>            <img loading=\"lazy\" decoding=\"async\" src=\"https:\/\/www.europesays.com\/fr\/wp-content\/uploads\/2025\/04\/70-60dc2d431f18d-35x35-1.jpg\" class=\"author-article-picture\" width=\"35\" height=\"35\"\/><\/p>\n<p>                Par<br \/>\n                                    <a class=\"author-article-bio-link\" href=\"https:\/\/www.purepeople.com\/auteur\/liane-lazaar_a70\" rel=\"nofollow noopener\" target=\"_blank\">Liane Lazaar<\/a><br \/>\n                                                    | R\u00e9dactrice<\/p>\n<p>\n                Liane Lazaar est r\u00e9dactrice web rattach\u00e9e au p\u00f4le TV de Purepeople.com. Elle conna\u00eet autant le parcours de Jean-Pierre Pernaut sur TF1 que les derniers rebondissements des candidats de t\u00e9l\u00e9-r\u00e9alit\u00e9 et a un go\u00fbt prononc\u00e9 pour les histoires de coeur.\n            <\/p>\n<p>\n    C&rsquo;est le soulagement pour cet ancien candidat de \u00ab\u00a0Mari\u00e9s au premier regard\u00a0\u00bb. Apr\u00e8s plusieurs semaines pass\u00e9es \u00e0 l&rsquo;h\u00f4pital, son b\u00e9b\u00e9 n\u00e9 tout r\u00e9cemment est enfin sorti d&rsquo;affaire. Sur Instagram, la maman a partag\u00e9 des nouvelles rassurantes.\n<\/p>\n<p>                            <img loading=\"lazy\" decoding=\"async\" class=\"player-thumbnail\" src=\"https:\/\/www.europesays.com\/fr\/wp-content\/uploads\/2025\/08\/83421d93f0e6f253-580x326-1.jpg\" width=\"580\" height=\"326\"\/><\/p>\n<p>                    Le b\u00e9b\u00e9 de cet ex-candidat de Mari\u00e9s au premier regard trait\u00e9 pour un laparoschisis : apr\u00e8s 1 mois dans un \u00e9tablissement sp\u00e9cialis\u00e9, les derni\u00e8res nouvelles sont tomb\u00e9es<\/p>\n<p>La suite apr\u00e8s la publicit\u00e9<\/p>\n<p>En 2017, <strong>Rapha\u00ebl<\/strong> a particip\u00e9 \u00e0 la deuxi\u00e8me saison de Mari\u00e9s au premier regard. A l&rsquo;\u00e9poque, il \u00e9tait rendu compatible avec <strong>Caroline<\/strong> par les expertes, qu&rsquo;il avait fini par \u00e9pouser. Leur union n&rsquo;avait toutefois pas dur\u00e9 et le <a href=\"https:\/\/www.purepeople.com\/article\/maries-au-premier-regard-caroline-et-raphael-ont-divorce_a263680\/1\" rel=\"nofollow noopener\" target=\"_blank\">divorce prononc\u00e9 peu de temps apr\u00e8s le tournage<\/a>. Les deux candidats s&rsquo;\u00e9taient n\u00e9anmoins quitt\u00e9s en bons termes et chacun a depuis refait sa vie. Rapha\u00ebl a notamment <a href=\"https:\/\/www.purepeople.com\/article\/raphael-maries-au-premier-regard-en-couple-photo-avec-sa-nouvelle-compagne_a385376\/1\" rel=\"nofollow noopener\" target=\"_blank\">trouv\u00e9 l&rsquo;amour<\/a> aupr\u00e8s d&rsquo;une femme \u00e0 qui il a dit \u00ab\u00a0oui\u00a0\u00bb en 2023 et avec laquelle il a eu deux enfants : <strong>Giulia<\/strong>, n\u00e9e en f\u00e9vrier 2021 et <strong>L\u00f9cia<\/strong>, qui a point\u00e9 le bout de son nez le 25 juillet dernier. Malheureusement, la naissance de la benjamine ne s&rsquo;est pas faite sans complication.<\/p>\n<p>En effet, sur les r\u00e9seaux sociaux, ses parents ont fait savoir que le b\u00e9b\u00e9 souffrait<strong> <\/strong><a href=\"https:\/\/www.purepeople.com\/article\/le-bebe-dun-candidat-de-maries-au-premier-regard-atteint-de-laparoschisis-les-chirurgiens-lont-pris-en-charge-des-sa-naissance_a541351\/1\" rel=\"nofollow noopener\" target=\"_blank\">d&rsquo;un laparoschisis<\/a>. \u00ab\u00a0<strong>Le laparoschisis est une malformation rare qui se forme t\u00f4t pendant la grossesse.<\/strong> Il s\u2019agit d\u2019une ouverture qui se cr\u00e9\u00e9e dans la paroi abdominale (souvent \u00e0 droite du nombril), laissant sortir les intestins (et d\u2019autres organes comme la vessie, l\u2019estomac\u2026) \u00e0 l\u2019ext\u00e9rieur du ventre, sans protection par le sac amniotique. La cause exacte est inconnue\u00a0\u00bb, d\u00e9taillait la compagne de Rapha\u00ebl en l\u00e9gende de sa publication, pr\u00e9cisant qu&rsquo;une \u00ab\u00a0<strong>prise en charge chirurgicale d\u00e8s la naissance est n\u00e9cessaire<\/strong>\u00ab\u00a0.<\/p>\n<p>Mais voil\u00e0, apr\u00e8s une op\u00e9ration, la peur, l&rsquo;incertitude et de nombreuses nuits pass\u00e9es \u00e0 l&rsquo;h\u00f4pital, la petite L\u00f9cia a enfin pu rentrer chez elle. \u00ab\u00a0<strong>Presque un mois d\u2019h\u00f4pital, et nous sommes enfin r\u00e9unis tous les quatre \u00e0 la maison.<\/strong> C\u2019est pass\u00e9 vite mais en m\u00eame temps \u00e7a nous a paru une \u00e9ternit\u00e9. Quel soulagement, apr\u00e8s un parcours sem\u00e9 de doutes, de larmes, d\u2019angoisses et de mille questions\u2026 Les montagnes russes\u2026\u00a0\u00bb, a annonc\u00e9 la maman. Cette derni\u00e8re en a \u00e9galement profit\u00e9 pour remercier le personnel soignant qui s&rsquo;est occup\u00e9 de sa fille tout ce temps.<\/p>\n<blockquote>\n<p>L\u00f9cia y est arriv\u00e9e<\/p>\n<\/blockquote>\n<p>\u00ab\u00a0\u00c7a n&rsquo;a pas \u00e9t\u00e9 facile tous les jours, mais nous y sommes arriv\u00e9s\u2026 enfin L\u00f9cia y est arriv\u00e9e. <strong>Aujourd\u2019hui, nous savourons simplement ce moment d\u2019\u00eatre enfin ensemble chez nous.<\/strong> On banalise trop vite ces moments simples bordel&#8230;\u00a0\u00bb, a-t-elle conclu.<\/p>\n","protected":false},"excerpt":{"rendered":"Par Liane Lazaar | R\u00e9dactrice Liane Lazaar est r\u00e9dactrice web rattach\u00e9e au p\u00f4le TV de Purepeople.com. Elle conna\u00eet&hellip;\n","protected":false},"author":2,"featured_media":343660,"comment_status":"","ping_status":"","sticky":false,"template":"","format":"standard","meta":{"footnotes":""},"categories":[1356],"tags":[58,59,1011,27,252,1364],"class_list":{"0":"post-343659","1":"post","2":"type-post","3":"status-publish","4":"format-standard","5":"has-post-thumbnail","7":"category-television","8":"tag-divertissement","9":"tag-entertainment","10":"tag-fr","11":"tag-france","12":"tag-television","13":"tag-tv"},"share_on_mastodon":{"url":"https:\/\/pubeurope.com\/@fr\/115091366978961075","error":""},"_links":{"self":[{"href":"https:\/\/www.europesays.com\/fr\/wp-json\/wp\/v2\/posts\/343659","targetHints":{"allow":["GET"]}}],"collection":[{"href":"https:\/\/www.europesays.com\/fr\/wp-json\/wp\/v2\/posts"}],"about":[{"href":"https:\/\/www.europesays.com\/fr\/wp-json\/wp\/v2\/types\/post"}],"author":[{"embeddable":true,"href":"https:\/\/www.europesays.com\/fr\/wp-json\/wp\/v2\/users\/2"}],"replies":[{"embeddable":true,"href":"https:\/\/www.europesays.com\/fr\/wp-json\/wp\/v2\/comments?post=343659"}],"version-history":[{"count":0,"href":"https:\/\/www.europesays.com\/fr\/wp-json\/wp\/v2\/posts\/343659\/revisions"}],"wp:featuredmedia":[{"embeddable":true,"href":"https:\/\/www.europesays.com\/fr\/wp-json\/wp\/v2\/media\/343660"}],"wp:attachment":[{"href":"https:\/\/www.europesays.com\/fr\/wp-json\/wp\/v2\/media?parent=343659"}],"wp:term":[{"taxonomy":"category","embeddable":true,"href":"https:\/\/www.europesays.com\/fr\/wp-json\/wp\/v2\/categories?post=343659"},{"taxonomy":"post_tag","embeddable":true,"href":"https:\/\/www.europesays.com\/fr\/wp-json\/wp\/v2\/tags?post=343659"}],"curies":[{"name":"wp","href":"https:\/\/api.w.org\/{rel}","templated":true}]}}