{"id":343661,"date":"2025-08-25T20:47:13","date_gmt":"2025-08-25T20:47:13","guid":{"rendered":"https:\/\/www.europesays.com\/fr\/343661\/"},"modified":"2025-08-25T20:47:13","modified_gmt":"2025-08-25T20:47:13","slug":"karan-katiyar-bloodywood-demonte-les-cliches-sur-linde","status":"publish","type":"post","link":"https:\/\/www.europesays.com\/fr\/343661\/","title":{"rendered":"Karan Katiyar (Bloodywood) d\u00e9monte les clich\u00e9s sur l\u2019Inde"},"content":{"rendered":"<p><strong>Le guitariste Karan Katiyar est r\u00e9cemment revenu sur les id\u00e9es re\u00e7ues concernant l\u2019Inde, rappelant que ses habitants ne sont ni des terroristes ni n\u00e9gligents en mati\u00e8re d\u2019hygi\u00e8ne, lors d\u2019un entretien accord\u00e9 \u00e0 <a href=\"https:\/\/www.loudersound.com\/bands-artists\/the-people-vs-bloodywood\" target=\"_blank\" rel=\"nofollow noopener\">Metal Hammer<\/a>.<\/strong><\/p>\n<p>Bloodywood d\u00e9monte les clich\u00e9s sur l\u2019Inde<\/p>\n<p>Invit\u00e9 \u00e0 r\u00e9agir sur les st\u00e9r\u00e9otypes entourant son pays, Karan Katiyar n\u2019a pas m\u00e2ch\u00e9 ses mots : \u201cLa pire id\u00e9e fausse que les gens ont des Indiens, c\u2019est qu\u2019ils sont des terroristes. Il n\u2019y a pas de groupes terroristes ni de sectes extr\u00e9mistes en Inde. Il y en a dans les pays voisins, et comme ces gens nous ressemblent, j\u2019imagine que c\u2019est de l\u00e0 que vient la confusion.\u201d<\/p>\n<p>Le guitariste a \u00e9galement tenu \u00e0 rectifier un autre pr\u00e9jug\u00e9 persistant : \u201cOn pense aussi que les Indiens ne sont pas propres. Ce n\u2019est pas vrai. Il y a des endroits o\u00f9 les rues sont sales, mais les gens ne le sont pas. En g\u00e9n\u00e9ral, nous nous lavons deux fois par jour et nous sommes tr\u00e8s attentifs \u00e0 la propret\u00e9 de nos cuisines et de nos maisons.\u201d Par ces propos, il cherche \u00e0 mettre en avant une r\u00e9alit\u00e9 plus juste de la culture indienne, loin des clich\u00e9s souvent v\u00e9hicul\u00e9s \u00e0 l\u2019\u00e9tranger.<\/p>\n<p>Un groupe en pleine ascension<\/p>\n<p>Ces d\u00e9clarations surviennent alors que <a href=\"https:\/\/www.metalzone.fr\/bloodywood\/\" rel=\"nofollow noopener\" target=\"_blank\">Bloodywood<\/a> continue d\u2019\u00e9largir son audience sur la sc\u00e8ne internationale. En mars dernier, le groupe a publi\u00e9 son deuxi\u00e8me album studio, Nu Delhi, port\u00e9 par des morceaux tels que <a href=\"https:\/\/www.metalzone.fr\/news\/209772-bloodywood-celebre-racines-nu-delhi-single-explosif\" target=\"_blank\" rel=\"noopener nofollow\">Tadka<\/a>, v\u00e9ritable hommage \u00e0 la cuisine indienne. L\u2019opus, qui fait suite \u00e0 Rakshak (2022), confirme l\u2019ambition de la formation de fusionner <a href=\"https:\/\/www.metalzone.fr\/heavy-metal\/\" rel=\"nofollow noopener\" target=\"_blank\">metal<\/a> et traditions locales.<\/p>\n<p>Dans la foul\u00e9e, la tourn\u00e9e europ\u00e9enne Return Of The Singh a men\u00e9 les musiciens en France, en Belgique et en Suisse. Ces concerts, qui ont rassembl\u00e9 un large public, ont t\u00e9moign\u00e9 de l\u2019enthousiasme croissant de la sc\u00e8ne francophone pour leur univers.<\/p><\/p>\n","protected":false},"excerpt":{"rendered":"Le guitariste Karan Katiyar est r\u00e9cemment revenu sur les id\u00e9es re\u00e7ues concernant l\u2019Inde, rappelant que ses habitants ne&hellip;\n","protected":false},"author":2,"featured_media":343662,"comment_status":"","ping_status":"","sticky":false,"template":"","format":"standard","meta":{"footnotes":""},"categories":[1355],"tags":[58,59,1011,27,1361,873],"class_list":{"0":"post-343661","1":"post","2":"type-post","3":"status-publish","4":"format-standard","5":"has-post-thumbnail","7":"category-musique","8":"tag-divertissement","9":"tag-entertainment","10":"tag-fr","11":"tag-france","12":"tag-music","13":"tag-musique"},"share_on_mastodon":{"url":"https:\/\/pubeurope.com\/@fr\/115091370365120548","error":""},"_links":{"self":[{"href":"https:\/\/www.europesays.com\/fr\/wp-json\/wp\/v2\/posts\/343661","targetHints":{"allow":["GET"]}}],"collection":[{"href":"https:\/\/www.europesays.com\/fr\/wp-json\/wp\/v2\/posts"}],"about":[{"href":"https:\/\/www.europesays.com\/fr\/wp-json\/wp\/v2\/types\/post"}],"author":[{"embeddable":true,"href":"https:\/\/www.europesays.com\/fr\/wp-json\/wp\/v2\/users\/2"}],"replies":[{"embeddable":true,"href":"https:\/\/www.europesays.com\/fr\/wp-json\/wp\/v2\/comments?post=343661"}],"version-history":[{"count":0,"href":"https:\/\/www.europesays.com\/fr\/wp-json\/wp\/v2\/posts\/343661\/revisions"}],"wp:featuredmedia":[{"embeddable":true,"href":"https:\/\/www.europesays.com\/fr\/wp-json\/wp\/v2\/media\/343662"}],"wp:attachment":[{"href":"https:\/\/www.europesays.com\/fr\/wp-json\/wp\/v2\/media?parent=343661"}],"wp:term":[{"taxonomy":"category","embeddable":true,"href":"https:\/\/www.europesays.com\/fr\/wp-json\/wp\/v2\/categories?post=343661"},{"taxonomy":"post_tag","embeddable":true,"href":"https:\/\/www.europesays.com\/fr\/wp-json\/wp\/v2\/tags?post=343661"}],"curies":[{"name":"wp","href":"https:\/\/api.w.org\/{rel}","templated":true}]}}