{"id":343663,"date":"2025-08-25T20:48:15","date_gmt":"2025-08-25T20:48:15","guid":{"rendered":"https:\/\/www.europesays.com\/fr\/343663\/"},"modified":"2025-08-25T20:48:15","modified_gmt":"2025-08-25T20:48:15","slug":"les-trois-freres-le-retour-film-2014","status":"publish","type":"post","link":"https:\/\/www.europesays.com\/fr\/343663\/","title":{"rendered":"Les Trois Fr\u00e8res : Le Retour &#8211; Film (2014)"},"content":{"rendered":"<p>Informations<\/p>\n<p class=\"default-2\">Des ann\u00e9es apr\u00e8s le d\u00e9c\u00e8s de leur m\u00e8re, les fr\u00e8res Latour sont \u00e0 nouveau r\u00e9unis par la d\u00e9funte. Chacun est \u00e0 une \u00e9tape difficile de sa vie : Bernard (Bernard Campan) est un com\u00e9dien rat\u00e9 ; Didier (Didier Bourbon) se fait passer pour un prof de philo alors qu&rsquo;il vend des sextoys par correspondance et Pascal (Pascal L\u00e9gitimus) vit aux crochets d&rsquo;un riche cougar. Accompagn\u00e9s de Sarah (Sofia Lesaffre), la fille de Bernard. A l&rsquo;ouverture du testament de leur m\u00e8re, ils s&rsquo;aper\u00e7oivent que leur m\u00e8re ne leur a laiss\u00e9 que des dettes. Ils tentent de se refaire une sant\u00e9 financi\u00e8re en se lan\u00e7ant dans le trafic de drogue. Mais on ne s&rsquo;improvise pas voyou&#8230;<\/p>\n<p>Langues et sous-titres<\/p>\n<p>Disponible sur certains \u00e9pisodes\/\u00e9missions<\/p>\n<p>Casting<\/p>\n<p class=\"default-2 text-secondary flex\">Didier Bourdon, Bernard Campan, Pascal L\u00e9gitimus, Christian Hecq, Antoine du Merle, Sofia Lesaffre, Daniel Russo,  Biyouna, Vivienne Vernes, Isabelle Coulombe<\/p>\n<p>R\u00e9alis\u00e9 par<\/p>\n<p class=\"default-2 text-secondary flex\">Didier Bourdon, Bernard Campan, Pascal L\u00e9gitimus<\/p>\n","protected":false},"excerpt":{"rendered":"Informations Des ann\u00e9es apr\u00e8s le d\u00e9c\u00e8s de leur m\u00e8re, les fr\u00e8res Latour sont \u00e0 nouveau r\u00e9unis par la&hellip;\n","protected":false},"author":2,"featured_media":343664,"comment_status":"","ping_status":"","sticky":false,"template":"","format":"standard","meta":{"footnotes":""},"categories":[1354],"tags":[58,59,1346,1011,27,47952,47958,47953,47959,1360,47955,47956,47957,47954,47960],"class_list":{"0":"post-343663","1":"post","2":"type-post","3":"status-publish","4":"format-standard","5":"has-post-thumbnail","7":"category-films","8":"tag-divertissement","9":"tag-entertainment","10":"tag-films","11":"tag-fr","12":"tag-france","13":"tag-les-trois-freres-le-retour-film-2014","14":"tag-les-trois-freres-le-retour-film-2014-streaming","15":"tag-les-trois-freres-le-retour-film-2014-tf1-series-films","16":"tag-les-trois-freres-le-retour-film-2014-tf1-series-films-streaming","17":"tag-movies","18":"tag-streaming-les-trois-freres-le-retour-film-2014","19":"tag-streaming-les-trois-freres-le-retour-film-2014-tf1-series-films","20":"tag-streaming-tf1-series-films-les-trois-freres-le-retour-film-2014","21":"tag-tf1-series-films-les-trois-freres-le-retour-film-2014","22":"tag-tf1-series-films-les-trois-freres-le-retour-film-2014-streaming"},"share_on_mastodon":{"url":"","error":"Validation failed: Text character limit of 500 exceeded"},"_links":{"self":[{"href":"https:\/\/www.europesays.com\/fr\/wp-json\/wp\/v2\/posts\/343663","targetHints":{"allow":["GET"]}}],"collection":[{"href":"https:\/\/www.europesays.com\/fr\/wp-json\/wp\/v2\/posts"}],"about":[{"href":"https:\/\/www.europesays.com\/fr\/wp-json\/wp\/v2\/types\/post"}],"author":[{"embeddable":true,"href":"https:\/\/www.europesays.com\/fr\/wp-json\/wp\/v2\/users\/2"}],"replies":[{"embeddable":true,"href":"https:\/\/www.europesays.com\/fr\/wp-json\/wp\/v2\/comments?post=343663"}],"version-history":[{"count":0,"href":"https:\/\/www.europesays.com\/fr\/wp-json\/wp\/v2\/posts\/343663\/revisions"}],"wp:featuredmedia":[{"embeddable":true,"href":"https:\/\/www.europesays.com\/fr\/wp-json\/wp\/v2\/media\/343664"}],"wp:attachment":[{"href":"https:\/\/www.europesays.com\/fr\/wp-json\/wp\/v2\/media?parent=343663"}],"wp:term":[{"taxonomy":"category","embeddable":true,"href":"https:\/\/www.europesays.com\/fr\/wp-json\/wp\/v2\/categories?post=343663"},{"taxonomy":"post_tag","embeddable":true,"href":"https:\/\/www.europesays.com\/fr\/wp-json\/wp\/v2\/tags?post=343663"}],"curies":[{"name":"wp","href":"https:\/\/api.w.org\/{rel}","templated":true}]}}