{"id":343665,"date":"2025-08-25T20:49:11","date_gmt":"2025-08-25T20:49:11","guid":{"rendered":"https:\/\/www.europesays.com\/fr\/343665\/"},"modified":"2025-08-25T20:49:11","modified_gmt":"2025-08-25T20:49:11","slug":"doubs-proliferation-du-moustique-tigre-tout-besancon-est-touche-lest-republicain","status":"publish","type":"post","link":"https:\/\/www.europesays.com\/fr\/343665\/","title":{"rendered":"Doubs. Prolif\u00e9ration du moustique tigre : tout Besan\u00e7on est touch\u00e9 &#8211; L&#039;Est R\u00e9publicain"},"content":{"rendered":"<ol>\n<li><a href=\"https:\/\/news.google.com\/rss\/articles\/CBMipwFBVV95cUxNZm02c0JUV0M1ZG5hSXQtbWIzTkxJQ2UzY0ZYNHZrVUJ5QWJkaFhtZ0thODRLRUZhT1ZXS1E3ckpuTDNCc01RNmhKRDVpWkgyX1RVU2Fhd1JySlBqdWNwMXl1NUR3VklTbmF5a05TZHJrZDM3LTJkSjZ3STc5ZE5kaWg0b1JrMWVRakd6aktYX3NKWG9TY1FwdzNCR0JEYjNRUnlCU2NSaw?oc=5\" target=\"_blank\" rel=\"noopener\">Doubs. Prolif\u00e9ration du moustique tigre : tout Besan\u00e7on est touch\u00e9<\/a>&nbsp;&nbsp;L&rsquo;Est R\u00e9publicain<\/li>\n<li><a href=\"https:\/\/news.google.com\/rss\/articles\/CBMi_wFBVV95cUxOaTA2QjFfSVFjR1BfUzhONFFOUmFxV0p1TnR6ZFRyZ3U3Y2xBSkJHd0lfdlNtenlLM3FhZ0hoWHo0TDVZdEl1UFF0T0x1R1R1R3lZay1TYWFVT3ZSZFMxSUdjdURXZWRCdW1tWFNQTkQ1RV9mWmZoSXo1aDk4ZGpiM2xjc1UzVFR5dTdnNG9kaC1DVkh6b3N4a0ZuXzU0YnlTSWNuRkpQYjFHUVRaRjR2OEVTV0RET25ZY1ZBOWtxd3U4VE4tdFhCa0JONmo0OWFyQWlNTUF6SzEyNHZwb2l4M3p5cDhyQUppXzUwM3czQUw1Y2ZiR1VSQ2lYeGFBbTA?oc=5\" target=\"_blank\" rel=\"noopener\">A Vitrolles, chasse au moustique-tigre dans le plus grand foyer de chikungunya de France m\u00e9tropolitaine<\/a>&nbsp;&nbsp;Le Monde.fr<\/li>\n<li><a href=\"https:\/\/news.google.com\/rss\/articles\/CBMipAFBVV95cUxPX3hyZUNNT20zWHNfVHNBaFpQVVJtT2tUMmFkd0FQTzJ3anJzdVZ2OFFxcl94dDF1SG00RHdXWW5kc0dwVVBQRXpmVzRpeXI5ZHJaWldGT2JZdXdqTEZ4MWdITS1IT1kyMGN3ODJlb2xoQ3Q3TDk5ZVJJNjljQVYyTUIyeUFOczY1T3FkZms0d09FWl9DNndtelZWNmd2eTZRc3c5Tg?oc=5\" target=\"_blank\" rel=\"noopener\">154 cas de chikungunya en France m\u00e9tropolitaine<\/a>&nbsp;&nbsp;BFMTV<\/li>\n<li><a href=\"https:\/\/news.google.com\/rss\/articles\/CBMi4AFBVV95cUxQR3dzLUhFYnJmeVRBbm5NTTlBc3pWZWNoZlFyelI4cjdFZmRMbG5JOW9pbG5UWkpuN2lfV2NpelpWd0NYdEJiaGNmUlRRN0FCOG9tbjRBa2hhZUhCWERTQTk0dWJGOTBpWVc0OXhfSHotSXdhRURMajZTUDBGenFxWmc2Uy1LOEJKb050R3JQSkE4VGxhUXdsWkJBMS04NVA2SzFzQkJTWU1tZ0xFRW1KdTQtTXBIbHVsUzluOHZINmM1WUtuVmgxWFFDYW8wVVVxMzg2bGFfTnNBeDEzbllLNQ?oc=5\" target=\"_blank\" rel=\"noopener\">Face au moustique tigre, un jardinier b\u00e9arnais innovant distribue un poisson d\u00e9voreur de larves<\/a>&nbsp;&nbsp;Sud Ouest<\/li>\n<li><a href=\"https:\/\/news.google.com\/rss\/articles\/CBMizgFBVV95cUxNaXRuaDUtZWo4a2Vob2pEWHFKazdvRWpZWEdVZFRfUEJxemFjX3BldVJWWlRJc2ZIdGlMS1d0TzRvWVAtYmh0RkpqZktFWmluRWo3eXpiZEI4amdtLU1pQlI4UndqSVdadC1jdlB1cmVfWG5rNG1TN2dYeHQzLWtlYjBILUoxMy10bVlvSi1PU0F2a19Od1dvYzU2MGxCdXhtU1paUnBjYUxiUlNtQjdkQ3pZVzlEbHk2NFk1WXExVzUzSUhqV19Ja1VtWTkyZw?oc=5\" target=\"_blank\" rel=\"noopener\">Conseils pour tenir les moustiques \u00e0 distance<\/a>&nbsp;&nbsp;National Geographic<\/li>\n<\/ol>\n","protected":false},"excerpt":{"rendered":"Doubs. Prolif\u00e9ration du moustique tigre : tout Besan\u00e7on est touch\u00e9&nbsp;&nbsp;L&rsquo;Est R\u00e9publicain A Vitrolles, chasse au moustique-tigre dans le&hellip;\n","protected":false},"author":2,"featured_media":343666,"comment_status":"","ping_status":"","sticky":false,"template":"","format":"standard","meta":{"footnotes":""},"categories":[10],"tags":[10112,14382,14383,1011,27,72,71,4604],"class_list":{"0":"post-343665","1":"post","2":"type-post","3":"status-publish","4":"format-standard","5":"has-post-thumbnail","7":"category-sante","8":"tag-besancon","9":"tag-besancon-ville-25a","10":"tag-edition-besancon","11":"tag-fr","12":"tag-france","13":"tag-health","14":"tag-sante","15":"tag-selection-abonne"},"share_on_mastodon":{"url":"https:\/\/pubeurope.com\/@fr\/115091379337590886","error":""},"_links":{"self":[{"href":"https:\/\/www.europesays.com\/fr\/wp-json\/wp\/v2\/posts\/343665","targetHints":{"allow":["GET"]}}],"collection":[{"href":"https:\/\/www.europesays.com\/fr\/wp-json\/wp\/v2\/posts"}],"about":[{"href":"https:\/\/www.europesays.com\/fr\/wp-json\/wp\/v2\/types\/post"}],"author":[{"embeddable":true,"href":"https:\/\/www.europesays.com\/fr\/wp-json\/wp\/v2\/users\/2"}],"replies":[{"embeddable":true,"href":"https:\/\/www.europesays.com\/fr\/wp-json\/wp\/v2\/comments?post=343665"}],"version-history":[{"count":0,"href":"https:\/\/www.europesays.com\/fr\/wp-json\/wp\/v2\/posts\/343665\/revisions"}],"wp:featuredmedia":[{"embeddable":true,"href":"https:\/\/www.europesays.com\/fr\/wp-json\/wp\/v2\/media\/343666"}],"wp:attachment":[{"href":"https:\/\/www.europesays.com\/fr\/wp-json\/wp\/v2\/media?parent=343665"}],"wp:term":[{"taxonomy":"category","embeddable":true,"href":"https:\/\/www.europesays.com\/fr\/wp-json\/wp\/v2\/categories?post=343665"},{"taxonomy":"post_tag","embeddable":true,"href":"https:\/\/www.europesays.com\/fr\/wp-json\/wp\/v2\/tags?post=343665"}],"curies":[{"name":"wp","href":"https:\/\/api.w.org\/{rel}","templated":true}]}}