{"id":343667,"date":"2025-08-25T20:50:11","date_gmt":"2025-08-25T20:50:11","guid":{"rendered":"https:\/\/www.europesays.com\/fr\/343667\/"},"modified":"2025-08-25T20:50:11","modified_gmt":"2025-08-25T20:50:11","slug":"lom-met-le-feu-au-mercato-city-ecoeure-le-psg-pour-donnarumma-le-rc-lens-degraisse","status":"publish","type":"post","link":"https:\/\/www.europesays.com\/fr\/343667\/","title":{"rendered":"l\u2019OM met le feu au mercato, City \u00e9c\u0153ure le PSG pour Donnarumma, le RC Lens d\u00e9graisse"},"content":{"rendered":"<p><strong>Si vous n\u2019avez pas eu le temps de suivre l\u2019actualit\u00e9 du jour, But! Football Club r\u00e9capitule pour vous les informations importantes de ce lundi 25 ao\u00fbt 2025.<\/strong><\/p>\n<p>La grosse info : Ceballos, Palmieri, Traor\u00e9\u2026 l\u2019OM tire dans tous les sens !<\/p>\n<p>Que de rumeurs mercato, ce lundi, concernant l\u2019OM ! Le milieu offensif du Real Madrid Dani Ceballos pourrait d\u00e9barquer, de m\u00eame que le lat\u00e9ral gauche de West Ham Emerson Palmieri ou le milieu de Bournemouh Hamed Juniort Traor\u00e9. Dans le sens des d\u00e9parts, Faris Moumbagna va \u00eatre pr\u00eat\u00e9 \u00e0 la Cremonese.<\/p>\n<p><a href=\"https:\/\/www.butfootballclub.fr\/ligue-1\/om\/om-longoria-et-benatia-font-connaitre-leur-position-pour-la-reintegration-dadrien-rabiot\/\" rel=\"noreferrer noopener\" target=\"_blank\">OM : Longoria et Benatia font conna\u00eetre leur position pour la r\u00e9int\u00e9gration d\u2019Adrien Rabiot<\/a><\/p>\n<p><a href=\"https:\/\/www.butfootballclub.fr\/ligue-1\/om\/om-mercato-marseille-a-trouve-le-remplacant-de-rabiot-au-real-madrid\/\" rel=\"noreferrer noopener\" target=\"_blank\">OM Mercato : Marseille a trouv\u00e9 le rempla\u00e7ant de Rabiot au Real Madrid !<\/a><\/p>\n<p><a href=\"https:\/\/www.butfootballclub.fr\/ligue-1\/om\/om-mercato-dani-ceballos-a-deja-donne-sa-reponse-a-marseille\/\" rel=\"noreferrer noopener\" target=\"_blank\">OM Mercato : Dani Ceballos a d\u00e9j\u00e0 donn\u00e9 sa r\u00e9ponse \u00e0 Marseille<\/a><\/p>\n<p><a href=\"https:\/\/www.butfootballclub.fr\/ligue-1\/om\/om-mercato-grosse-nouvelle-pour-lavenir-de-bilal-nadir\/\" rel=\"noreferrer noopener\" target=\"_blank\">OM Mercato : grosse nouvelle pour l\u2019avenir de Bilal Nadir<\/a><\/p>\n<p><a href=\"https:\/\/www.butfootballclub.fr\/ligue-1\/om\/om-mercato-un-ancien-de-lol-pour-le-poste-de-lateral-gauche-les-supporters-divises\/\" rel=\"noreferrer noopener\" target=\"_blank\">OM Mercato : un ancien de l\u2019OL pour le poste de lat\u00e9ral gauche, les supporters divis\u00e9s<\/a><\/p>\n<p><a href=\"https:\/\/www.butfootballclub.fr\/ligue-1\/om\/om-mercato-la-piste-junior-traore-bournemouth-relancee\/\" rel=\"noreferrer noopener\" target=\"_blank\">OM Mercato : la piste Junior Traor\u00e9 (Bournemouth) relanc\u00e9e !<\/a><\/p>\n<p><a href=\"https:\/\/www.butfootballclub.fr\/ligue-1\/om\/om-mercato-moumbagna-va-tenter-de-se-relancer-dans-le-calcio\/\" rel=\"noreferrer noopener\" target=\"_blank\">OM Mercato : Moumbagna va tenter de se relancer dans le Calcio !<\/a><\/p>\n<p>Mais aussi\u2026<\/p>\n<p>En cette fin de mercato, alors que l\u2019effectif est quasiment au complet, l\u2019ASSE s\u2019attache surtout \u00e0 conserver ses meilleurs joueurs, cibles d\u2019offres int\u00e9ressantes.<\/p>\n<p><a href=\"https:\/\/www.butfootballclub.fr\/ligue-2\/asse\/asse-mercato-les-verts-ont-refuse-une-tres-grosse-offre-pour-lune-de-leurs-pepites\/\" rel=\"noreferrer noopener\" target=\"_blank\">ASSE Mercato : les Verts ont refus\u00e9 une tr\u00e8s grosse offre pour l\u2019une de leurs p\u00e9pites !<\/a><\/p>\n<p><a href=\"https:\/\/www.butfootballclub.fr\/ligue-2\/asse\/asse-mercato-un-club-de-ligue-1-fonce-sur-lucas-stassin\/\" rel=\"noreferrer noopener\" target=\"_blank\">ASSE Mercato : un club de Ligue 1 fonce sur Lucas Stassin<\/a><\/p>\n<p><a href=\"https:\/\/www.butfootballclub.fr\/ligue-2\/asse\/asse-mercato-le-remplacant-de-benjamin-bouchouari-deniche-en-ligue-2\/\" rel=\"noreferrer noopener\" target=\"_blank\">ASSE Mercato : le rempla\u00e7ant de Benjamin Bouchouari d\u00e9nich\u00e9 en Ligue 2 ?<\/a><\/p>\n<p><a href=\"https:\/\/www.butfootballclub.fr\/ligue-2\/asse\/asse-mercato-la-nouvelle-sortie-de-lucas-stassin-sur-son-avenir\/\" rel=\"noreferrer noopener\" target=\"_blank\">ASSE Mercato : la nouvelle sortie de Lucas Stassin sur son avenir<\/a><\/p>\n<p>Manchester City aurait fait une premi\u00e8re offre au PSG pour Gianluigi Donnarumma et elle serait tr\u00e8s loin des attentes parisiennes (50 M\u20ac).<\/p>\n<p><a href=\"https:\/\/www.butfootballclub.fr\/ligue-1\/psg\/psg-mercato-kang-in-lee-en-route-pour-madrid\/\" rel=\"noreferrer noopener\" target=\"_blank\">PSG Mercato\u00a0: Kang-In Lee pla\u00eet \u00e0 Madrid, Akliouche relanc\u00e9 par Paris ?<\/a><\/p>\n<p><a href=\"https:\/\/www.butfootballclub.fr\/ligue-1\/psg\/psg-mercato-apres-sanches-le-panathinaikos-pourrait-accueillir-un-autre-parisien\/\" rel=\"noreferrer noopener\" target=\"_blank\">PSG Mercato : apr\u00e8s Sanches, le Panathina\u00efkos pourrait accueillir un autre Parisien<\/a><\/p>\n<p><a href=\"https:\/\/www.butfootballclub.fr\/ligue-1\/psg\/psg-mercato-une-premiere-offre-scandaleuse-de-city-pour-donnarumma\/\" rel=\"noreferrer noopener\" target=\"_blank\">PSG Mercato : une premi\u00e8re offre scandaleuse de City pour Donnarumma<\/a><\/p>\n<p><a href=\"https:\/\/www.butfootballclub.fr\/ligue-1\/psg\/psg-mercato-avant-donnarumma-paris-regle-le-dossier-tenas\/\" rel=\"noreferrer noopener\" target=\"_blank\">PSG Mercato : avant Donnarumma, Paris r\u00e8gle le dossier Tenas<\/a><\/p>\n<p>Les Canaris l\u2019ont mauvaise de s\u2019\u00eatre inclin\u00e9s \u00e0 la Meinau alors qu\u2019ils se sont procur\u00e9s plusieurs grosses occasions et n\u2019ont c\u00e9d\u00e9 qu\u2019en fin de rencontre.<\/p>\n<p><a href=\"https:\/\/www.butfootballclub.fr\/ligue-1\/fc-nantes\/fc-nantes-degout-frustration-le-vestiaire-nantais-a-mal-digere-la-defaite-a-strasbourg\/\" rel=\"noreferrer noopener\" target=\"_blank\">FC Nantes : d\u00e9go\u00fbt, frustration\u2026 le vestiaire nantais a mal dig\u00e9r\u00e9 la d\u00e9faite \u00e0 Strasbourg<\/a><\/p>\n<p>Comme c\u2019est devenu la norme, il n\u2019y aura pas de supporters marseillais au Groupama Stadium dimanche pour l\u2019Olympico. Un Olympico que devrait disputer Malick Fofana.<\/p>\n<p><a href=\"https:\/\/www.butfootballclub.fr\/ligue-1\/om\/ol-om-la-sentence-est-tombee-pour-le-deplacement-des-supporters-marseillais-a-lyon\/\" rel=\"noreferrer noopener\" target=\"_blank\">OL \u2013 OM : la sentence est tomb\u00e9e pour le d\u00e9placement des supporters marseillais \u00e0 Lyon<\/a><\/p>\n<p><a href=\"https:\/\/www.butfootballclub.fr\/ligue-1\/ol\/ol-mercato-une-tendance-se-dessine-pour-lavenir-de-malick-fofana\/\" rel=\"noreferrer noopener\" target=\"_blank\">OL Mercato : une tendance se dessine pour l\u2019avenir de Malick Fofana<\/a><\/p>\n<p>Voici l\u2019actualit\u00e9 des clubs fran\u00e7ais moins m\u00e9diatis\u00e9s en ce lundi 25 ao\u00fbt 2025.<\/p>\n<p><a href=\"https:\/\/www.butfootballclub.fr\/ligue-1\/revue-de-presse-las-monaco-scelle-lavenir-de-maghnes-akliouche\/\" rel=\"noreferrer noopener\" target=\"_blank\">Revue de presse : l\u2019AS Monaco scelle l\u2019avenir de Maghnes Akliouche<\/a><\/p>\n<p>Le LOSC a relanc\u00e9 les Rangers pour Hamza Igamane, qui a refus\u00e9 d\u2019entrer en jeu dimanche.<\/p>\n<p><a href=\"https:\/\/www.butfootballclub.fr\/ligue-1\/losc\/losc-giroud-revient-sur-son-gros-rate-face-a-monaco-et-son-retour-en-equipe-de-france\/\" rel=\"noreferrer noopener\" target=\"_blank\">LOSC : Giroud revient sur son gros rat\u00e9 face \u00e0 Monaco et r\u00e9pond \u00e0 un retour en \u00e9quipe de France<\/a><\/p>\n<p><a href=\"https:\/\/www.butfootballclub.fr\/ligue-1\/losc\/losc-mercato-cible-par-lille-hamza-igamane-suscite-la-polemique-apres-son-refus-de-jouer\/\" rel=\"noreferrer noopener\" target=\"_blank\">LOSC Mercato : cibl\u00e9 par Lille, Hamza Igamane suscite la pol\u00e9mique apr\u00e8s son refus de jouer<\/a><\/p>\n<p><a href=\"https:\/\/www.butfootballclub.fr\/ligue-1\/losc\/losc-mercato-les-dogues-ont-relance-les-rangers-pour-igamane\/\" rel=\"noreferrer noopener\" target=\"_blank\">LOSC Mercato : les Dogues ont relanc\u00e9 les Rangers pour Igamane<\/a><\/p>\n<p>L\u2019op\u00e9ration d\u00e9graissage est men\u00e9e \u00e0 grand train au Racing puisque quatre joueurs sont partis ou sont sur le point de le faire.<\/p>\n<p><a href=\"https:\/\/www.butfootballclub.fr\/ligue-1\/rc-lens\/rc-lens-pierre-sage-reste-tres-mitige-malgre-la-victoire-face-au-havre\/\" rel=\"noreferrer noopener\" target=\"_blank\">RC Lens : Pierre Sage reste tr\u00e8s mitig\u00e9 malgr\u00e9 la victoire face au Havre<\/a><\/p>\n<p><a href=\"https:\/\/www.butfootballclub.fr\/ligue-1\/rc-lens\/rc-lens-mercato-lens-prete-un-attaquant-en-ligue-1-officiel\/\" rel=\"noreferrer noopener\" target=\"_blank\">RC Lens Mercato : Lens pr\u00eate un attaquant en Ligue 1 (officiel)<\/a><\/p>\n<p><a href=\"https:\/\/www.butfootballclub.fr\/ligue-1\/rc-lens\/rc-lens-mercato-vers-un-nouveau-renfort-en-defense-centrale\/\" rel=\"noreferrer noopener\" target=\"_blank\">RC Lens Mercato : vers un nouveau renfort en d\u00e9fense centrale ?<\/a><\/p>\n<p><a href=\"https:\/\/www.butfootballclub.fr\/ligue-1\/rc-lens\/rc-lens-mercato-le-flop-agbonifo-a-trouve-une-belle-porte-de-sortie\/\" rel=\"noreferrer noopener\" target=\"_blank\">RC Lens Mercato : le flop Agbonifo a trouv\u00e9 une belle porte de sortie<\/a><\/p>\n<p><a href=\"https:\/\/www.butfootballclub.fr\/ligue-1\/rc-lens\/rc-lens-mercato-cest-officiel-pour-agbonifo\/\" rel=\"noreferrer noopener\" target=\"_blank\">RC Lens Mercato : c\u2019est officiel pour Agbonifo<\/a><\/p>\n<p><a href=\"https:\/\/www.butfootballclub.fr\/ligue-1\/rc-lens\/rc-lens-mercato-nouveau-tour-de-force-de-leca-cette-fois-avec-fulgini\/\" rel=\"noreferrer noopener\" target=\"_blank\">RC Lens Mercato : nouveau tour de force de Leca, cette fois avec Fulgini<\/a><\/p>\n<p>Les Rouge et Noir continuent de n\u00e9gocier avec Angers pour Est\u00e9ban Lepaul mais ils lorgneraient d\u00e9sormais une priorit\u00e9 du RC Lens !<\/p>\n<p><a href=\"https:\/\/www.butfootballclub.fr\/ligue-1\/stade-rennais\/stade-rennais-mercato-coup-de-theatre-pour-le-remplacant-darnaud-kalimuendo\/\" rel=\"noreferrer noopener\" target=\"_blank\">Stade Rennais Mercato : coup de th\u00e9\u00e2tre pour le rempla\u00e7ant d\u2019Arnaud Kalimuendo<\/a><\/p>\n<p><a href=\"https:\/\/www.butfootballclub.fr\/ligue-1\/stade-rennais\/stade-rennais-mercato-nouveaux-rebondissements-pour-lepaul\/\" rel=\"noreferrer noopener\" target=\"_blank\">Stade Rennais Mercato : nouveaux rebondissements pour Lepaul !<\/a><\/p>\n<p><a href=\"https:\/\/www.butfootballclub.fr\/ligue-1\/stade-rennais\/stade-rennais-mercato-harder-a-milan-le-srfc-veut-detourner-sinayoko-du-rc-lens\/\" rel=\"noreferrer noopener\" target=\"_blank\">Stade Rennais Mercato : Harder \u00e0 Milan, le SRFC veut d\u00e9tourner Sinayoko du RC Lens !<\/a><\/p>\n<p>Voici les Unes des quotidiens sportifs espagnols en ce lundi 25 ao\u00fbt 2025.<\/p>\n<p><a href=\"https:\/\/www.butfootballclub.fr\/liga\/revue-de-presse-espagnole-kylian-mbappe-real-madrid-encense-apres-son-double-contre-oviedo\/\" rel=\"noreferrer noopener\" target=\"_blank\">Revue de presse espagnole : Kylian Mbapp\u00e9 (Real Madrid) encens\u00e9 apr\u00e8s son doubl\u00e9 contre Oviedo<\/a><\/p>\n<p>Les Blaugranas ont eu droit \u00e0 un communiqu\u00e9 cinglant de l\u2019associant pour son partenariat avec la R\u00e9publique D\u00e9mocratique du Congo.<\/p>\n<p><a href=\"https:\/\/www.butfootballclub.fr\/liga\/fc-barcelone\/fc-barcelone-amnesty-international-reprend-de-volee-les-blaugranas\/\" rel=\"noreferrer noopener\" target=\"_blank\">FC Barcelone : Amnesty International reprend de vol\u00e9e les Blaugranas<\/a><\/p>\n","protected":false},"excerpt":{"rendered":"Si vous n\u2019avez pas eu le temps de suivre l\u2019actualit\u00e9 du jour, But! Football Club r\u00e9capitule pour vous&hellip;\n","protected":false},"author":2,"featured_media":343668,"comment_status":"","ping_status":"","sticky":false,"template":"","format":"standard","meta":{"footnotes":""},"categories":[9],"tags":[11,448,63,1011,27,66,3388,12,60,10662],"class_list":{"0":"post-343667","1":"post","2":"type-post","3":"status-publish","4":"format-standard","5":"has-post-thumbnail","7":"category-sports","8":"tag-actualites","9":"tag-champions-league","10":"tag-football","11":"tag-fr","12":"tag-france","13":"tag-ligue-1","14":"tag-matchs","15":"tag-news","16":"tag-sports","17":"tag-transferts"},"share_on_mastodon":{"url":"https:\/\/pubeurope.com\/@fr\/115091382130933035","error":""},"_links":{"self":[{"href":"https:\/\/www.europesays.com\/fr\/wp-json\/wp\/v2\/posts\/343667","targetHints":{"allow":["GET"]}}],"collection":[{"href":"https:\/\/www.europesays.com\/fr\/wp-json\/wp\/v2\/posts"}],"about":[{"href":"https:\/\/www.europesays.com\/fr\/wp-json\/wp\/v2\/types\/post"}],"author":[{"embeddable":true,"href":"https:\/\/www.europesays.com\/fr\/wp-json\/wp\/v2\/users\/2"}],"replies":[{"embeddable":true,"href":"https:\/\/www.europesays.com\/fr\/wp-json\/wp\/v2\/comments?post=343667"}],"version-history":[{"count":0,"href":"https:\/\/www.europesays.com\/fr\/wp-json\/wp\/v2\/posts\/343667\/revisions"}],"wp:featuredmedia":[{"embeddable":true,"href":"https:\/\/www.europesays.com\/fr\/wp-json\/wp\/v2\/media\/343668"}],"wp:attachment":[{"href":"https:\/\/www.europesays.com\/fr\/wp-json\/wp\/v2\/media?parent=343667"}],"wp:term":[{"taxonomy":"category","embeddable":true,"href":"https:\/\/www.europesays.com\/fr\/wp-json\/wp\/v2\/categories?post=343667"},{"taxonomy":"post_tag","embeddable":true,"href":"https:\/\/www.europesays.com\/fr\/wp-json\/wp\/v2\/tags?post=343667"}],"curies":[{"name":"wp","href":"https:\/\/api.w.org\/{rel}","templated":true}]}}