{"id":343674,"date":"2025-08-25T20:54:11","date_gmt":"2025-08-25T20:54:11","guid":{"rendered":"https:\/\/www.europesays.com\/fr\/343674\/"},"modified":"2025-08-25T20:54:11","modified_gmt":"2025-08-25T20:54:11","slug":"la-russie-revendique-la-prise-dune-nouvelle-localite-la-pologne-naidera-plus-les-refugies","status":"publish","type":"post","link":"https:\/\/www.europesays.com\/fr\/343674\/","title":{"rendered":"La Russie revendique la prise d\u2019une nouvelle localit\u00e9, la Pologne n\u2019aidera plus les r\u00e9fugi\u00e9s"},"content":{"rendered":"<p>Vous avez rat\u00e9 les derniers \u00e9v\u00e9nements sur la <a href=\"https:\/\/www.20minutes.fr\/monde\/ukraine\/\" class=\"c-link c-link--is-underlined\" target=\"_blank\" rel=\"noopener\">guerre en Ukraine<\/a>\u00a0? 20 Minutes fait le point pour vous tous les soirs. Voici l\u2019essentiel de ce lundi 25\u00a0ao\u00fbt, 1.279e jour du conflit.<\/p>\n<p>Le fait du jour<\/p>\n<p>Le nouveau pr\u00e9sident nationaliste polonais Karol Nawrocki a mis lundi son veto \u00e0 un projet de loi prolongeant les aides aux r\u00e9fugi\u00e9s ukrainiens vivant en <a href=\"https:\/\/www.20minutes.fr\/dossier\/pologne\" class=\"c-link c-link--is-underlined\" target=\"_blank\" rel=\"noopener\">Pologne<\/a>, proposant de les limiter aux Ukrainiens ayant un emploi. Ces aides \u00ab\u00a0devraient \u00eatre r\u00e9serv\u00e9es uniquement aux Ukrainiens qui s\u2019appliquent \u00e0 travailler en Pologne\u00a0\u00bb, a-t-il d\u00e9clar\u00e9 \u00e0 la presse, ajoutant qu\u2019il \u00ab\u00a0ne changerait pas d\u2019avis\u00a0\u00bb.<\/p>\n<p>Selon lui, les r\u00e9fugi\u00e9s ukrainiens ne travaillant pas en Pologne ne devraient plus b\u00e9n\u00e9ficier de la couverture m\u00e9dicale gratuite, \u00ab\u00a0car cela nous place dans une situation o\u00f9 les citoyens polonais, dans leur propre pays, sont trait\u00e9s moins bien que nos invit\u00e9s ukrainiens\u00a0\u00bb.<\/p>\n<p>Ce veto a \u00e9t\u00e9 fermement condamn\u00e9 par le gouvernement pro-europ\u00e9en de <a href=\"https:\/\/www.20minutes.fr\/monde\/donald-tusk\/\" class=\"c-link c-link--is-underlined\" target=\"_blank\" rel=\"noopener\">Donald Tusk<\/a>. \u00ab\u00a0On ne peut pas punir pour une perte d\u2019emploi &#8211; surtout pas les enfants innocents. C\u2019est l\u2019ABC de la d\u00e9cence humaine\u00a0\u00bb, a d\u00e9clar\u00e9 sur X la ministre du Travail Agnieszka Dziemianowicz-Bak.<\/p>\n<p>Le projet de loi, propos\u00e9 par le gouvernement pro-europ\u00e9en et adopt\u00e9 par le Parlement, pr\u00e9voyait le prolongement des aides dont b\u00e9n\u00e9ficient les enfants des r\u00e9fugi\u00e9s ukrainiens. La loi actuelle expire fin septembre et la nouvelle devait prolonger ces aides jusqu\u2019en mars\u00a02026.<\/p>\n<\/p>\n<p>La d\u00e9claration du jour<\/p>\n<blockquote class=\"mx-m@xs mx-xxl@md color-ultramarine c-citation\">\n<p class=\"font-weight-regular@xs text-italic font-source-serif-pro text-l@xs c-citation__content\">\u00ab\u00a0Une honte et une insulte au sacrifice des acteurs et cin\u00e9astes ukrainiens qui ont \u00e9t\u00e9 tu\u00e9s ou bless\u00e9s par des criminels de guerre russes.\u00a0\u00bb<\/p>\n<\/blockquote>\n<p><a href=\"https:\/\/www.20minutes.fr\/dossier\/woody_allen\" class=\"c-link c-link--is-underlined\" target=\"_blank\" rel=\"noopener\">Woody Allen<\/a>, \u00e2g\u00e9 de 89 ans et r\u00e9pudi\u00e9 par une grande partie de son industrie en raison d\u2019accusations d\u2019agression sexuelle contre sa fille adoptive, s\u2019est exprim\u00e9 dimanche lors d\u2019un \u00e9v\u00e9nement en ligne de la Semaine du film international de <a href=\"https:\/\/www.20minutes.fr\/monde\/moscou\/\" class=\"c-link c-link--is-underlined\" target=\"_blank\" rel=\"noopener\">Moscou<\/a>.<\/p>\n<p>Le minist\u00e8re ukrainien des Affaires \u00e9trang\u00e8res a estim\u00e9 que sa participation constituait \u00ab\u00a0une honte et une insulte au sacrifice des acteurs et cin\u00e9astes ukrainiens qui ont \u00e9t\u00e9 tu\u00e9s ou bless\u00e9s par des criminels de guerre russes\u00a0\u00bb.<\/p>\n<p>Woody Allen \u00ab\u00a0choisit de fermer les yeux sur les atrocit\u00e9s que la <a href=\"https:\/\/www.20minutes.fr\/monde\/russie\/\" class=\"c-link c-link--is-underlined\" target=\"_blank\" rel=\"noopener\">Russie<\/a> commet en Ukraine\u00a0\u00bb, a d\u00e9nonc\u00e9 le minist\u00e8re, estimant que la culture ne devait jamais \u00ab\u00a0\u00eatre utilis\u00e9e pour blanchir des crimes\u00a0\u00bb.<\/p>\n<p>La tendance<\/p>\n<p>L\u2019arm\u00e9e russe a revendiqu\u00e9 lundi la prise d\u2019une nouvelle localit\u00e9 dans la r\u00e9gion de Dnipropetrovsk, territoire du centre-est de l\u2019Ukraine o\u00f9 elle a p\u00e9n\u00e9tr\u00e9 pour la premi\u00e8re fois en juillet. Selon le rapport quotidien du minist\u00e8re russe de la D\u00e9fense, ses troupes ont captur\u00e9 le village de Zaporizk\u00e9, situ\u00e9 \u00e0 une vingtaine de kilom\u00e8tres \u00e0 l\u2019ouest de la ville de Velyka Novossylka sous contr\u00f4le russe depuis janvier.<\/p>\n<p>Alors que la Russie continue \u00e0 avancer sur le front ukrainien, <a href=\"https:\/\/www.20minutes.fr\/dossier\/donald_trump\" class=\"c-link c-link--is-underlined\" target=\"_blank\" rel=\"noopener\">Donald Trump<\/a> a r\u00e9pondu par l\u2019affirmative lundi lorsqu\u2019une journaliste lui a demand\u00e9 s\u2019il avait parl\u00e9 \u00e0 <a href=\"https:\/\/www.20minutes.fr\/monde\/vladimir_poutine\/\" class=\"c-link c-link--is-underlined\" target=\"_blank\" rel=\"noopener\">Vladimir Poutine<\/a> depuis son sommet \u00e0 la Maison-Blanche il y a une semaine avec <a href=\"https:\/\/www.20minutes.fr\/monde\/volodymyr-zelensky\/\" class=\"c-link c-link--is-underlined\" target=\"_blank\" rel=\"noopener\">Volodymyr Zelensky<\/a> et plusieurs dirigeants europ\u00e9ens. \u00ab\u00a0Je crois que nous allons mettre fin \u00e0 la guerre\u00a0\u00bb a dit le pr\u00e9sident am\u00e9ricain, sans donner plus de pr\u00e9cisions et alors que son projet de r\u00e9unir les pr\u00e9sidents russe et ukrainien autour d\u2019une m\u00eame table semble dans l\u2019impasse.<\/p>\n","protected":false},"excerpt":{"rendered":"Vous avez rat\u00e9 les derniers \u00e9v\u00e9nements sur la guerre en Ukraine\u00a0? 20 Minutes fait le point pour vous&hellip;\n","protected":false},"author":2,"featured_media":343675,"comment_status":"","ping_status":"","sticky":false,"template":"","format":"standard","meta":{"footnotes":""},"categories":[5],"tags":[47,11,1813,19429,1011,27,131,14,78,74,1916,12,2437,8013,132,2049,135,134,47949,28],"class_list":{"0":"post-343674","1":"post","2":"type-post","3":"status-publish","4":"format-standard","5":"has-post-thumbnail","7":"category-international","8":"tag-actualite","9":"tag-actualites","10":"tag-armee","11":"tag-donald-tusk","12":"tag-fr","13":"tag-france","14":"tag-guerre-en-ukraine","15":"tag-international","16":"tag-maison-blanche","17":"tag-monde","18":"tag-moscou","19":"tag-news","20":"tag-pologne","21":"tag-russe","22":"tag-russie","23":"tag-soldat","24":"tag-vladimir-poutine","25":"tag-volodymyr-zelensky","26":"tag-woody-allen","27":"tag-world"},"share_on_mastodon":{"url":"https:\/\/pubeurope.com\/@fr\/115091397891130825","error":""},"_links":{"self":[{"href":"https:\/\/www.europesays.com\/fr\/wp-json\/wp\/v2\/posts\/343674","targetHints":{"allow":["GET"]}}],"collection":[{"href":"https:\/\/www.europesays.com\/fr\/wp-json\/wp\/v2\/posts"}],"about":[{"href":"https:\/\/www.europesays.com\/fr\/wp-json\/wp\/v2\/types\/post"}],"author":[{"embeddable":true,"href":"https:\/\/www.europesays.com\/fr\/wp-json\/wp\/v2\/users\/2"}],"replies":[{"embeddable":true,"href":"https:\/\/www.europesays.com\/fr\/wp-json\/wp\/v2\/comments?post=343674"}],"version-history":[{"count":0,"href":"https:\/\/www.europesays.com\/fr\/wp-json\/wp\/v2\/posts\/343674\/revisions"}],"wp:featuredmedia":[{"embeddable":true,"href":"https:\/\/www.europesays.com\/fr\/wp-json\/wp\/v2\/media\/343675"}],"wp:attachment":[{"href":"https:\/\/www.europesays.com\/fr\/wp-json\/wp\/v2\/media?parent=343674"}],"wp:term":[{"taxonomy":"category","embeddable":true,"href":"https:\/\/www.europesays.com\/fr\/wp-json\/wp\/v2\/categories?post=343674"},{"taxonomy":"post_tag","embeddable":true,"href":"https:\/\/www.europesays.com\/fr\/wp-json\/wp\/v2\/tags?post=343674"}],"curies":[{"name":"wp","href":"https:\/\/api.w.org\/{rel}","templated":true}]}}