{"id":343676,"date":"2025-08-25T20:55:11","date_gmt":"2025-08-25T20:55:11","guid":{"rendered":"https:\/\/www.europesays.com\/fr\/343676\/"},"modified":"2025-08-25T20:55:11","modified_gmt":"2025-08-25T20:55:11","slug":"apres-lannonce-du-vote-de-confiance-par-francois-bayrou-lintersyndicale-revoit-son-calendrier-liberation","status":"publish","type":"post","link":"https:\/\/www.europesays.com\/fr\/343676\/","title":{"rendered":"Apr\u00e8s l\u2019annonce du vote de confiance par Fran\u00e7ois Bayrou, l\u2019intersyndicale revoit son calendrier \u2013 Lib\u00e9ration"},"content":{"rendered":"<p class=\"sc-ksZaOG ehjQrN text-element\">Effet Sixi\u00e8me Sens \u00e0 la CFDT ce mardi 26 ao\u00fbt \u00e0 Boissy-la-Rivi\u00e8re (Essonne), o\u00f9 le syndicat organise un \u00ab\u00e9v\u00e9nement de rentr\u00e9e\u00bb consacr\u00e9 au travail. \u00abJe vois des gens qui sont morts\u2026\u00bb murmureront peut-\u00eatre quelques repr\u00e9sentants et militants syndicaux en voyant Fran\u00e7ois Bayrou s\u2019avancer \u00e0 la tribune, en d\u00e9but d\u2019apr\u00e8s-midi, pour une prise de parole cal\u00e9e depuis le d\u00e9but du mois d\u2019ao\u00fbt, \u00e0 l\u2019invitation du premier syndicat de France. Car en annon\u00e7ant lundi qu\u2019il allait engager la responsabilit\u00e9 de son gouvernement devant l\u2019Assembl\u00e9e nationale le 8 septembre, le Premier ministre a possiblement choisi tout seul la date \u00e0 laquelle il quittera Matignon, l\u2019ensemble des partis de gauche et le Rassemblement national <a href=\"https:\/\/www.liberation.fr\/politique\/en-direct-budget-10-septembre-censure-suivez-la-conference-de-presse-de-rentree-de-francois-bayrou-20250825_62PB4VA3GFAGDLYWJPRAHFKX5M\/\" target=\"_blank\" rel=\"noreferrer nofollow noopener\" title=\"https:\/\/www.liberation.fr\/politique\/en-direct-budget-10-septembre-censure-suivez-la-conference-de-presse-de-rentree-de-francois-bayrou-20250825_62PB4VA3GFAGDLYWJPRAHFKX5M\/\">ayant d\u00e9j\u00e0 annonc\u00e9 qu\u2019ils ne lui accorderaient pas leur confiance<\/a>. Aussi, si l\u2019id\u00e9e du Premier ministre ce mardi \u00e9tait de rallier la CFDT \u00e0 sa cause budg\u00e9taire, sa prise de parole pourrait au final tourner \u00e0 vide, son sort apparaissant d\u00e9sormais scell\u00e9.<\/p>\n<p class=\"sc-ksZaOG ehjQrN text-element\">Sur le fond, la CGT refuse de se laisser perturber par l\u2019annonce. \u00abNotre question n\u2019est pas une question de casting,<\/p>\n","protected":false},"excerpt":{"rendered":"Effet Sixi\u00e8me Sens \u00e0 la CFDT ce mardi 26 ao\u00fbt \u00e0 Boissy-la-Rivi\u00e8re (Essonne), o\u00f9 le syndicat organise un&hellip;\n","protected":false},"author":2,"featured_media":343677,"comment_status":"","ping_status":"","sticky":false,"template":"","format":"standard","meta":{"footnotes":""},"categories":[4],"tags":[11,1270,1011,27,418,12,25,9413],"class_list":{"0":"post-343676","1":"post","2":"type-post","3":"status-publish","4":"format-standard","5":"has-post-thumbnail","7":"category-france","8":"tag-actualites","9":"tag-cfdt","10":"tag-fr","11":"tag-france","12":"tag-gouvernement","13":"tag-news","14":"tag-republique-francaise","15":"tag-syndicalisme"},"share_on_mastodon":{"url":"https:\/\/pubeurope.com\/@fr\/115091401877498058","error":""},"_links":{"self":[{"href":"https:\/\/www.europesays.com\/fr\/wp-json\/wp\/v2\/posts\/343676","targetHints":{"allow":["GET"]}}],"collection":[{"href":"https:\/\/www.europesays.com\/fr\/wp-json\/wp\/v2\/posts"}],"about":[{"href":"https:\/\/www.europesays.com\/fr\/wp-json\/wp\/v2\/types\/post"}],"author":[{"embeddable":true,"href":"https:\/\/www.europesays.com\/fr\/wp-json\/wp\/v2\/users\/2"}],"replies":[{"embeddable":true,"href":"https:\/\/www.europesays.com\/fr\/wp-json\/wp\/v2\/comments?post=343676"}],"version-history":[{"count":0,"href":"https:\/\/www.europesays.com\/fr\/wp-json\/wp\/v2\/posts\/343676\/revisions"}],"wp:featuredmedia":[{"embeddable":true,"href":"https:\/\/www.europesays.com\/fr\/wp-json\/wp\/v2\/media\/343677"}],"wp:attachment":[{"href":"https:\/\/www.europesays.com\/fr\/wp-json\/wp\/v2\/media?parent=343676"}],"wp:term":[{"taxonomy":"category","embeddable":true,"href":"https:\/\/www.europesays.com\/fr\/wp-json\/wp\/v2\/categories?post=343676"},{"taxonomy":"post_tag","embeddable":true,"href":"https:\/\/www.europesays.com\/fr\/wp-json\/wp\/v2\/tags?post=343676"}],"curies":[{"name":"wp","href":"https:\/\/api.w.org\/{rel}","templated":true}]}}