{"id":343679,"date":"2025-08-25T20:57:20","date_gmt":"2025-08-25T20:57:20","guid":{"rendered":"https:\/\/www.europesays.com\/fr\/343679\/"},"modified":"2025-08-25T20:57:20","modified_gmt":"2025-08-25T20:57:20","slug":"saint-etienne-interpelle-apres-avoir-force-la-porte-dun-garage-et-vole-de-loutillage","status":"publish","type":"post","link":"https:\/\/www.europesays.com\/fr\/343679\/","title":{"rendered":"Saint-\u00c9tienne. Interpell\u00e9 apr\u00e8s avoir forc\u00e9 la porte d\u2019un garage et vol\u00e9 de l\u2019outillage"},"content":{"rendered":"<p>Le samedi 23\u00a0ao\u00fbt, peu apr\u00e8s minuit, les services de la Brigade anticriminalit\u00e9 (BAC) sont sollicit\u00e9s par des habitants du quartier de la Dame-Blanche \u00e0 Saint-\u00c9tienne. Le man\u00e8ge de plusieurs individus aux abords d\u2019un garage les intrigue tout particuli\u00e8rement.<\/p>\n<p>En quelques minutes, les policiers se rendent sur les lieux et tombent litt\u00e9ralement sur une voiture dont le conducteur, \u00e2g\u00e9 de 37 ans et originaire de Saint-\u00c9tienne, d\u00e9cide de prendre la fuite quand il aper\u00e7oit la voiture de la BAC. Mais les fonctionnaires parviennent rapidement \u00e0 le rattraper avant de proc\u00e9der au contr\u00f4le du conducteur et de la jeune femme qui se trouve sur le si\u00e8ge passager avant.<\/p>\n<p>  Contr\u00f4l\u00e9 \u00e0 1,40 gramme d\u2019alcool par litre de sang<\/p>\n<p>Mais l\u2019attention des forces de l\u2019ordre est surtout attir\u00e9e par la banquette arri\u00e8re rabaiss\u00e9e, qui laisse appara\u00eetre le butin de ce qui va s\u2019apparenter \u00e0 un vol. Les policiers d\u00e9couvrent ainsi divers outillages, dont des tournevis, des cl\u00e9s et notamment un cric hydraulique.<\/p>\n<p>Ces derniers font rapidement le lien avec des objets qui venaient d\u2019\u00eatre d\u00e9rob\u00e9s dans un garage dont la porte a \u00e9t\u00e9 forc\u00e9e.<\/p>\n<p>Le duo a \u00e9t\u00e9 interpell\u00e9 et plac\u00e9 en garde \u00e0 vue. \u00c0 l\u2019issue, la jeune femme a \u00e9t\u00e9 mise hors de cause. Le trentenaire, quant \u00e0 lui, s\u2019est vu signifier une convocation devant le tribunal correctionnel de Saint-\u00c9tienne. Le contr\u00f4le d\u2019alcool\u00e9mie a r\u00e9v\u00e9l\u00e9, qu\u2019au moment des faits, il avait 1,40 gramme d\u2019alcool dans le sang.<\/p>\n","protected":false},"excerpt":{"rendered":"Le samedi 23\u00a0ao\u00fbt, peu apr\u00e8s minuit, les services de la Brigade anticriminalit\u00e9 (BAC) sont sollicit\u00e9s par des habitants&hellip;\n","protected":false},"author":2,"featured_media":343680,"comment_status":"","ping_status":"","sticky":false,"template":"","format":"standard","meta":{"footnotes":""},"categories":[9653],"tags":[1111,11,2430,271,272,7539,1777,674,274,1011,27,3367,12,25,4001,7538,104],"class_list":{"0":"post-343679","1":"post","2":"type-post","3":"status-publish","4":"format-standard","5":"has-post-thumbnail","7":"category-saint-etienne","8":"tag-actu","9":"tag-actualites","10":"tag-auvergne-rhone-alpes","11":"tag-crime","12":"tag-delit-et-contravention","13":"tag-edition-loire-sud","14":"tag-eu","15":"tag-europe","16":"tag-faits-divers-justice","17":"tag-fr","18":"tag-france","19":"tag-loire","20":"tag-news","21":"tag-republique-francaise","22":"tag-saint-etienne","23":"tag-saint-etienne-ville","24":"tag-societe"},"share_on_mastodon":{"url":"https:\/\/pubeurope.com\/@fr\/115091409675894991","error":""},"_links":{"self":[{"href":"https:\/\/www.europesays.com\/fr\/wp-json\/wp\/v2\/posts\/343679","targetHints":{"allow":["GET"]}}],"collection":[{"href":"https:\/\/www.europesays.com\/fr\/wp-json\/wp\/v2\/posts"}],"about":[{"href":"https:\/\/www.europesays.com\/fr\/wp-json\/wp\/v2\/types\/post"}],"author":[{"embeddable":true,"href":"https:\/\/www.europesays.com\/fr\/wp-json\/wp\/v2\/users\/2"}],"replies":[{"embeddable":true,"href":"https:\/\/www.europesays.com\/fr\/wp-json\/wp\/v2\/comments?post=343679"}],"version-history":[{"count":0,"href":"https:\/\/www.europesays.com\/fr\/wp-json\/wp\/v2\/posts\/343679\/revisions"}],"wp:featuredmedia":[{"embeddable":true,"href":"https:\/\/www.europesays.com\/fr\/wp-json\/wp\/v2\/media\/343680"}],"wp:attachment":[{"href":"https:\/\/www.europesays.com\/fr\/wp-json\/wp\/v2\/media?parent=343679"}],"wp:term":[{"taxonomy":"category","embeddable":true,"href":"https:\/\/www.europesays.com\/fr\/wp-json\/wp\/v2\/categories?post=343679"},{"taxonomy":"post_tag","embeddable":true,"href":"https:\/\/www.europesays.com\/fr\/wp-json\/wp\/v2\/tags?post=343679"}],"curies":[{"name":"wp","href":"https:\/\/api.w.org\/{rel}","templated":true}]}}